{"id":107033,"date":"2026-04-30T12:32:00","date_gmt":"2026-04-30T10:32:00","guid":{"rendered":"https:\/\/icac.cat\/?p=107033"},"modified":"2026-04-30T12:33:29","modified_gmt":"2026-04-30T10:33:29","slug":"inscripcio-oberta-a-la-viii-edicio-del-curs-darqueologia-visigoda-a-valencia-a-vella","status":"publish","type":"post","link":"https:\/\/icac.cat\/en\/actualitat\/noticies\/2026\/inscripcio-oberta-a-la-viii-edicio-del-curs-darqueologia-visigoda-a-valencia-a-vella\/","title":{"rendered":"Inscripci\u00f3 oberta a la VIII edici\u00f3 del curs d&#8217;Arqueologia Visigoda a Val\u00e8ncia a Vella"},"content":{"rendered":"<p>S\u2019ha obert el termini d\u2019inscripci\u00f3 a la <strong>VIII edici\u00f3 del Curs pr\u00e0ctic d\u2019arqueologia cristiana i visigoda<\/strong>, que organitza l\u2019ICAC amb l\u2019Ajuntament de Riba-roja de T\u00faria.<\/p>\n<div>El curs tindr\u00e0 lloc <strong>del 29 de juny al 17 de juliol<\/strong> al jaciment de Val\u00e8ncia la Vella (Riba-roja de T\u00faria, Val\u00e8ncia) i s\u2019adre\u00e7a principalment a estudiants de grau o m\u00e0ster d&#8217;hist\u00f2ria, arqueologia o afins.<\/div>\n<div><\/div>\n<div>\n<div class=\"highlight-block\">\n<p style=\"text-align: center;\">El curs alternar\u00e0 tasques d&#8217;excavaci\u00f3, prospecci\u00f3, classificaci\u00f3 de materials, tallers, confer\u00e8ncies i visites a jaciments tardoantics de la zona.<\/p>\n<\/div>\n<\/div>\n<h5><strong>Informaci\u00f3 pr\u00e0ctica:<\/strong><\/h5>\n<ul>\n<li><strong>Nombre de places:<\/strong> 12 estudiants d\u2019arqueologia, hist\u00f2ria o similars (grau o postgrau). Hi ha cinc places reservades per a estudiants de la Universitat de Val\u00e8ncia.<\/li>\n<li><strong>Termini d\u2019inscripci\u00f3:<\/strong> fins el 20 de maig de 2026.<\/li>\n<li><strong>Quota d\u2019inscripci\u00f3:<\/strong> 100 \u20ac (inclou asseguran\u00e7a, allotjament complet. Manutenci\u00f3 coberta durant els dies de treball.<\/li>\n<li><strong>Material:<\/strong> cada estudiant ha de dur botes de seguretat, guants i mesures de protecci\u00f3 solar, antimosquits i roba de llit.<\/li>\n<\/ul>\n<p>&nbsp;<\/p>\n<div class=\"highlight-block\">\n<p style=\"text-align: center;\">Descarrega el <a href=\"https:\/\/icac.cat\/wp-content\/uploads\/2026\/04\/Diptic-cat_2026-1.pdf\">d\u00edptic en pdf<\/a><\/p>\n<p style=\"text-align: center;\">Consulta el <a href=\"https:\/\/icac.cat\/wp-content\/uploads\/2026\/04\/Programa-VLV-2026Cat-5.pdf\">programa provisional<\/a><\/p>\n<p style=\"text-align: center;\">Inscriu-t&#8217;hi <a href=\"https:\/\/icac.cat\/wp-content\/uploads\/2026\/04\/fitxa-inscripcio-curs-Riba-Roja_cat11-1.docx\">aqu\u00ed<\/a>!<\/p>\n<\/div>\n<h5><span style=\"color: #d95016;\"><strong>El jaciment de Val\u00e8ncia \u00abla Vella\u00bb:<\/strong><\/span><\/h5>\n<p><a href=\"https:\/\/www.comunitatvalenciana.com\/es\/valencia\/riba-roja-de-turia\/monumentos\/yacimiento-visigodo-valencia-la-vella\" target=\"_blank\" rel=\"noopener\">Val\u00e8ncia \u00abla Vella\u00bb<\/a> \u00e9s un jaciment d\u2019\u00e8poca visigoda del municipi de <strong>Riba-roja de T\u00faria<\/strong> situat a uns 16 km de la ciutat de Val\u00e8ncia. \u00c9s un enclavament emmurallat situat dalt d\u2019un tur\u00f3 en una ubicaci\u00f3 espectacular sobre el riu T\u00faria, a uns 2 km del palau de Pla de Nadal i dins del Parc Natural del riu T\u00faria.<\/p>\n<p>Des de 2016, l\u2019<a href=\"http:\/\/www.ribarroja.es\/portal.portal.action\" target=\"_blank\" rel=\"noopener\">Ajuntament de Riba-roja de T\u00faria<\/a> (Camp de T\u00faria, Val\u00e8ncia) hi promou un projecte de recerca arqueol\u00f2gica i de conservaci\u00f3 i difusi\u00f3 patrimonial desenvolupat per l\u2019<strong>Institut Catal\u00e0 d\u2019Arqueologia Cl\u00e0ssica<\/strong> (sota la direcci\u00f3 de l&#8217;investigador <a href=\"https:\/\/icac.cat\/qui-som\/personal\/jmmacias\/\" target=\"_blank\" rel=\"noopener\">Josep Maria Macias<\/a>) i que compta tamb\u00e9 amb el suport de la <a href=\"https:\/\/www.dival.es\/es\" target=\"_blank\" rel=\"noopener\">Diputaci\u00f3 de Val\u00e8ncia<\/a> i de la <a href=\"https:\/\/www.gva.es\/va\/inicio\/presentacion\" target=\"_blank\" rel=\"noopener\">Generalitat Valenciana<\/a>.<\/p>\n<div class=\"destacat-entrevista dreta\">\n<div class=\"small-text\">\n<p>Val\u00e8ncia \u00abla Vella\u00bb \u00e9s\u00a0 una fundaci\u00f3 <em>ex novo<\/em> que destaca per unes muralles que voregen un tur\u00f3 fluvial de 20\/40 m d\u2019al\u00e7ada i que es troben\u00a0 refor\u00e7ades per nombroses torres.<\/p>\n<\/div>\n<\/div>\n<p>El jaciment es coneix des del segle XIV i, en part pel seu nom, s\u2019havia associat a un assentament prerom\u00e0 i rom\u00e0: <em>Pallantia<\/em>. Unes excavacions dels anys setanta del segle passat, motivades per una destrucci\u00f3 parcial del jaciment, demostraren una cronologia tardoantiga.<\/p>\n<p>Durant d\u00e8cades, Val\u00e8ncia \u00abla Vella\u00bb es va quedar allunyada de tot inter\u00e8s cient\u00edfic. Avui dia \u00e9s encara una ciutat desconeguda i sense nom. \u00c9s un jaciment arqueol\u00f2gic per descobrir, tot i que <strong>les excavacions constaten fermament la seva v\u00e0lua i potencialitat cultural i rellev\u00e0ncia hist\u00f2rica<\/strong>. Es tracta d&#8217;una ciutat visigoda aixecada \u00absobtadament\u00bb a 16 km de <em>Valentia<\/em>, durant la segona meitat del segle VI i dominant la via fluvial del riu T\u00faria.<\/p>\n","protected":false},"excerpt":{"rendered":"<p>S\u2019ha obert el termini d\u2019inscripci\u00f3 a la VIII edici\u00f3 del Curs pr\u00e0ctic d\u2019arqueologia cristiana i visigoda, que organitza l\u2019ICAC amb l\u2019Ajuntament de Riba-roja de T\u00faria. El curs tindr\u00e0 lloc del 29 de juny al 17 de juliol al jaciment de Val\u00e8ncia la Vella (Riba-roja de T\u00faria, Val\u00e8ncia) i s\u2019adre\u00e7a principalment a estudiants de grau o [&hellip;]<\/p>\n","protected":false},"author":231,"featured_media":107035,"comment_status":"closed","ping_status":"closed","sticky":false,"template":"","format":"standard","meta":{"_genesis_hide_title":false,"_genesis_hide_breadcrumbs":false,"_genesis_hide_singular_image":false,"_genesis_hide_footer_widgets":false,"_genesis_custom_body_class":"","_genesis_custom_post_class":"","_genesis_layout":""},"categories":[183,182],"tags":[],"_links":{"self":[{"href":"https:\/\/icac.cat\/en\/wp-json\/wp\/v2\/posts\/107033"}],"collection":[{"href":"https:\/\/icac.cat\/en\/wp-json\/wp\/v2\/posts"}],"about":[{"href":"https:\/\/icac.cat\/en\/wp-json\/wp\/v2\/types\/post"}],"author":[{"embeddable":true,"href":"https:\/\/icac.cat\/en\/wp-json\/wp\/v2\/users\/231"}],"replies":[{"embeddable":true,"href":"https:\/\/icac.cat\/en\/wp-json\/wp\/v2\/comments?post=107033"}],"version-history":[{"count":5,"href":"https:\/\/icac.cat\/en\/wp-json\/wp\/v2\/posts\/107033\/revisions"}],"predecessor-version":[{"id":107079,"href":"https:\/\/icac.cat\/en\/wp-json\/wp\/v2\/posts\/107033\/revisions\/107079"}],"wp:featuredmedia":[{"embeddable":true,"href":"https:\/\/icac.cat\/en\/wp-json\/wp\/v2\/media\/107035"}],"wp:attachment":[{"href":"https:\/\/icac.cat\/en\/wp-json\/wp\/v2\/media?parent=107033"}],"wp:term":[{"taxonomy":"category","embeddable":true,"href":"https:\/\/icac.cat\/en\/wp-json\/wp\/v2\/categories?post=107033"},{"taxonomy":"post_tag","embeddable":true,"href":"https:\/\/icac.cat\/en\/wp-json\/wp\/v2\/tags?post=107033"}],"curies":[{"name":"wp","href":"https:\/\/api.w.org\/{rel}","templated":true}]}}