{"id":108935,"date":"2026-08-31T15:02:25","date_gmt":"2026-08-31T13:02:25","guid":{"rendered":"https:\/\/icac.cat\/?p=108935"},"modified":"2026-08-31T16:48:09","modified_gmt":"2026-08-31T14:48:09","slug":"el-govern-destina-636-milions-deuros-a-la-nova-seu-de-licac-a-la-tabacalera-de-tarragona","status":"publish","type":"post","link":"https:\/\/icac.cat\/en\/actualitat\/noticies\/2026\/el-govern-destina-636-milions-deuros-a-la-nova-seu-de-licac-a-la-tabacalera-de-tarragona\/","title":{"rendered":"El Govern destina 6,36 milions d\u2019euros a la nova seu de l\u2019ICAC a la Tabacalera de Tarragona"},"content":{"rendered":"<h5>El Magatzem 6 es convertir\u00e0 en un nou centre de recerca de 3.122 m\u00b2 que permetr\u00e0 ampliar els espais de recerca, formaci\u00f3 i transfer\u00e8ncia de coneixement<\/h5>\n<p>El Govern de la Generalitat aprovar\u00e0 dem\u00e0 una inversi\u00f3 de<strong> 6,36 milions d\u2019euros<\/strong> per rehabilitar el <strong>Magatzem 6 (M6) del complex de la Tabacalera<\/strong> de Tarragona, que es convertir\u00e0 en la futura seu de <strong>l\u2019Institut Catal\u00e0 d\u2019Arqueologia Cl\u00e0ssica (ICAC)<\/strong>. El projecte permetr\u00e0 ampliar les instal\u00b7lacions de l\u2019Institut dels 1.308 m\u00b2 actuals als <strong>3.122 m\u00b2<\/strong> del nou equipament, distribu\u00efts en quatre plantes.<\/p>\n<p>&nbsp;<\/p>\n<p>Les noves instal\u00b7lacions donaran resposta al creixement de l\u2019ICAC des de la seva creaci\u00f3, l\u2019any 2003, i permetran disposar de nous laboratoris, espais de treball, aules, magatzems i equipaments per refor\u00e7ar l\u2019activitat cient\u00edfica i la formaci\u00f3 avan\u00e7ada. Tamb\u00e9 es preveu potenciar els espais destinats a la divulgaci\u00f3 i la transfer\u00e8ncia de coneixement.<\/p>\n<div class=\"destacat-entrevista dreta\">\n<p>\u201cCrearem una infraestructura cient\u00edfica d&#8217;excel\u00b7l\u00e8ncia que ens ajudar\u00e0 a atreure i retenir talent investigador.\u201d<\/p>\n<\/div>\n<p>L\u2019anunci s\u2019ha fet aquest dilluns en un acte a Tarragona on ha assitit la consellera de Recerca i Universitats de la Generalitat de Catalunya<b>, <\/b><b>N\u00faria Montserrat Pulido<\/b><span class=\"Apple-converted-space\"> i diferents<\/span> representants de l\u2019Ajuntament de Tarragona, la Universitat Rovira i Virgili i l\u2019ICAC. Durant la seva intervenci\u00f3, el director de l\u2019ICAC, <a href=\"https:\/\/icac.cat\/qui-som\/personal\/jpalet\/\">Josep Maria Palet<\/a>, ha destacat que la nova infraestructura permetr\u00e0 fer cr\u00e9ixer <strong>les tres grans l\u00ednies d\u2019activitat de l\u2019Institut: la recerca d\u2019excel\u00b7l\u00e8ncia amb projecci\u00f3 internacional, la formaci\u00f3 avan\u00e7ada i la transfer\u00e8ncia de coneixement<\/strong>. Els nous espais facilitaran l\u2019expansi\u00f3 dels grups de recerca, l\u2019ampliaci\u00f3 dels laboratoris i la captaci\u00f3 i retenci\u00f3 de talent investigador.<\/p>\n<p>La planta baixa incorporar\u00e0 espais espec\u00edficament concebuts per a activitats de divulgaci\u00f3 cient\u00edfica i transfer\u00e8ncia social, refor\u00e7ant el comprom\u00eds de l\u2019ICAC amb l\u2019acc\u00e9s obert al coneixement i el retorn de la recerca a la societat.<\/p>\n<p>El nou equipament refor\u00e7ar\u00e0 tamb\u00e9 la vinculaci\u00f3 de l\u2019ICAC amb el patrimoni arqueol\u00f2gic de Tarragona. El M6 se situa al costat de la futura <strong>Necr\u00f2polis Paleocristiana<\/strong>, fet que permetr\u00e0 generar noves sinergies entre recerca, patrimoni i cultura. Alhora, la implantaci\u00f3 de l\u2019Institut contribuir\u00e0 a consolidar la Tabacalera com un nou pol cultural, cient\u00edfic i de coneixement de la ciutat.<\/p>\n<p><strong>Un nou espai per cr\u00e9ixer<\/strong><\/p>\n<p>La rehabilitaci\u00f3 del M6 anir\u00e0 a c\u00e0rrec de<strong> BAMMP Arquitectes<\/strong>, estudi especialitzat en la rehabilitaci\u00f3 del patrimoni industrial. La previsi\u00f3 \u00e9s licitar i adjudicar les obres entre l\u2019octubre de 2026 i el febrer de 2027, i executar-les principalment entre el juny de 2027 i el juliol de 2029. <strong>El trasllat de l\u2019Institut est\u00e0 previst per a finals de 2029.<\/strong><\/p>\n<p>L\u2019actuaci\u00f3 dona continu\u00eftat al projecte iniciat el 2025, quan el Departament de Recerca i Universitats va aportar 300.000 euros per a la redacci\u00f3 del projecte executiu. L\u2019Ajuntament de Tarragona va formalitzar aquell mateix any la cessi\u00f3 demanial del Magatzem 6 per un per\u00edode de 50 anys.<\/p>\n<p>La nova seu suposar\u00e0 un <strong>salt endavant per a l\u2019ICAC<\/strong>, amb unes instal\u00b7lacions preparades per acompanyar el creixement de l\u2019Institut, impulsar noves l\u00ednies de recerca i refor\u00e7ar el seu paper com a centre de refer\u00e8ncia internacional en arqueologia cl\u00e0ssica durant les pr\u00f2ximes d\u00e8cades.<\/p>\n<p><img loading=\"lazy\" decoding=\"async\" class=\"alignnone size-medium wp-image-108953\" src=\"https:\/\/icac.cat\/wp-content\/uploads\/2026\/08\/WhatsApp-Image-2026-08-31-at-14.56.08-400x300.jpeg\" alt=\"\" width=\"400\" height=\"300\" srcset=\"https:\/\/icac.cat\/wp-content\/uploads\/2026\/08\/WhatsApp-Image-2026-08-31-at-14.56.08-400x300.jpeg 400w, https:\/\/icac.cat\/wp-content\/uploads\/2026\/08\/WhatsApp-Image-2026-08-31-at-14.56.08-1024x768.jpeg 1024w, https:\/\/icac.cat\/wp-content\/uploads\/2026\/08\/WhatsApp-Image-2026-08-31-at-14.56.08-768x576.jpeg 768w, https:\/\/icac.cat\/wp-content\/uploads\/2026\/08\/WhatsApp-Image-2026-08-31-at-14.56.08-1536x1152.jpeg 1536w, https:\/\/icac.cat\/wp-content\/uploads\/2026\/08\/WhatsApp-Image-2026-08-31-at-14.56.08-2048x1536.jpeg 2048w\" sizes=\"(max-width: 400px) 100vw, 400px\" \/> <img loading=\"lazy\" decoding=\"async\" class=\"alignnone size-medium wp-image-108950\" src=\"https:\/\/icac.cat\/wp-content\/uploads\/2026\/08\/WhatsApp-Image-2026-08-31-at-14.56.04-400x300.jpeg\" alt=\"\" width=\"400\" height=\"300\" srcset=\"https:\/\/icac.cat\/wp-content\/uploads\/2026\/08\/WhatsApp-Image-2026-08-31-at-14.56.04-400x300.jpeg 400w, https:\/\/icac.cat\/wp-content\/uploads\/2026\/08\/WhatsApp-Image-2026-08-31-at-14.56.04-1024x768.jpeg 1024w, https:\/\/icac.cat\/wp-content\/uploads\/2026\/08\/WhatsApp-Image-2026-08-31-at-14.56.04-768x576.jpeg 768w, https:\/\/icac.cat\/wp-content\/uploads\/2026\/08\/WhatsApp-Image-2026-08-31-at-14.56.04-1536x1152.jpeg 1536w, https:\/\/icac.cat\/wp-content\/uploads\/2026\/08\/WhatsApp-Image-2026-08-31-at-14.56.04-2048x1536.jpeg 2048w\" sizes=\"(max-width: 400px) 100vw, 400px\" \/>\u00a0<img loading=\"lazy\" decoding=\"async\" class=\"alignnone size-medium wp-image-108947\" src=\"https:\/\/icac.cat\/wp-content\/uploads\/2026\/08\/WhatsApp-Image-2026-08-31-at-14.55.52-400x300.jpeg\" alt=\"\" width=\"400\" height=\"300\" srcset=\"https:\/\/icac.cat\/wp-content\/uploads\/2026\/08\/WhatsApp-Image-2026-08-31-at-14.55.52-400x300.jpeg 400w, https:\/\/icac.cat\/wp-content\/uploads\/2026\/08\/WhatsApp-Image-2026-08-31-at-14.55.52-1024x768.jpeg 1024w, https:\/\/icac.cat\/wp-content\/uploads\/2026\/08\/WhatsApp-Image-2026-08-31-at-14.55.52-768x576.jpeg 768w, https:\/\/icac.cat\/wp-content\/uploads\/2026\/08\/WhatsApp-Image-2026-08-31-at-14.55.52-1536x1152.jpeg 1536w, https:\/\/icac.cat\/wp-content\/uploads\/2026\/08\/WhatsApp-Image-2026-08-31-at-14.55.52-2048x1536.jpeg 2048w\" sizes=\"(max-width: 400px) 100vw, 400px\" \/><img loading=\"lazy\" decoding=\"async\" class=\"alignnone size-medium wp-image-108962\" src=\"https:\/\/icac.cat\/wp-content\/uploads\/2026\/08\/WhatsApp-Image-2026-08-31-at-14.56.13-2-400x533.jpeg\" alt=\"\" width=\"400\" height=\"533\" srcset=\"https:\/\/icac.cat\/wp-content\/uploads\/2026\/08\/WhatsApp-Image-2026-08-31-at-14.56.13-2-400x533.jpeg 400w, https:\/\/icac.cat\/wp-content\/uploads\/2026\/08\/WhatsApp-Image-2026-08-31-at-14.56.13-2-768x1024.jpeg 768w, https:\/\/icac.cat\/wp-content\/uploads\/2026\/08\/WhatsApp-Image-2026-08-31-at-14.56.13-2-1152x1536.jpeg 1152w, https:\/\/icac.cat\/wp-content\/uploads\/2026\/08\/WhatsApp-Image-2026-08-31-at-14.56.13-2-1536x2048.jpeg 1536w, https:\/\/icac.cat\/wp-content\/uploads\/2026\/08\/WhatsApp-Image-2026-08-31-at-14.56.13-2-scaled.jpeg 1920w\" sizes=\"(max-width: 400px) 100vw, 400px\" \/><img loading=\"lazy\" decoding=\"async\" class=\"alignnone size-medium wp-image-108944\" src=\"https:\/\/icac.cat\/wp-content\/uploads\/2026\/08\/WhatsApp-Image-2026-08-31-at-14.56.14-400x533.jpeg\" alt=\"\" width=\"400\" height=\"533\" srcset=\"https:\/\/icac.cat\/wp-content\/uploads\/2026\/08\/WhatsApp-Image-2026-08-31-at-14.56.14-400x533.jpeg 400w, https:\/\/icac.cat\/wp-content\/uploads\/2026\/08\/WhatsApp-Image-2026-08-31-at-14.56.14-768x1024.jpeg 768w, https:\/\/icac.cat\/wp-content\/uploads\/2026\/08\/WhatsApp-Image-2026-08-31-at-14.56.14-1152x1536.jpeg 1152w, https:\/\/icac.cat\/wp-content\/uploads\/2026\/08\/WhatsApp-Image-2026-08-31-at-14.56.14-1536x2048.jpeg 1536w, https:\/\/icac.cat\/wp-content\/uploads\/2026\/08\/WhatsApp-Image-2026-08-31-at-14.56.14-scaled.jpeg 1920w\" sizes=\"(max-width: 400px) 100vw, 400px\" \/> <img loading=\"lazy\" decoding=\"async\" class=\"alignnone size-medium wp-image-108941\" src=\"https:\/\/icac.cat\/wp-content\/uploads\/2026\/08\/WhatsApp-Image-2026-08-31-at-14.56.14-1-400x533.jpeg\" alt=\"\" width=\"400\" height=\"533\" srcset=\"https:\/\/icac.cat\/wp-content\/uploads\/2026\/08\/WhatsApp-Image-2026-08-31-at-14.56.14-1-400x533.jpeg 400w, https:\/\/icac.cat\/wp-content\/uploads\/2026\/08\/WhatsApp-Image-2026-08-31-at-14.56.14-1-768x1024.jpeg 768w, https:\/\/icac.cat\/wp-content\/uploads\/2026\/08\/WhatsApp-Image-2026-08-31-at-14.56.14-1-1152x1536.jpeg 1152w, https:\/\/icac.cat\/wp-content\/uploads\/2026\/08\/WhatsApp-Image-2026-08-31-at-14.56.14-1-1536x2048.jpeg 1536w, https:\/\/icac.cat\/wp-content\/uploads\/2026\/08\/WhatsApp-Image-2026-08-31-at-14.56.14-1-scaled.jpeg 1920w\" sizes=\"(max-width: 400px) 100vw, 400px\" \/><\/p>\n","protected":false},"excerpt":{"rendered":"<p>El Magatzem 6 es convertir\u00e0 en un nou centre de recerca de 3.122 m\u00b2 que permetr\u00e0 ampliar els espais de recerca, formaci\u00f3 i transfer\u00e8ncia de coneixement El Govern de la Generalitat aprovar\u00e0 dem\u00e0 una inversi\u00f3 de 6,36 milions d\u2019euros per rehabilitar el Magatzem 6 (M6) del complex de la Tabacalera de Tarragona, que es convertir\u00e0 [&hellip;]<\/p>\n","protected":false},"author":253,"featured_media":108938,"comment_status":"closed","ping_status":"closed","sticky":false,"template":"","format":"standard","meta":{"_acf_changed":false,"_genesis_hide_title":false,"_genesis_hide_breadcrumbs":false,"_genesis_hide_singular_image":false,"_genesis_hide_footer_widgets":false,"_genesis_custom_body_class":"","_genesis_custom_post_class":"","_genesis_layout":"","footnotes":"","_members_access_role":[],"_members_access_error":""},"categories":[1],"tags":[],"acf":[],"_links":{"self":[{"href":"https:\/\/icac.cat\/en\/wp-json\/wp\/v2\/posts\/108935"}],"collection":[{"href":"https:\/\/icac.cat\/en\/wp-json\/wp\/v2\/posts"}],"about":[{"href":"https:\/\/icac.cat\/en\/wp-json\/wp\/v2\/types\/post"}],"author":[{"embeddable":true,"href":"https:\/\/icac.cat\/en\/wp-json\/wp\/v2\/users\/253"}],"replies":[{"embeddable":true,"href":"https:\/\/icac.cat\/en\/wp-json\/wp\/v2\/comments?post=108935"}],"version-history":[{"count":5,"href":"https:\/\/icac.cat\/en\/wp-json\/wp\/v2\/posts\/108935\/revisions"}],"predecessor-version":[{"id":108968,"href":"https:\/\/icac.cat\/en\/wp-json\/wp\/v2\/posts\/108935\/revisions\/108968"}],"wp:featuredmedia":[{"embeddable":true,"href":"https:\/\/icac.cat\/en\/wp-json\/wp\/v2\/media\/108938"}],"wp:attachment":[{"href":"https:\/\/icac.cat\/en\/wp-json\/wp\/v2\/media?parent=108935"}],"wp:term":[{"taxonomy":"category","embeddable":true,"href":"https:\/\/icac.cat\/en\/wp-json\/wp\/v2\/categories?post=108935"},{"taxonomy":"post_tag","embeddable":true,"href":"https:\/\/icac.cat\/en\/wp-json\/wp\/v2\/tags?post=108935"}],"curies":[{"name":"wp","href":"https:\/\/api.w.org\/{rel}","templated":true}]}}