{"id":108985,"date":"2026-09-02T12:44:29","date_gmt":"2026-09-02T10:44:29","guid":{"rendered":"https:\/\/icac.cat\/?p=108985"},"modified":"2026-09-02T12:44:29","modified_gmt":"2026-09-02T10:44:29","slug":"els-marbres-de-cocciano-objecte-duna-nova-collaboracio-cientifica-entre-licac-i-la-soprintendenza-de-roma","status":"publish","type":"post","link":"https:\/\/icac.cat\/en\/actualitat\/noticies\/2026\/els-marbres-de-cocciano-objecte-duna-nova-collaboracio-cientifica-entre-licac-i-la-soprintendenza-de-roma\/","title":{"rendered":"Els marbres de Cocciano, objecte d\u2019una nova col\u00b7laboraci\u00f3 cient\u00edfica entre l\u2019ICAC i la Soprintendenza de Roma"},"content":{"rendered":"<h5>Una primera campanya d\u2019estudi al Museo Tuscolano de Frascati ha iniciat l\u2019an\u00e0lisi sistem\u00e0tica dels marbres recuperats a la vil\u00b7la romana de Cocciano i obre noves vies de recerca sobre la decoraci\u00f3 marm\u00f2ria i les xarxes d\u2019aprovisionament d\u2019una resid\u00e8ncia vinculada a les elits imperials<\/h5>\n<p>Del 27 al 31 de juliol de 2026, <a href=\"https:\/\/icac.cat\/qui-som\/personal\/sperna\/\">Simona Perna<\/a>, investigadora col\u00b7laboradora del projecte ALMA de l\u2019equip ArPA-LiRA de l\u2019Institut Catal\u00e0 d\u2019Arqueologia Cl\u00e0ssica (ICAC) i professora d\u2019Art Cl\u00e0ssic al Departament d\u2019Art i Musicologia de la Universitat Aut\u00f2noma de Barcelona, va coordinar a Frascati una primera campanya d\u2019estudi dels marbres procedents del complex residencial rom\u00e0 de Cocciano. Els treballs es van desenvolupar principalment al <strong>Museo Tuscolano \u2013 Scuderie Aldobrandini<\/strong>, on es conserven els materials recuperats durant les excavacions recents.<\/p>\n<p>La recerca s\u2019emmarca en el projecte <strong>The Allure of Marble. Materials, Production, Agents and Meaning of Marble in the Roman West<\/strong> (ALMA, PID2024-156478NB-I00), dirigit per <a href=\"https:\/\/icac.cat\/qui-som\/personal\/agutierrez\/\">Anna Guti\u00e9rrez Garcia-M.<\/a> (ICAC), i forma part del conveni de col\u00b7laboraci\u00f3 cient\u00edfica entre el grup ArPA de l\u2019ICAC i la <strong>Soprintendenza Archeologia, Belle Arti e Paesaggio per l\u2019area metropolitana di Roma e per la provincia di Rieti<\/strong>. Els referents cient\u00edfics de la col\u00b7laboraci\u00f3 s\u00f3n <a href=\"https:\/\/icac.cat\/qui-som\/personal\/dgorostidi\/\">Diana Gorostidi Pi<\/a> i <strong>Simona Perna<\/strong>, per part de l\u2019ICAC, i <strong>Gabriella Serio<\/strong>, per part de la Soprintendenza.<\/p>\n<p>&nbsp;<\/p>\n<p><strong>Una resid\u00e8ncia vinculada a la fam\u00edlia imperial<\/strong><\/p>\n<p>El <strong>Parco Archeologico di Cocciano<\/strong> es troba a poc m\u00e9s d\u2019un quil\u00f2metre al nord-est de l\u2019actual Frascati i conserva les restes d\u2019un extens complex residencial relacionat amb la fam\u00edlia imperial, especialment amb <strong>Tiberi i Livia Drusil\u00b7la<\/strong>.<\/p>\n<p>Les investigacions, iniciades l\u2019any 2020 arran d\u2019un projecte de conservaci\u00f3 i posada en valor de l\u2019\u00e0rea, van permetre revelar de manera inesperada paviments de gran qualitat en opus sectile i mosaic i identificar millor el nucli residencial de la vil\u00b7la. L\u2019excavaci\u00f3 s\u2019ha ampliat fins a una superf\u00edcie d\u2019uns 400 m\u00b2.<\/p>\n<p>Malgrat l\u2019espoli i la destrucci\u00f3 que ha patit el conjunt, els treballs han perm\u00e8s identificar almenys <strong>quatre paviments d\u2019opus sectile<\/strong> corresponents a diferents ambients, a m\u00e9s de paviments musius. La combinaci\u00f3 de les dades arqueol\u00f2giques amb les prospeccions geof\u00edsiques ha contribu\u00eft a proposar una nova lectura planim\u00e8trica del complex, organitzat en terrasses.<\/p>\n<p>Al sector superior, un gran espai amb impluvium s\u2019ha interpretat com un atri al voltant del qual s\u2019articulava una part important de la resid\u00e8ncia. Les pavimentacions marm\u00f2ries i les t\u00e8cniques constructives apunten, de manera preliminar, a una important fase de reforma d\u2019\u00e8poca trajano-adrianea, durant la primera meitat del segle II dC.<\/p>\n<p><img loading=\"lazy\" decoding=\"async\" class=\"alignnone size-medium wp-image-108995\" src=\"https:\/\/icac.cat\/wp-content\/uploads\/2026\/09\/1000093879-400x180.jpg\" alt=\"\" width=\"400\" height=\"180\" srcset=\"https:\/\/icac.cat\/wp-content\/uploads\/2026\/09\/1000093879-400x180.jpg 400w, https:\/\/icac.cat\/wp-content\/uploads\/2026\/09\/1000093879-1024x461.jpg 1024w, https:\/\/icac.cat\/wp-content\/uploads\/2026\/09\/1000093879-768x346.jpg 768w, https:\/\/icac.cat\/wp-content\/uploads\/2026\/09\/1000093879-1536x691.jpg 1536w, https:\/\/icac.cat\/wp-content\/uploads\/2026\/09\/1000093879.jpg 1600w\" sizes=\"(max-width: 400px) 100vw, 400px\" \/><\/p>\n<div class=\"small-text\">\n<p><em>Panell informatiu del Parco Archeologico di Cocciano, amb la planta de l\u2019\u00e0rea investigada i alguns dels paviments documentats. Foto: Owain Morris.<\/em><\/p>\n<\/div>\n<p>&nbsp;<\/p>\n<p><strong>Sis caixes de marbre, una primera aproximaci\u00f3<\/strong><\/p>\n<p>La primera campanya no ha comportat noves excavacions ni mostrejos. L\u2019objectiu ha estat fer una <strong>primera aproximaci\u00f3 al material ja recuperat<\/strong>, mitjan\u00e7ant una catalogaci\u00f3 preliminar, la identificaci\u00f3 visual de les varietats lap\u00eddies i una documentaci\u00f3 fotogr\u00e0fica sistem\u00e0tica.<\/p>\n<p>L\u2019equip ha treballat sobre <strong>sis de les onze caixes de marbres<\/strong>\u00a0conservades al museu, que contenen elements de decoraci\u00f3 parietal, pavimental i arquitect\u00f2nica procedents d\u2019alguns dels ambients excavats de la vil\u00b7la.<\/p>\n<p>Tot i que els resultats s\u00f3n encara preliminars, l\u2019estudi ha perm\u00e8s constatar una pres\u00e8ncia destacada del <strong>giallo antico<\/strong>, juntament amb altres materials de circulaci\u00f3 menys habitual, entre els quals s\u2019ha identificat visualment la <strong>Breccia di Aleppo<\/strong>.<\/p>\n<p>El conjunt conserva tamb\u00e9 una quantitat considerable de marbres blancs. La seva proced\u00e8ncia, per\u00f2, no es pot determinar de manera fiable nom\u00e9s mitjan\u00e7ant l\u2019observaci\u00f3 macrosc\u00f2pica i requerir\u00e0 an\u00e0lisis arqueom\u00e8triques espec\u00edfiques.<\/p>\n<div class=\"small-text\">\n<p><img loading=\"lazy\" decoding=\"async\" class=\"alignnone size-full wp-image-109016\" src=\"https:\/\/icac.cat\/wp-content\/uploads\/2026\/09\/Imagen2.jpg\" alt=\"\" width=\"398\" height=\"526\" \/><\/p>\n<p><em>Neteja dels fragments de marbre abans de la seva identificaci\u00f3 visual i documentaci\u00f3 fotogr\u00e0fica. Museo Tuscolano \u2013 Scuderie Aldobrandini. Foto: Simona Perna.<\/em><\/p>\n<\/div>\n<p>&nbsp;<\/p>\n<p><strong>Marbre i representaci\u00f3 del poder<\/strong><\/p>\n<p>Un dels objectius de la recerca \u00e9s determinar fins a quin punt la selecci\u00f3 de marbres de Cocciano respon als patrons documentats en altres resid\u00e8ncies d\u2019alt estatus de Roma, el Laci i altres territoris de l\u2019Imperi durant els primers segles d\u2019\u00e8poca imperial.<\/p>\n<p>L\u2019estudi de les varietats utilitzades, la seva combinaci\u00f3 en paviments d\u2019opus sectile i la seva proced\u00e8ncia pot aportar noves dades sobre les <strong>xarxes d\u2019aprovisionament, la circulaci\u00f3 de materials de prestigi i les decisions est\u00e8tiques i socials<\/strong>\u00a0que definien els espais residencials vinculats a les elits imperials.<\/p>\n<p>Aquesta l\u00ednia de treball connecta amb l\u2019expertesa de Simona Perna en l\u2019estudi de les pedres decoratives romanes i, especialment, del marbre i l\u2019alabastre calc\u00edtic en contextos d\u2019\u00e8poca imperial.<\/p>\n<p>La fase actual permetr\u00e0 seleccionar els materials m\u00e9s adequats per a una segona etapa de recerca, en qu\u00e8 es preveu incorporar t\u00e8cniques arqueom\u00e8triques i estudis de proced\u00e8ncia, en col\u00b7laboraci\u00f3 amb ArPA i la Unitat d\u2019Estudis Arqueom\u00e8trics de l\u2019ICAC.<\/p>\n<p><img loading=\"lazy\" decoding=\"async\" class=\"alignnone size-medium wp-image-109004\" src=\"https:\/\/icac.cat\/wp-content\/uploads\/2026\/09\/1000094152-400x570.jpg\" alt=\"\" width=\"400\" height=\"570\" srcset=\"https:\/\/icac.cat\/wp-content\/uploads\/2026\/09\/1000094152-400x570.jpg 400w, https:\/\/icac.cat\/wp-content\/uploads\/2026\/09\/1000094152-719x1024.jpg 719w, https:\/\/icac.cat\/wp-content\/uploads\/2026\/09\/1000094152-768x1094.jpg 768w, https:\/\/icac.cat\/wp-content\/uploads\/2026\/09\/1000094152-1079x1536.jpg 1079w, https:\/\/icac.cat\/wp-content\/uploads\/2026\/09\/1000094152-1438x2048.jpg 1438w, https:\/\/icac.cat\/wp-content\/uploads\/2026\/09\/1000094152-scaled.jpg 1798w\" sizes=\"(max-width: 400px) 100vw, 400px\" \/><\/p>\n<div class=\"small-text\">\n<p><em>Treball col\u00b7laboratiu de neteja i preparaci\u00f3 dels materials al pati del Museo Tuscolano. Foto: Alfredo Moraci.<\/em><\/p>\n<\/div>\n<p>&nbsp;<\/p>\n<p><strong>Una col\u00b7laboraci\u00f3 amb continu\u00eftat<\/strong><\/p>\n<p>La campanya va comptar amb la participaci\u00f3 de Gabriella Serio, arque\u00f2loga de la Soprintendenza; <strong>Valeria Vaticano<\/strong>, arque\u00f2loga responsable de les excavacions del complex; <strong>Owain Morris<\/strong>, investigador d\u2019ArPA-LiRA, i les estudiants en pr\u00e0ctiques de la Universitat de Roma Tor Vergata <strong>Chiara i Sofia<\/strong>, que van col\u00b7laborar en la neteja dels materials.<\/p>\n<p>L\u2019equip agraeix especialment a <strong>Alfredo Moraci<\/strong>, director del Museo Tuscolano \u2013 Scuderie Aldobrandini, l\u2019acollida i les facilitats proporcionades per desenvolupar els treballs al museu.<\/p>\n<p><img loading=\"lazy\" decoding=\"async\" class=\"alignnone size-medium wp-image-109013\" src=\"https:\/\/icac.cat\/wp-content\/uploads\/2026\/09\/Imagen1-400x711.jpg\" alt=\"\" width=\"400\" height=\"711\" srcset=\"https:\/\/icac.cat\/wp-content\/uploads\/2026\/09\/Imagen1-400x711.jpg 400w, https:\/\/icac.cat\/wp-content\/uploads\/2026\/09\/Imagen1.jpg 408w\" sizes=\"(max-width: 400px) 100vw, 400px\" \/><\/p>\n<div class=\"small-text\">\n<p><em>Treball sobre els marbres de Cocciano amb el suport del Dr Owain Morris (ArPA-LIRA)\u00a0 i estudiants en pr\u00e0ctiques del Museo Tuscolano. Foto: Simona Perna.<\/em><\/p>\n<\/div>\n<p>&nbsp;<\/p>\n<p><strong>Cap a una nova fase de recerca<\/strong><\/p>\n<p>Els pr\u00f2xims passos inclouran completar la catalogaci\u00f3 de les cinc caixes restants, aprofundir en la identificaci\u00f3 de les diferents varietats lap\u00eddies i definir un programa de mostreig i caracteritzaci\u00f3 arqueom\u00e8trica dels marbres blancs i d\u2019altres materials seleccionats.<\/p>\n<p>La continu\u00eftat del projecte permetr\u00e0 posar en relaci\u00f3 els resultats materials amb els contextos arquitect\u00f2nics i estratigr\u00e0fics de la vil\u00b7la i, si les condicions ho permeten, ampliar en el futur la recerca de camp al mateix jaciment.<\/p>\n<p>L\u2019objectiu final \u00e9s avan\u00e7ar des d\u2019una primera lectura visual del conjunt cap a una <strong>reconstrucci\u00f3 m\u00e9s completa de la cultura material del marbre a Cocciano<\/strong>: quines pedres es van escollir, d\u2019on procedien, com es combinaven i quin paper tenien en la construcci\u00f3 visual d\u2019una resid\u00e8ncia vinculada al poder imperial.<\/p>\n<p>Alhora, aquesta iniciativa refor\u00e7a la cooperaci\u00f3 entre l\u2019ICAC i la Soprintendenza en l\u2019estudi, la conservaci\u00f3 i la valoritzaci\u00f3 d\u2019un conjunt arqueol\u00f2gic excepcional del territori de Frascati.<\/p>\n<p><img loading=\"lazy\" decoding=\"async\" class=\"alignnone size-medium wp-image-108992\" src=\"https:\/\/icac.cat\/wp-content\/uploads\/2026\/09\/1000093761-400x711.jpg\" alt=\"\" width=\"400\" height=\"711\" srcset=\"https:\/\/icac.cat\/wp-content\/uploads\/2026\/09\/1000093761-400x711.jpg 400w, https:\/\/icac.cat\/wp-content\/uploads\/2026\/09\/1000093761-576x1024.jpg 576w, https:\/\/icac.cat\/wp-content\/uploads\/2026\/09\/1000093761-768x1365.jpg 768w, https:\/\/icac.cat\/wp-content\/uploads\/2026\/09\/1000093761-864x1536.jpg 864w, https:\/\/icac.cat\/wp-content\/uploads\/2026\/09\/1000093761-1152x2048.jpg 1152w, https:\/\/icac.cat\/wp-content\/uploads\/2026\/09\/1000093761-scaled.jpg 1440w\" sizes=\"(max-width: 400px) 100vw, 400px\" \/><\/p>\n<div class=\"small-text\">\n<p><em>Detall del proc\u00e9s de neteja dels elements marmoris, amb fragments preparats per a l\u2019estudi. Foto: Simona Perna.<\/em><\/p>\n<p>&nbsp;<\/p>\n<p><img loading=\"lazy\" decoding=\"async\" class=\"alignnone size-medium wp-image-108989\" src=\"https:\/\/icac.cat\/wp-content\/uploads\/2026\/09\/1000093755-400x711.jpg\" alt=\"\" width=\"400\" height=\"711\" srcset=\"https:\/\/icac.cat\/wp-content\/uploads\/2026\/09\/1000093755-400x711.jpg 400w, https:\/\/icac.cat\/wp-content\/uploads\/2026\/09\/1000093755-576x1024.jpg 576w, https:\/\/icac.cat\/wp-content\/uploads\/2026\/09\/1000093755-768x1365.jpg 768w, https:\/\/icac.cat\/wp-content\/uploads\/2026\/09\/1000093755-864x1536.jpg 864w, https:\/\/icac.cat\/wp-content\/uploads\/2026\/09\/1000093755-1152x2048.jpg 1152w, https:\/\/icac.cat\/wp-content\/uploads\/2026\/09\/1000093755-scaled.jpg 1440w\" sizes=\"(max-width: 400px) 100vw, 400px\" \/><\/p>\n<p><em>Museo Tuscolano \u2013 Scuderie Aldobrandini, seu principal de la campanya d\u2019estudi. Foto: Simona Perna.<\/em><\/p>\n<p>&nbsp;<\/p>\n<p><img loading=\"lazy\" decoding=\"async\" class=\"alignnone size-medium wp-image-109010\" src=\"https:\/\/icac.cat\/wp-content\/uploads\/2026\/09\/1000094353-400x388.jpg\" alt=\"\" width=\"400\" height=\"388\" srcset=\"https:\/\/icac.cat\/wp-content\/uploads\/2026\/09\/1000094353-400x388.jpg 400w, https:\/\/icac.cat\/wp-content\/uploads\/2026\/09\/1000094353-1024x994.jpg 1024w, https:\/\/icac.cat\/wp-content\/uploads\/2026\/09\/1000094353-768x746.jpg 768w, https:\/\/icac.cat\/wp-content\/uploads\/2026\/09\/1000094353-1536x1492.jpg 1536w, https:\/\/icac.cat\/wp-content\/uploads\/2026\/09\/1000094353-2048x1989.jpg 2048w\" sizes=\"(max-width: 400px) 100vw, 400px\" \/><\/p>\n<p><em>Vista de Frascati durant la campanya de juliol de 2026. <\/em><em>Foto: Simona Perna.<\/em><\/p>\n<p>&nbsp;<\/p>\n<p><img loading=\"lazy\" decoding=\"async\" class=\"alignnone size-medium wp-image-109007\" src=\"https:\/\/icac.cat\/wp-content\/uploads\/2026\/09\/1000094153-400x591.jpg\" alt=\"\" width=\"400\" height=\"591\" srcset=\"https:\/\/icac.cat\/wp-content\/uploads\/2026\/09\/1000094153-400x591.jpg 400w, https:\/\/icac.cat\/wp-content\/uploads\/2026\/09\/1000094153-693x1024.jpg 693w, https:\/\/icac.cat\/wp-content\/uploads\/2026\/09\/1000094153-768x1134.jpg 768w, https:\/\/icac.cat\/wp-content\/uploads\/2026\/09\/1000094153-1040x1536.jpg 1040w, https:\/\/icac.cat\/wp-content\/uploads\/2026\/09\/1000094153-1386x2048.jpg 1386w, https:\/\/icac.cat\/wp-content\/uploads\/2026\/09\/1000094153-scaled.jpg 1733w\" sizes=\"(max-width: 400px) 100vw, 400px\" \/><\/p>\n<p>La Dra Simona Perna amb la Dra Gabriella Serio, Soprintendenza di Roma, i la Dra Valeria Vaticano. Arque\u00f2leg, <em>al Museo Tuscolano \u2013 Scuderie Aldobrandini, Frascati (27\u201331 de juliol de 2026). Foto: Alfredo Moraci \/ Simona Perna.<\/em><\/p>\n<\/div>\n","protected":false},"excerpt":{"rendered":"<p>Una primera campanya d\u2019estudi al Museo Tuscolano de Frascati ha iniciat l\u2019an\u00e0lisi sistem\u00e0tica dels marbres recuperats a la vil\u00b7la romana de Cocciano i obre noves vies de recerca sobre la decoraci\u00f3 marm\u00f2ria i les xarxes d\u2019aprovisionament d\u2019una resid\u00e8ncia vinculada a les elits imperials Del 27 al 31 de juliol de 2026, Simona Perna, investigadora col\u00b7laboradora [&hellip;]<\/p>\n","protected":false},"author":253,"featured_media":109007,"comment_status":"closed","ping_status":"closed","sticky":false,"template":"","format":"standard","meta":{"_acf_changed":false,"_genesis_hide_title":false,"_genesis_hide_breadcrumbs":false,"_genesis_hide_singular_image":false,"_genesis_hide_footer_widgets":false,"_genesis_custom_body_class":"","_genesis_custom_post_class":"","_genesis_layout":"","footnotes":"","_members_access_role":[],"_members_access_error":""},"categories":[1],"tags":[],"acf":[],"_links":{"self":[{"href":"https:\/\/icac.cat\/en\/wp-json\/wp\/v2\/posts\/108985"}],"collection":[{"href":"https:\/\/icac.cat\/en\/wp-json\/wp\/v2\/posts"}],"about":[{"href":"https:\/\/icac.cat\/en\/wp-json\/wp\/v2\/types\/post"}],"author":[{"embeddable":true,"href":"https:\/\/icac.cat\/en\/wp-json\/wp\/v2\/users\/253"}],"replies":[{"embeddable":true,"href":"https:\/\/icac.cat\/en\/wp-json\/wp\/v2\/comments?post=108985"}],"version-history":[{"count":5,"href":"https:\/\/icac.cat\/en\/wp-json\/wp\/v2\/posts\/108985\/revisions"}],"predecessor-version":[{"id":109022,"href":"https:\/\/icac.cat\/en\/wp-json\/wp\/v2\/posts\/108985\/revisions\/109022"}],"wp:featuredmedia":[{"embeddable":true,"href":"https:\/\/icac.cat\/en\/wp-json\/wp\/v2\/media\/109007"}],"wp:attachment":[{"href":"https:\/\/icac.cat\/en\/wp-json\/wp\/v2\/media?parent=108985"}],"wp:term":[{"taxonomy":"category","embeddable":true,"href":"https:\/\/icac.cat\/en\/wp-json\/wp\/v2\/categories?post=108985"},{"taxonomy":"post_tag","embeddable":true,"href":"https:\/\/icac.cat\/en\/wp-json\/wp\/v2\/tags?post=108985"}],"curies":[{"name":"wp","href":"https:\/\/api.w.org\/{rel}","templated":true}]}}