{"id":18817,"date":"2016-03-31T10:42:03","date_gmt":"2016-03-31T08:42:03","guid":{"rendered":"http:\/\/www.icac.cat\/?p=18817"},"modified":"2016-04-01T08:43:52","modified_gmt":"2016-04-01T06:43:52","slug":"licac-participa-en-la-publicacio-de-tarraco-patrimoni-mundial-una-nova-visio","status":"publish","type":"post","link":"https:\/\/icac.cat\/en\/actualitat\/noticies\/2016\/licac-participa-en-la-publicacio-de-tarraco-patrimoni-mundial-una-nova-visio\/","title":{"rendered":"L\u2019ICAC participa en la publicaci\u00f3 de \u2018T\u00e0rraco, Patrimoni Mundial. Una nova visi\u00f3\u2019"},"content":{"rendered":"<p><em><strong>T\u00e0rraco, Patrimoni Mundial. Una nova visi\u00f3<\/strong><\/em> \u00e9s una obra destinada a donar a con\u00e8ixer 10 grans monuments de l\u2019antiga T\u00e0rraco en 10 fascicles. Aquest 2016 ja han aparegut els dos primers volums, un sobre els monuments de la Via Augusta i l\u2019altre sobre les muralles, distribu\u00efts amb la revista bimensual <a href=\"http:\/\/www.fetatarragona.cat\" target=\"_blank\"><em>Fet a Tarragona<\/em><\/a>.<\/p>\n<p>Els autors dels textos s\u00f3n <a href=\"https:\/\/icac.cat\/qui-som\/personal\/jruizdearbulo\/\">Joaqu\u00edn Ruiz de Arbulo<\/a> (URV-ICAC) i Ricardo Mar (URV), membres del <a href=\"https:\/\/icac.cat\/recerca\/equips-de-recerca\/seminari-de-topografia-antiga-setopant\/\">Seminari de Topografia antiga<\/a>, un grup de recerca interuniversitari adscrit a la URV i a l&#8217;ICAC.<\/p>\n<p>La resta de 8 fascicles s\u00f3n monogr\u00e0fics sobre aquests monuments:<\/p>\n<p>El f\u00f2rum de la col\u00f2nia<br \/>\nEl teatre<br \/>\nEl temple d\u2019August i el F\u00f2rum de la prov\u00edncia<br \/>\nEl circ<br \/>\nL\u2019amfiteatre<br \/>\nLes pedreres i els aq\u00fceductes<br \/>\nLa vil\u00b7la dels Munts<br \/>\nEl mausoleu de Centcelles<\/p>\n<p>Cada fascicle cont\u00e9 una an\u00e0lisi cient\u00edfica rigorosa, actualitzada i divulgativa, i presenta fotografies noves i espectaculars, amb vistes a\u00e8ries a baixa altitud i reconstruccions arquitect\u00f2niques. Els textos donen una descripci\u00f3 \u00e0mplia dels monuments i suggeriments nous per interpretar-los, fruit d\u2019investigacions recents.<\/p>\n<p>Les restituciones infogr\u00e0fiques s\u00f3n de Ferran Gris, Ricardo Mar, Jos\u00e9 Alejandro Beltr\u00e1n-Caballero i David Viv\u00f3.<\/p>\n<p>L\u2019any 2000 la Unesco va recon\u00e8ixer els monuments romans de Tarragona com a Patrimoni Mundial, un m\u00e8rit excepcional que sobretot va valorar els esfor\u00e7os de la Tarragona contempor\u00e0nia per conviure amb les restes del seu passat de forma equilibrada, amb restes arqueol\u00f2giques protegides per la llei i mantingudes de la millor manera perqu\u00e8 es conservin, es coneguin i s\u2019admirin.<\/p>\n","protected":false},"excerpt":{"rendered":"<p>\u00c9s una obra per con\u00e8ixer 10 grans monuments de l\u2019antiga T\u00e0rraco en fascicles. N&#8217;\u00e9s coautor Joaqu\u00edn Ruiz de Arbulo (URV-ICAC).<\/p>\n","protected":false},"author":49,"featured_media":18818,"comment_status":"closed","ping_status":"closed","sticky":false,"template":"","format":"standard","meta":{"_genesis_hide_title":false,"_genesis_hide_breadcrumbs":false,"_genesis_hide_singular_image":false,"_genesis_hide_footer_widgets":false,"_genesis_custom_body_class":"","_genesis_custom_post_class":"","_genesis_layout":""},"categories":[184],"tags":[],"_links":{"self":[{"href":"https:\/\/icac.cat\/en\/wp-json\/wp\/v2\/posts\/18817"}],"collection":[{"href":"https:\/\/icac.cat\/en\/wp-json\/wp\/v2\/posts"}],"about":[{"href":"https:\/\/icac.cat\/en\/wp-json\/wp\/v2\/types\/post"}],"author":[{"embeddable":true,"href":"https:\/\/icac.cat\/en\/wp-json\/wp\/v2\/users\/49"}],"replies":[{"embeddable":true,"href":"https:\/\/icac.cat\/en\/wp-json\/wp\/v2\/comments?post=18817"}],"version-history":[{"count":3,"href":"https:\/\/icac.cat\/en\/wp-json\/wp\/v2\/posts\/18817\/revisions"}],"predecessor-version":[{"id":18908,"href":"https:\/\/icac.cat\/en\/wp-json\/wp\/v2\/posts\/18817\/revisions\/18908"}],"wp:featuredmedia":[{"embeddable":true,"href":"https:\/\/icac.cat\/en\/wp-json\/wp\/v2\/media\/18818"}],"wp:attachment":[{"href":"https:\/\/icac.cat\/en\/wp-json\/wp\/v2\/media?parent=18817"}],"wp:term":[{"taxonomy":"category","embeddable":true,"href":"https:\/\/icac.cat\/en\/wp-json\/wp\/v2\/categories?post=18817"},{"taxonomy":"post_tag","embeddable":true,"href":"https:\/\/icac.cat\/en\/wp-json\/wp\/v2\/tags?post=18817"}],"curies":[{"name":"wp","href":"https:\/\/api.w.org\/{rel}","templated":true}]}}