{"id":20071,"date":"2016-05-05T09:21:45","date_gmt":"2016-05-05T07:21:45","guid":{"rendered":"http:\/\/www.icac.cat\/?p=20071"},"modified":"2016-05-13T08:34:31","modified_gmt":"2016-05-13T06:34:31","slug":"marques-rodies-daten-can-taco-el-150-ac","status":"publish","type":"post","link":"https:\/\/icac.cat\/en\/actualitat\/noticies\/2016\/marques-rodies-daten-can-taco-el-150-ac\/","title":{"rendered":"Marques r\u00f2dies daten Can Tac\u00f3 el 150 aC"},"content":{"rendered":"<p>L\u2019estudi de les \u00e0mfores del jaciment rom\u00e0 republic\u00e0 de Can Tac\u00f3 (Montmel\u00f3-Montorn\u00e8s del Vall\u00e8s) han proporcionat un conjunt summament interessant d\u2019exemplars per tipologia i proced\u00e8ncia. Destaquen tres segells excepcionals: un sobre un fragment sota el coll d\u2019una \u00e0mfora africana,\u00a0 i dos en nanses de dues \u00e0mfores r\u00f2dies.<\/p>\n<p>L\u2019estudi, i l\u2019article publicat recentment a <a href=\"http:\/\/www.recercat.cat\/handle\/2072\/261228\" target=\"_blank\"><em>Pyrenae<\/em><\/a>, ha anat a c\u00e0rrec d\u2019<a href=\"https:\/\/icac.cat\/qui-som\/personal\/erodrigo\/\" target=\"_blank\">Esther Rodrigo<\/a> (ICAC), C\u00e8sar Carreras (UAB) i Valentina Porcheddu (Scuola Archeologica Italiana Atene) en el marc del projecte <a href=\"https:\/\/icac.cat\/recerca\/projectes-de-recerca\/projecte\/implantacio-i-model-de-ciutat-del-conuentus-tarraconensis-els-jaciments-arqueologics-de-iesso\/\" target=\"_blank\">\u201cImplantaci\u00f3 i model de ciutat del conuentus Tarraconensis. Els jaciments arqueol\u00f2gics de <em>Iesso<\/em> (Guissona), Can Tac\u00f3-Tur\u00f3 d\u2019en Roina\/Mons Observans (Montmel\u00f3-Montorn\u00e8s del Vall\u00e8s) i<em> Iulia Libica<\/em> (Ll\u00edvia)\u201d<\/a>.<\/p>\n<p>Les dues marques r\u00f2dies evidencien el car\u00e0cter excepcional de l\u2019establiment residencial de Can Tac\u00f3. Estan molt vinculades amb la pres\u00e8ncia it\u00e0lica a la pen\u00ednsula Ib\u00e8rica al llarg del segle II aC per\u00f2 al nord-est peninsular nom\u00e9s s\u2019han documentat a <em>Emporion<\/em> (Emp\u00faries) i <em>Ilturo<\/em> (Cabrera de Mar).<\/p>\n<figure id=\"attachment_20074\" aria-describedby=\"caption-attachment-20074\" style=\"width: 790px\" class=\"wp-caption alignnone\"><a href=\"https:\/\/icac.cat\/wp-content\/uploads\/2016\/05\/taco_marques3.jpg\"><img loading=\"lazy\" class=\"wp-image-20074 size-large\" src=\"https:\/\/icac.cat\/wp-content\/uploads\/2016\/05\/taco_marques3-1024x257.jpg\" alt=\" Imatge de la marca r\u00f2dia MCT\u201910.UE-6074.04 (dibuix i foto: N\u00faria Roman\u00ed).\" width=\"790\" height=\"198\" srcset=\"https:\/\/icac.cat\/wp-content\/uploads\/2016\/05\/taco_marques3-1024x257.jpg 1024w, https:\/\/icac.cat\/wp-content\/uploads\/2016\/05\/taco_marques3-400x100.jpg 400w, https:\/\/icac.cat\/wp-content\/uploads\/2016\/05\/taco_marques3.jpg 2015w\" sizes=\"(max-width: 790px) 100vw, 790px\" \/><\/a><figcaption id=\"caption-attachment-20074\" class=\"wp-caption-text\"><br \/> Imatge de la marca r\u00f2dia MCT\u201910.UE-6074.04 (dibuix i foto: N\u00faria Roman\u00ed).<\/figcaption><\/figure>\n<p>\u00c9s interessant que una de les marques d\u2019\u00e0mfora r\u00f2dia ha aparegut en un nivell de construcci\u00f3 de l\u2019edifici de Can Tac\u00f3. Aix\u00f2 ha fet <strong>reconsiderar la data inicial<\/strong> del jaciment i situar-lo clarament pels volts del 150 aC, mentre que fins ara se situava en el darrer ter\u00e7 del segle II aC.<\/p>\n<p>A m\u00e9s de la dataci\u00f3, aquestes tres marques en un conjunt molt heterogeni d\u2019\u00e0mfores i amb una dataci\u00f3 de segona meitat del segle II aC proporcionen informaci\u00f3 sobre la natura i els ocupants del jaciment. Al NE peninsular la majoria de <strong>paral\u00b7lels<\/strong> amb pres\u00e8ncia d\u2019\u00e0mfores r\u00f2dies i tripolitanes es troben en assentaments militars romans o civils it\u00e0lics a la costa, com Emp\u00faries, <em>Tarraco<\/em>, <em>Valentia<\/em>, <em>Carthago Nova<\/em> o <em>Ilturo<\/em>.<\/p>\n<p>Concretament, per\u00f2, qu\u00e8 diuen les marques pel que fa a la dataci\u00f3? Les datacions de les dues marques en \u00e0mfores r\u00f2dies no s\u00f3n del tot conclusives, ja que la lectura planteja alguns dubtes, per\u00f2 els autors proposen adscriure aquestes marques, KARPOS i ARCHILAIDAS, al per\u00edode III i IV d\u2019aquestes produccions amb una cronologia que aniria del 165 al 146 aC, aproximadament.<\/p>\n<figure id=\"attachment_20073\" aria-describedby=\"caption-attachment-20073\" style=\"width: 400px\" class=\"wp-caption alignnone\"><a href=\"https:\/\/icac.cat\/wp-content\/uploads\/2016\/05\/taco_marques2.jpg\"><img loading=\"lazy\" class=\"wp-image-20073 size-medium\" src=\"https:\/\/icac.cat\/wp-content\/uploads\/2016\/05\/taco_marques2-400x266.jpg\" alt=\"Imatge de la marca tripolitana \u039c\u039b\u0393\u03a9N, MCT\u201911.UE-306.2 (dibuix i foto: N\u00faria Roman\u00ed).\" width=\"400\" height=\"266\" srcset=\"https:\/\/icac.cat\/wp-content\/uploads\/2016\/05\/taco_marques2-400x266.jpg 400w, https:\/\/icac.cat\/wp-content\/uploads\/2016\/05\/taco_marques2.jpg 800w\" sizes=\"(max-width: 400px) 100vw, 400px\" \/><\/a><figcaption id=\"caption-attachment-20073\" class=\"wp-caption-text\">Imatge de la marca tripolitana \u039c\u039b\u0393\u03a9N, MCT\u201911.UE-306.2 (dibuix i foto: N\u00faria Roman\u00ed).<\/figcaption><\/figure>\n<p>D\u2019altra banda, la marca \u03fa\u0391\u0393\u03a9\u039d en tripolitana tamb\u00e9 se situaria cap al 146 aC. Aix\u00ed doncs, sembla que <strong>el material arribaria simult\u00e0niament o esglaonadament<\/strong>: entre el 160-150 aC, data de la marca r\u00f2dia amb magistrat, fins aproximadament el 125 aC, per la marca nord-africana, d\u2019acord amb els criteris tipol\u00f2gics de l\u2019\u00e0mfora.<\/p>\n<p>Pel que fa al port d\u2019arribada dels productes que es documenten a Can Tac\u00f3, a part de <em>Tarraco<\/em>, hi ha el port d\u2019Emp\u00faries i <em>Ilturo<\/em>. Emp\u00faries \u00e9s en aquest moment un dels principals ports militars del NE peninsular, i per tant aquests productes formarien part de l\u2019aprovisionament de les tropes romanes destacades en el territori. L\u2019acc\u00e9s a Can Tac\u00f3 es podria haver fet a trav\u00e9s de la via Heraklea (posteriorment anomenada Augusta).<\/p>\n<p>Una alternativa, potser m\u00e9s l\u00f2gica, seria l\u2019arribada a trav\u00e9s d\u2019<em>Ilturo<\/em>, fundaci\u00f3 civil romana datada cap al segon quart del segle II aC, situada tamb\u00e9 en territori laiet\u00e0 per\u00f2 a la costa, i on es documenten un bon nombre d\u2019\u00e0mfores tripolitanes antigues i r\u00f2dies.<\/p>\n<h6>Article<\/h6>\n<p>Rodrigo, E.; Carreras, C.; Porcheddu, V., <a href=\"http:\/\/www.recercat.cat\/handle\/2072\/261228\" target=\"_blank\">&#8220;Marques africanes i r\u00f2dies de Can Tac\u00f3, Barcelona (Catalunya)&#8221;<\/a>, <em>Pyrenae<\/em>, vol. 46-2, p. 31-47. SCOPUS, Carhus+A \/ 4.477 (ICDS).<\/p>\n","protected":false},"excerpt":{"rendered":"<p>Esther Rodrigo (ICAC), juntament amb C\u00e9sar Carreras i Valentina Porcheddu, publiquen un estudi de tres segells amf\u00f2rics recuperats en aquest jaciment rom\u00e0 de Montmel\u00f3-Montorn\u00e8s del Vall\u00e8s.<\/p>\n","protected":false},"author":49,"featured_media":20072,"comment_status":"closed","ping_status":"closed","sticky":false,"template":"","format":"standard","meta":{"_genesis_hide_title":false,"_genesis_hide_breadcrumbs":false,"_genesis_hide_singular_image":false,"_genesis_hide_footer_widgets":false,"_genesis_custom_body_class":"","_genesis_custom_post_class":"","_genesis_layout":""},"categories":[182],"tags":[299,293],"_links":{"self":[{"href":"https:\/\/icac.cat\/en\/wp-json\/wp\/v2\/posts\/20071"}],"collection":[{"href":"https:\/\/icac.cat\/en\/wp-json\/wp\/v2\/posts"}],"about":[{"href":"https:\/\/icac.cat\/en\/wp-json\/wp\/v2\/types\/post"}],"author":[{"embeddable":true,"href":"https:\/\/icac.cat\/en\/wp-json\/wp\/v2\/users\/49"}],"replies":[{"embeddable":true,"href":"https:\/\/icac.cat\/en\/wp-json\/wp\/v2\/comments?post=20071"}],"version-history":[{"count":6,"href":"https:\/\/icac.cat\/en\/wp-json\/wp\/v2\/posts\/20071\/revisions"}],"predecessor-version":[{"id":20193,"href":"https:\/\/icac.cat\/en\/wp-json\/wp\/v2\/posts\/20071\/revisions\/20193"}],"wp:featuredmedia":[{"embeddable":true,"href":"https:\/\/icac.cat\/en\/wp-json\/wp\/v2\/media\/20072"}],"wp:attachment":[{"href":"https:\/\/icac.cat\/en\/wp-json\/wp\/v2\/media?parent=20071"}],"wp:term":[{"taxonomy":"category","embeddable":true,"href":"https:\/\/icac.cat\/en\/wp-json\/wp\/v2\/categories?post=20071"},{"taxonomy":"post_tag","embeddable":true,"href":"https:\/\/icac.cat\/en\/wp-json\/wp\/v2\/tags?post=20071"}],"curies":[{"name":"wp","href":"https:\/\/api.w.org\/{rel}","templated":true}]}}