{"id":28725,"date":"2017-10-05T09:56:13","date_gmt":"2017-10-05T07:56:13","guid":{"rendered":"http:\/\/www.icac.cat\/?p=28725"},"modified":"2017-10-05T11:30:57","modified_gmt":"2017-10-05T09:30:57","slug":"licac-present-en-el-cinque-aniversari-de-mons-observans","status":"publish","type":"post","link":"https:\/\/icac.cat\/en\/actualitat\/noticies\/2017\/licac-present-en-el-cinque-aniversari-de-mons-observans\/","title":{"rendered":"L\u2019ICAC, present en el cinqu\u00e8 aniversari de Mons Observans"},"content":{"rendered":"<p>El diumenge 8 d&#8217;octubre, coincidint amb les Jornades Europees del Patrimoni a Catalunya, l&#8217;assentament rom\u00e0 de Can Tac\u00f3 \u2013 Tur\u00f3 d&#8217;en Roina (<a href=\"http:\/\/www.monsobservans.cat\" target=\"_blank\">Mons Observans<\/a>) celebrar\u00e0 cinc anys de funcionament.<\/p>\n<p>Per commemorar l&#8217;efem\u00e8ride els ajuntaments de Montmel\u00f3 i de Montorn\u00e8s del Vall\u00e8s han organitzat una <a href=\"http:\/\/www.monsobservans.cat\/us-convidem-a-celebrar-el-ve-aniversari-de-mons-observans\/\" target=\"_blank\">jornada festiva de portes obertes<\/a> amb la pres\u00e8ncia, entre d\u2019altres, del director de l\u2019ICAC, Joan G\u00f3mez Pallar\u00e8s.<\/p>\n<p>L\u2019Institut \u00e9s una de les institucions que van col\u00b7laborar en la posada en marxa del jaciment l\u2019octubre del 2012. A m\u00e9s del director de l\u2019ICAC, hi seran presents\u00a0 representants de l&#8217;Ajuntament de Montmel\u00f3 i de l&#8217;Ajuntament de Montorn\u00e8s es comptar\u00e0 amb la pres\u00e8ncia de la cap del Servei d&#8217;Arqueologia de la Generalitat de Catalunya, Maria Teresa Mir\u00f3.<\/p>\n<p>La jornada comen\u00e7ar\u00e0 a les 11 h amb un taller infantil d&#8217;indument\u00e0ria romana i una visita teatralitzada al recinte arqueol\u00f2gic amb la participaci\u00f3 de la colla d&#8217;Armats i Vestals de Martorelles. Despr\u00e9s el gegant Mal\u00fas acompanyar\u00e0 el p\u00fablic fins a l&#8217;esplanada de la font, on es faran els parlaments institucionals i un brindis amb vi de roses.\u00a0 Clouran la jornada les colles de gegants i diables faran una ballada commemorativa.<\/p>\n<h6>El jaciment<\/h6>\n<p><strong>Mons Observans. Parc Arqueol\u00f2gic i de Natura de Can Tac\u00f3 \u2013 Tur\u00f3 d\u2019en Roina<\/strong> \u00e9s un assentament rom\u00e0 datat al segle II a de C que l&#8217;any 2008 fou declarat B\u00e9 Cultural d&#8217;Inter\u00e8s Nacional en reconeixement als importants vestigis arqueol\u00f2gics que conserva, entre els quals destaca una notable col\u00b7lecci\u00f3 de pintura mural romana de primer estil pompei\u00e0 que actualment es troba en proc\u00e9s de restauraci\u00f3 al Museu Municipal de Montmel\u00f3.<\/p>\n<p>El jaciment fou rehabilitat entre els anys 2010 i 2012 gr\u00e0cies a les subvencions atorgades per la Uni\u00f3 Europea (Fons Feder) i el Ministeri de Cultura. El projecte de recerca, amb les corresponents campanyes d&#8217;excavaci\u00f3 que s&#8217;hi duen a terme des de l&#8217;any 2004, ha estat coordinat i executat per l&#8217;ICAC i finan\u00e7at a trav\u00e9s dels ajuts atorgats pel Departament de Cultura de la Generalitat de Catalunya.<\/p>\n<p>L&#8217;any 2013 la intervenci\u00f3 arquitect\u00f2nica de posada en valor del jaciment, redactada per l&#8217;Estudi d&#8217;Arquitectura de Toni Giron\u00e8s Saderra, va guanyar el Premi de la Biennal Espanyola d&#8217;Arquitectura i Urbanisme (categoria Ciutat i Paisatge) i va resultar finalista als Premis FAD.<\/p>\n<p><a href=\"https:\/\/icac.cat\/difusio\/transferencia-del-coneixement\/mons-observans-parc-arqueologic-i-de-natura-de-can-taco-turo-den-roina\/\">M\u00e9s informaci\u00f3<\/a><\/p>\n","protected":false},"excerpt":{"rendered":"<p>Jornada de portes oberte diumenge 8 d&#8217;octubre, coincidint amb les Jornades Europees del Patrimoni a Catalunya.<\/p>\n","protected":false},"author":49,"featured_media":28726,"comment_status":"closed","ping_status":"closed","sticky":false,"template":"","format":"standard","meta":{"_genesis_hide_title":false,"_genesis_hide_breadcrumbs":false,"_genesis_hide_singular_image":false,"_genesis_hide_footer_widgets":false,"_genesis_custom_body_class":"","_genesis_custom_post_class":"","_genesis_layout":""},"categories":[184],"tags":[],"_links":{"self":[{"href":"https:\/\/icac.cat\/en\/wp-json\/wp\/v2\/posts\/28725"}],"collection":[{"href":"https:\/\/icac.cat\/en\/wp-json\/wp\/v2\/posts"}],"about":[{"href":"https:\/\/icac.cat\/en\/wp-json\/wp\/v2\/types\/post"}],"author":[{"embeddable":true,"href":"https:\/\/icac.cat\/en\/wp-json\/wp\/v2\/users\/49"}],"replies":[{"embeddable":true,"href":"https:\/\/icac.cat\/en\/wp-json\/wp\/v2\/comments?post=28725"}],"version-history":[{"count":5,"href":"https:\/\/icac.cat\/en\/wp-json\/wp\/v2\/posts\/28725\/revisions"}],"predecessor-version":[{"id":28741,"href":"https:\/\/icac.cat\/en\/wp-json\/wp\/v2\/posts\/28725\/revisions\/28741"}],"wp:featuredmedia":[{"embeddable":true,"href":"https:\/\/icac.cat\/en\/wp-json\/wp\/v2\/media\/28726"}],"wp:attachment":[{"href":"https:\/\/icac.cat\/en\/wp-json\/wp\/v2\/media?parent=28725"}],"wp:term":[{"taxonomy":"category","embeddable":true,"href":"https:\/\/icac.cat\/en\/wp-json\/wp\/v2\/categories?post=28725"},{"taxonomy":"post_tag","embeddable":true,"href":"https:\/\/icac.cat\/en\/wp-json\/wp\/v2\/tags?post=28725"}],"curies":[{"name":"wp","href":"https:\/\/api.w.org\/{rel}","templated":true}]}}