{"id":3699,"date":"2010-01-31T17:26:44","date_gmt":"2010-01-31T17:26:44","guid":{"rendered":"http:\/\/www.icac.cat\/?post_type=post&#038;p=3699"},"modified":"2015-07-06T16:58:48","modified_gmt":"2015-07-06T16:58:48","slug":"febrer-marc-conferencies-sobre-ideologia-practiques-rituals-i-banquet-en-la-protohistoria","status":"publish","type":"post","link":"https:\/\/icac.cat\/en\/actualitat\/noticies\/2010\/febrer-marc-conferencies-sobre-ideologia-practiques-rituals-i-banquet-en-la-protohistoria\/","title":{"rendered":"Febrer-mar\u00e7: confer\u00e8ncies sobre ideologia, pr\u00e0ctiques rituals i banquet en la protohist\u00f2ria"},"content":{"rendered":"","protected":false},"excerpt":{"rendered":"<p><a href=\"https:\/\/icac.cat\/wp-content\/uploads\/images\/stories\/gal.leria\/cicleimatge.jpg\" target=\"_blank\"><img loading=\"lazy\" src=\"https:\/\/icac.cat\/wp-content\/uploads\/images\/stories\/gal.leria\/cicleimatge.jpg\" border=\"0\" alt=\"Cicle confer\u00e8ncies Citerior\" width=\"400\" height=\"288\" align=\"right\"><\/a><br \/>\n<br \/>Entre els mesos de febrer i mar\u00e7 del 2009 s&#8217;organitza el V Cicle de Confer\u00e8ncies Citerior sota el t\u00edtol<br \/>\n<strong>Ideologia, pr\u00e0ctiques rituals i banquet al nord-est de la pen\u00ednsula Ib\u00e8rica durant la protohist\u00f2ria<\/strong>. La iniciativa \u00e9s del Seminari de Protohist\u00f2ira i Arqueologia de la Universitat Rovira i Virgili (URV) i est\u00e0 coordinada per Samuel Sard\u00e0, becari predoctoral, i Jordi Diloli, professor de la URV. El cicle compta amb la participaci\u00f3 de dos investigadors de l&#8217;ICAC, la Dra. Maria Carme Belarte i el Dr. Jaume Noguera.<br \/>\n<br \/>Totes les confer\u00e8ncies es faran a la Facultat de Lletres de la Universitat Rovira i Virgili entre les set i les nou del vespre. Vegeu el programa tot seguit:<br \/>\n<br \/>Dimarts 10\/02\/09 &#8220;Comensalitat durant el bronze final i la primera edat del ferro: dip\u00f2sits relacionats amb el consum en contextos dom\u00e8stics i funeraris&#8221;, F. Javier L\u00f3pez Cachero (Universitat de Barcelona) i Silvia Albizuri (Associaci\u00f3 Catalana de Bioarqueologia)<br \/>\n<br \/>Dijous 12\/02\/09 &#8220;Arqueologia del banquet. Ritualitzaci\u00f3, semi\u00f2tica dels aliments i an\u00e0lisi contextual&#8221;, Samuel Sard\u00e0 Seuma i Jordi Diloli Fons (GRESEPIA. Universitat Rovira i Virgili)<br \/>\n<br \/>Dimarts 17\/02\/09 &#8220;Menjant plegats. Reflexions al voltant d\u2019un conjunt de vaixella recuperat a l\u2019assentament del primer ferro de Sant Jaume (Alcanar, Montsi\u00e0)&#8221;, David Garcia i Rubert (GRAP-Universitat de Barcelona) i Isabel Moreno Mart\u00ednez (GRAP-Museu d\u2019Arqueologia de Catalunya)<br \/>\n<br \/>Dijous 19\/02\/09 &#8220;Menjar, beure, cremar. Els rituals com a pr\u00e0ctiques relacionals durant l\u2019edat del ferro&#8221;, Mireia L\u00f3pez-Bertran (Universitat Pompeu Fabra) i Jaime Vives-Ferr\u00e1ndiz (Servei d\u2019Investigaci\u00f3 Prehist\u00f2rica de Val\u00e8ncia)<br \/>\n<br \/>Dimarts 24\/02\/09 &#8220;Poder, vaixella de luxe i cervesa: Polibi i els banquets dels reis ib\u00e8rics&#8221;, Pierre Moret (Universit\u00e9 de Toulouse-Le Mirail)<br \/>\n<br \/>Dijous 26\/02\/09 &#8220;Banquet funerari i elements de banquet en tombes del nord-est de la pen\u00ednsula Ib\u00e8rica entre la primera edat del ferro i l\u2019ib\u00e8ric antic&#8221;, Raimon Graells Fabregat i N\u00faria Rafel Fontanals (Universitat de Lleida)<br \/>\n<br \/>Dimarts 03\/03\/09 &#8220;Comer\u00e7 colonial, comensalitat i canvi social a la Protohist\u00f2ria de Catalunya&#8221;, Joan Sanmart\u00ed (Universitat de Barcelona), David Asensio (Universitat Aut\u00f2noma de Barcelona), M. Carme Belarte i Jaume Noguera (Institut Catal\u00e0 d\u2019Arqueologia Cl\u00e0ssica)<br \/>\n<br \/>Dijous 05\/03\/09 &#8220;Loca sacra: banquets i rituals cerimonials en \u00e8poca romana i tardoantiga&#8221;, Ricardo Mar Medina i Eva Sub\u00edas Pascual (Universitat Rovira i Virgili).<br \/>\n<br \/>Per a m\u00e9s informaci\u00f3:<br \/>\n<br \/>\n<img src=\"https:\/\/icac.cat\/wp-content\/uploads\/images\/pdf_button.png\" border=\"0\"><br \/>\n<a href=\"https:\/\/icac.cat\/wp-content\/uploads\/images\/stories\/pdf\/cicletriptic.pdf\" target=\"_blank\">Tr\u00edptic Cicle de confer\u00e8ncies<\/a><br \/>\n<img src=\"https:\/\/icac.cat\/wp-content\/uploads\/images\/pdf_button.png\" border=\"0\"><br \/>\n<a href=\"https:\/\/icac.cat\/wp-content\/uploads\/images\/stories\/pdf\/cicleresums.pdf\" target=\"_blank\">Resum confer\u00e8ncies<\/a><br \/><\/p>\n","protected":false},"author":1,"featured_media":0,"comment_status":"closed","ping_status":"closed","sticky":false,"template":"","format":"standard","meta":{"_genesis_hide_title":false,"_genesis_hide_breadcrumbs":false,"_genesis_hide_singular_image":false,"_genesis_hide_footer_widgets":false,"_genesis_custom_body_class":"","_genesis_custom_post_class":"","_genesis_layout":""},"categories":[1],"tags":[],"_links":{"self":[{"href":"https:\/\/icac.cat\/en\/wp-json\/wp\/v2\/posts\/3699"}],"collection":[{"href":"https:\/\/icac.cat\/en\/wp-json\/wp\/v2\/posts"}],"about":[{"href":"https:\/\/icac.cat\/en\/wp-json\/wp\/v2\/types\/post"}],"author":[{"embeddable":true,"href":"https:\/\/icac.cat\/en\/wp-json\/wp\/v2\/users\/1"}],"replies":[{"embeddable":true,"href":"https:\/\/icac.cat\/en\/wp-json\/wp\/v2\/comments?post=3699"}],"version-history":[{"count":1,"href":"https:\/\/icac.cat\/en\/wp-json\/wp\/v2\/posts\/3699\/revisions"}],"predecessor-version":[{"id":9273,"href":"https:\/\/icac.cat\/en\/wp-json\/wp\/v2\/posts\/3699\/revisions\/9273"}],"wp:attachment":[{"href":"https:\/\/icac.cat\/en\/wp-json\/wp\/v2\/media?parent=3699"}],"wp:term":[{"taxonomy":"category","embeddable":true,"href":"https:\/\/icac.cat\/en\/wp-json\/wp\/v2\/categories?post=3699"},{"taxonomy":"post_tag","embeddable":true,"href":"https:\/\/icac.cat\/en\/wp-json\/wp\/v2\/tags?post=3699"}],"curies":[{"name":"wp","href":"https:\/\/api.w.org\/{rel}","templated":true}]}}