{"id":3884,"date":"2010-01-31T18:09:18","date_gmt":"2010-01-31T18:09:18","guid":{"rendered":"http:\/\/www.icac.cat\/?post_type=post&#038;p=3884"},"modified":"2015-07-06T16:58:47","modified_gmt":"2015-07-06T16:58:47","slug":"presentacio-dun-llibre-de-les-excavacions-a-cubelles","status":"publish","type":"post","link":"https:\/\/icac.cat\/en\/actualitat\/noticies\/2010\/presentacio-dun-llibre-de-les-excavacions-a-cubelles\/","title":{"rendered":"Presentaci\u00f3 d&#8217;un llibre de les excavacions a Cubelles"},"content":{"rendered":"","protected":false},"excerpt":{"rendered":"<p>Avui, 24 d&#8217;octubre, es presenta el llibre<br \/>\n<em>La Solana. Mem\u00f2ria de l&#8217;excavaci\u00f3 arqueol\u00f2gica al jaciment. Cubelles, Garraf<\/em>. Ser\u00e0 a les 19.00 hores a la sala de reunions del Centre Social de Cubelles (carrer de Joan Roig i Piera, 3-5). El llibre est\u00e0 coordinat per Eul\u00e0lia Barrasetas i Ramon J\u00e1rrega, investigador de l\u2019ICAC, n\u2019ha fet l\u2019estudi de les cer\u00e0miques d&#8217;importaci\u00f3.<br \/>\n<br \/>\n<img src=\"https:\/\/icac.cat\/wp-content\/uploads\/images\/pdf_button.png\" border=\"0\"><br \/>\n<a href=\"https:\/\/icac.cat\/wp-content\/uploads\/images\/stories\/pdf\/solana.pdf\" target=\"_blank\">Invitaci\u00f3 presentaci\u00f3 <em>La Solana<\/em><\/a><\/p>\n","protected":false},"author":1,"featured_media":0,"comment_status":"closed","ping_status":"closed","sticky":false,"template":"","format":"standard","meta":{"_genesis_hide_title":false,"_genesis_hide_breadcrumbs":false,"_genesis_hide_singular_image":false,"_genesis_hide_footer_widgets":false,"_genesis_custom_body_class":"","_genesis_custom_post_class":"","_genesis_layout":""},"categories":[1],"tags":[],"_links":{"self":[{"href":"https:\/\/icac.cat\/en\/wp-json\/wp\/v2\/posts\/3884"}],"collection":[{"href":"https:\/\/icac.cat\/en\/wp-json\/wp\/v2\/posts"}],"about":[{"href":"https:\/\/icac.cat\/en\/wp-json\/wp\/v2\/types\/post"}],"author":[{"embeddable":true,"href":"https:\/\/icac.cat\/en\/wp-json\/wp\/v2\/users\/1"}],"replies":[{"embeddable":true,"href":"https:\/\/icac.cat\/en\/wp-json\/wp\/v2\/comments?post=3884"}],"version-history":[{"count":1,"href":"https:\/\/icac.cat\/en\/wp-json\/wp\/v2\/posts\/3884\/revisions"}],"predecessor-version":[{"id":9234,"href":"https:\/\/icac.cat\/en\/wp-json\/wp\/v2\/posts\/3884\/revisions\/9234"}],"wp:attachment":[{"href":"https:\/\/icac.cat\/en\/wp-json\/wp\/v2\/media?parent=3884"}],"wp:term":[{"taxonomy":"category","embeddable":true,"href":"https:\/\/icac.cat\/en\/wp-json\/wp\/v2\/categories?post=3884"},{"taxonomy":"post_tag","embeddable":true,"href":"https:\/\/icac.cat\/en\/wp-json\/wp\/v2\/tags?post=3884"}],"curies":[{"name":"wp","href":"https:\/\/api.w.org\/{rel}","templated":true}]}}