{"id":3885,"date":"2010-01-31T18:09:58","date_gmt":"2010-01-31T18:09:58","guid":{"rendered":"http:\/\/www.icac.cat\/?post_type=post&#038;p=3885"},"modified":"2015-07-06T16:58:47","modified_gmt":"2015-07-06T16:58:47","slug":"licac-celebra-el-cinque-aniversari","status":"publish","type":"post","link":"https:\/\/icac.cat\/en\/actualitat\/noticies\/2010\/licac-celebra-el-cinque-aniversari\/","title":{"rendered":"L&#8217;ICAC celebra el cinqu\u00e8 aniversari"},"content":{"rendered":"<p> <a href=\"https:\/\/icac.cat\/wp-content\/uploads\/images\/stories\/gal.leria\/5anys\/icac-5.jpg\" target=\"_blank\"><img loading=\"lazy\" src=\"https:\/\/icac.cat\/wp-content\/uploads\/images\/stories\/gal.leria\/5anys\/icac-5.jpg\" border=\"0\" alt=\"ICAC 5\u00e8 aniversari\" width=\"260\" height=\"211\" align=\"right\"><\/a><\/p>\n<p>La jornada cientificot\u00e8cnica que va tenir el 7 d&#8217;octubre a la sala d&#8217;actes de l&#8217;ICAC va servir, tamb\u00e9, per celebrar els primers cinc anys de la instituci\u00f3. A m\u00e9s dels investigadors i el personal de l&#8217;administraci\u00f3 de l&#8217;Instintut, hi van ser presents Isabel Rod\u00e0, directora; Josep Guitart, primer director; Jordi Peiret, administrador, i Antoni Gonz\u00e0lez Senmart\u00ed, secretari general de la URV i secretari del Consell de direcci\u00f3 de l&#8217;ICAC. Amb els ulls posats en el futur, la directora es va felicitar per la feina feta i va tenir paraules d&#8217;agra\u00efment per a les institucions i les persones que fan possible l&#8217;exist\u00e8ncia d&#8217;aquest institut de recerca especialitzat en arqueologia cl\u00e0ssica.<\/p>\n<p>Si voleu con\u00e8ixer la hist\u00f2ria de l&#8217;ICAC, vegeu el document seg\u00fcent:<\/p>\n<p><img src=\"https:\/\/icac.cat\/wp-content\/uploads\/images\/pdf_button.png\" border=\"0\"> <a href=\"https:\/\/icac.cat\/wp-content\/uploads\/images\/stories\/pdf\/dossier%205%20aniversariok.pdf\" target=\"_blank\">Dossier 5\u00e8 aniversari de l&#8217;ICAC<\/a><\/p>\n<p> <a href=\"https:\/\/icac.cat\/wp-content\/uploads\/images\/stories\/gal.leria\/5anys\/jgag.jpg\" target=\"_blank\"><img loading=\"lazy\" src=\"https:\/\/icac.cat\/wp-content\/uploads\/images\/stories\/gal.leria\/5anys\/jgag.jpg\" border=\"0\" alt=\"Josep Guitart i Antoni Gonz\u00e0lez\" width=\"300\" height=\"199\"><\/a> <a href=\"https:\/\/icac.cat\/wp-content\/uploads\/images\/stories\/gal.leria\/5anys\/jpir.jpg\" target=\"_blank\"><img loading=\"lazy\" src=\"https:\/\/icac.cat\/wp-content\/uploads\/images\/stories\/gal.leria\/5anys\/jpir.jpg\" border=\"0\" alt=\"Jordi Peiret i Isabel Rod\u00e0\" width=\"300\" height=\"199\"><\/a><\/p>\n<h6>A la imatge de l&#8217;esquerra, Josep Guitart, primer director de l&#8217;ICAC, i Antoni Gonz\u00e0lez, secretari general de la URV i secretari del Consell de direcci\u00f3 de l&#8217;ICAC. A la dreta, Jordi Peiret, administrador, conversant amb Isabel Rod\u00e0, directora.<\/h6>\n<p> <a href=\"https:\/\/icac.cat\/wp-content\/uploads\/images\/stories\/gal.leria\/5anys\/taula2.jpg\" target=\"_blank\"><img loading=\"lazy\" src=\"https:\/\/icac.cat\/wp-content\/uploads\/images\/stories\/gal.leria\/5anys\/taula2.jpg\" border=\"0\" alt=\"Festa 5 anys\" width=\"280\" height=\"186\"><\/a> <a href=\"https:\/\/icac.cat\/wp-content\/uploads\/images\/stories\/gal.leria\/5anys\/taula1.jpg\" target=\"_blank\"><img loading=\"lazy\" src=\"https:\/\/icac.cat\/wp-content\/uploads\/images\/stories\/gal.leria\/5anys\/taula1.jpg\" border=\"0\" alt=\"Festa 5 anys\" width=\"280\" height=\"186\"><\/a><\/p>\n<h6>Imatges del refrigeri per celebrar el primer lustre de l&#8217;ICAC.<\/h6>\n<p><a href=\"https:\/\/icac.cat\/wp-content\/uploads\/images\/stories\/gal.leria\/5anys\/pastis1.jpg\" target=\"_blank\"><img loading=\"lazy\" src=\"https:\/\/icac.cat\/wp-content\/uploads\/images\/stories\/gal.leria\/5anys\/pastis1.jpg\" border=\"0\" alt=\"Past\u00eds 5 anys\" width=\"230\" height=\"153\"><\/a> <a href=\"https:\/\/icac.cat\/wp-content\/uploads\/images\/stories\/gal.leria\/5anys\/60anys.jpg\" target=\"_blank\"><img loading=\"lazy\" src=\"https:\/\/icac.cat\/wp-content\/uploads\/images\/stories\/gal.leria\/5anys\/60anys.jpg\" border=\"0\" alt=\"Anivesari Isabel Rod\u00e0\" width=\"230\" height=\"153\"><\/a> <a href=\"https:\/\/icac.cat\/wp-content\/uploads\/images\/stories\/gal.leria\/5anys\/pastis2.jpg\" target=\"_blank\"><img loading=\"lazy\" src=\"https:\/\/icac.cat\/wp-content\/uploads\/images\/stories\/gal.leria\/5anys\/pastis2.jpg\" border=\"0\" alt=\"Past\u00eds 5 anys\" width=\"230\" height=\"153\"><\/a><\/p>\n<h6>Past\u00eds commemoratiu del cinqu\u00e8 aniversari de l&#8217;ICAC. A la foto de la dreta, el primer director de l&#8217;Institut, Josep Guitart, bufa l&#8217;espelma. Al mig, celebraci\u00f3 d&#8217;un altre aniversari de xifra rodona, els 60 anys de l&#8217;actual directora, Isabel Rod\u00e0.<\/h6>\n<p>Vegeu tot seguit un article publicat al diari <em>Aqu\u00ed<\/em> (10\/10\/2008) i un altre a <em>Diari de Tarragona<\/em> (29\/10\/2008) sobre el cinqu\u00e8 aniversari de l&#8217;ICAC.<\/p>\n<p><img src=\"https:\/\/icac.cat\/wp-content\/uploads\/images\/pdf_button.png\" border=\"0\"> <a href=\"https:\/\/icac.cat\/wp-content\/uploads\/images\/stories\/pdf\/aqui%205%20anys.pdf\" target=\"_blank\">Reportatge <em>Aqu\u00ed<\/em><\/a><\/p>\n<p><img src=\"https:\/\/icac.cat\/wp-content\/uploads\/images\/pdf_button.png\" border=\"0\"> <a href=\"https:\/\/icac.cat\/wp-content\/uploads\/images\/stories\/pdf\/5anys\/diaritarragona.pdf\">Reportatge Diari de Tarragona<\/a><\/p><\/p>\n","protected":false},"excerpt":{"rendered":"<p>Foto: A la dreta, Jordi Peiret, administrador; Isabel Rod\u00e0, directora, i Antoni Gonz\u00e0lez Senmart\u00ed, secretari general de la URV i secretari del Consell de direcci\u00f3 de l&#8217;ICAC.<br \/>\n<a href=\"https:\/\/icac.cat\/wp-content\/uploads\/images\/stories\/gal.leria\/5anys\/discurs.jpg\" target=\"_blank\"> <\/a><br \/>\n<img loading=\"lazy\" src=\"https:\/\/icac.cat\/wp-content\/uploads\/images\/stories\/gal.leria\/5anys\/discurs.jpg\" border=\"0\" alt=\"Celebraci\u00f3 5 anys\" width=\"180\" height=\"120\"><br \/><\/p>\n","protected":false},"author":1,"featured_media":0,"comment_status":"closed","ping_status":"closed","sticky":false,"template":"","format":"standard","meta":{"_genesis_hide_title":false,"_genesis_hide_breadcrumbs":false,"_genesis_hide_singular_image":false,"_genesis_hide_footer_widgets":false,"_genesis_custom_body_class":"","_genesis_custom_post_class":"","_genesis_layout":""},"categories":[1],"tags":[],"_links":{"self":[{"href":"https:\/\/icac.cat\/en\/wp-json\/wp\/v2\/posts\/3885"}],"collection":[{"href":"https:\/\/icac.cat\/en\/wp-json\/wp\/v2\/posts"}],"about":[{"href":"https:\/\/icac.cat\/en\/wp-json\/wp\/v2\/types\/post"}],"author":[{"embeddable":true,"href":"https:\/\/icac.cat\/en\/wp-json\/wp\/v2\/users\/1"}],"replies":[{"embeddable":true,"href":"https:\/\/icac.cat\/en\/wp-json\/wp\/v2\/comments?post=3885"}],"version-history":[{"count":1,"href":"https:\/\/icac.cat\/en\/wp-json\/wp\/v2\/posts\/3885\/revisions"}],"predecessor-version":[{"id":9233,"href":"https:\/\/icac.cat\/en\/wp-json\/wp\/v2\/posts\/3885\/revisions\/9233"}],"wp:attachment":[{"href":"https:\/\/icac.cat\/en\/wp-json\/wp\/v2\/media?parent=3885"}],"wp:term":[{"taxonomy":"category","embeddable":true,"href":"https:\/\/icac.cat\/en\/wp-json\/wp\/v2\/categories?post=3885"},{"taxonomy":"post_tag","embeddable":true,"href":"https:\/\/icac.cat\/en\/wp-json\/wp\/v2\/tags?post=3885"}],"curies":[{"name":"wp","href":"https:\/\/api.w.org\/{rel}","templated":true}]}}