{"id":3912,"date":"2010-01-31T18:15:05","date_gmt":"2010-01-31T18:15:05","guid":{"rendered":"http:\/\/www.icac.cat\/?post_type=post&#038;p=3912"},"modified":"2015-07-06T16:58:46","modified_gmt":"2015-07-06T16:58:46","slug":"licac-fa-cinc-anys-coincidint-amb-la-seva-presencia-al-congres-internacional-de-laiac-a-roma","status":"publish","type":"post","link":"https:\/\/icac.cat\/en\/actualitat\/noticies\/2010\/licac-fa-cinc-anys-coincidint-amb-la-seva-presencia-al-congres-internacional-de-laiac-a-roma\/","title":{"rendered":"L\u2019ICAC fa cinc anys coincidint amb la seva pres\u00e8ncia al congr\u00e9s internacional de l\u2019AIAC, a Roma"},"content":{"rendered":"<p>Prop d\u2019una quinzena d\u2019investigadors de l\u2019Institut Catal\u00e0 d\u2019Arqueologia Cl\u00e0ssica han presentat, en la dissetena edici\u00f3 d&#8217;aquest congr\u00e9s organitzat per l\u2019Associaci\u00f3 Internacional d\u2019Arqueologia Cl\u00e0ssica (AIAC), els resultats d\u2019alguns dels projectes que actualment es duen a terme des de l\u2019ICAC. Ha estat avui, 25 de setembre, al Pallazzo della FAO de Roma, en el marc de la sessi\u00f3 titulada \u201cCorrents culturals p\u00fanics, ib\u00e8rics i romans a Catalunya\u201d. La sessi\u00f3, protagonitzada totalment per arque\u00f2legs de l\u2019ICAC, l&#8217;han presentat amb una confer\u00e8ncia inaugural sota el mateix t\u00edtol la directora de l\u2019ICAC, la Dra. Isabel Rod\u00e0 de Llanza, i del Sr. Pere Izquierdo, director del Museu d\u2019Arqueologia de Catalunya.<\/p>\n<div style=\"text-align: center;\">\n <a href=\"https:\/\/icac.cat\/wp-content\/uploads\/images\/stories\/gal.leria\/AIAC\/guti.jpg\" target=\"_blank\"><img loading=\"lazy\" src=\"https:\/\/icac.cat\/wp-content\/uploads\/images\/stories\/gal.leria\/AIAC\/guti.jpg\" border=\"0\" alt=\"AIAC Guti\u00e9rrez\" width=\"300\" height=\"315\"><\/a>\n<\/div>\n<h6> <\/h6>\n<h6>Anna Guti\u00e9rrez (dreta) durant la seva intervenci\u00f3 sobre recursos lapidis al nord-est peninsular, acompanyada de Pere Izquierdo i Isabel Rod\u00e0. <\/h6>\n<p>A part d\u2019aquesta sessi\u00f3, el mateix dia 25 l\u2019arque\u00f2leg de l\u2019ICAC Josep Maria Macias ha intervingut en la sessi\u00f3 sobre ports romans a la Mediterr\u00e0nia parlant del de <em>Tarraco<\/em>, i la tamb\u00e9 investigadora de l\u2019ICAC Diana Gorostidi va pronunciar el dimecres 24 una confer\u00e8ncia sobre les darreres descobertes sobre la ciutat de <em>Tusculum<\/em>.<\/p>\n<p> <a href=\"https:\/\/icac.cat\/wp-content\/uploads\/images\/stories\/gal.leria\/AIAC\/guitart.jpg\" target=\"_blank\"><img loading=\"lazy\" src=\"https:\/\/icac.cat\/wp-content\/uploads\/images\/stories\/gal.leria\/AIAC\/guitart.jpg\" border=\"0\" alt=\"AIAC Guitart\" width=\"270\" height=\"151\"><\/a> <a href=\"https:\/\/icac.cat\/wp-content\/uploads\/images\/stories\/gal.leria\/AIAC\/carruesco.jpg\" target=\"_blank\"><img loading=\"lazy\" src=\"https:\/\/icac.cat\/wp-content\/uploads\/images\/stories\/gal.leria\/AIAC\/carruesco.jpg\" border=\"0\" alt=\"AIAC Carruesco\" width=\"310\" height=\"150\"><\/a><\/p>\n<h6>Josep Guitart (esquerra) ha parlat de l&#8217;arqueologia de la casa romana a Catalunya i Jes\u00fas Carruesco i Marta Prevosti, sobre aportacions del m\u00f3n hel\u00b7len\u00edstic a una tipologia de l&#8217;h\u00e0bitat rural rom\u00e0.<\/h6>\n<p> <a href=\"https:\/\/icac.cat\/wp-content\/uploads\/images\/stories\/gal.leria\/AIAC\/palet.jpg\" target=\"_blank\"><img loading=\"lazy\" src=\"https:\/\/icac.cat\/wp-content\/uploads\/images\/stories\/gal.leria\/AIAC\/palet.jpg\" border=\"0\" alt=\"Palet\" width=\"300\" height=\"176\"><\/a> <a href=\"https:\/\/icac.cat\/wp-content\/uploads\/images\/stories\/gal.leria\/AIAC\/macias.jpg\" target=\"_blank\"><img loading=\"lazy\" src=\"https:\/\/icac.cat\/wp-content\/uploads\/images\/stories\/gal.leria\/AIAC\/macias.jpg\" border=\"0\" alt=\"Macias\" width=\"300\" height=\"176\"><\/a><\/p>\n<h6>Josep Maria Palet (esquerra) i Josep Maria Macias en el decurs de les confer\u00e8ncies que han fet al Palazzo della FAO a Roma.<\/h6>\n<p>Es d\u00f3na la circumst\u00e0ncia que l\u2019\u00faltim dia del Congr\u00e9s, el 26 de setembre, fa <strong>cinc anys<\/strong> que es va crear l\u2019ICAC. L\u2019aniversari d\u2019aquest primer lustre de vida de l\u2019Institut s&#8217;ha celebrat, doncs, de la millor manera possible: aportant el fruit de cinc anys de treball i recerca a la comunitat cient\u00edfica en el marc del congr\u00e9s m\u00e9s emblem\u00e0tic en l\u2019\u00e0mbit de l\u2019arqueologia.<\/p>\n<p>Vegeu a continuaci\u00f3 un extracte del programa de l\u2019AIAC on apareixen referenciades les intervencions dels investigadors de l&#8217;ICAC.<\/p>\n<p>DIMECRES 24 DE SETEMBRE (11.30 h a 13.30 h)<\/p>\n<p>Tem\u00e0tica: Exchanges in the Ancient Mediterranean \u2013 Scambi nel Mediterraneo Antico<\/p>\n<p>Nom de la sessi\u00f3: Roma en el Mediterr\u00e1neo: caracterizaci\u00f3n de las relaciones entre el mundo aut\u00f3ctono y la implantaci\u00f3n romana a trav\u00e9s del an\u00e1lisis de diferentes aspectos del \u00e1mbito de las creencias<\/p>\n<p>Coordinador: Oliva Rodr\u00edguez Guti\u00e9rrez (Universidad de Sevilla) &amp; Valentina Da Pozzo (University of Reading)<\/p>\n<p>Moderadors: Manuel Bendala Gal\u00e1n (Universidad Aut\u00f3noma de Madrid), Simon Keay (British School at Rome, University of Southampton)<\/p>\n<p><strong>Diana Gorostidi<\/strong> (Institut Catal\u00e0 d&#8217;Arqueologia Cl\u00e0ssica) &#8220;L\u2019ambito italico: Conservadurismo it\u00e1lico y oficialidad romana: los colegios sacerdotales de la ciudad de Tusculum. Novedades a trav\u00e9s del estudio de la documentaci\u00f3n epigr\u00e1fica&#8221;<\/p>\n<p>DIJOUS 25 DE SETEMBRE (11.30 a 13.30 h)<\/p>\n<p>Tem\u00e0tica: The Punic World and its Neighbours \u2013 Il Mondo Punico e i Suoi Vicini<\/p>\n<p>Nom de la sessi\u00f3: &#8220;Corrientes culturales p\u00fanicas, Ib\u00e9ricas y romanas en Catalu\u00f1a&#8221; . Confer\u00e8ncia inaugural a c\u00e0rrec d&#8217;<strong>Isabel Rod\u00e0 de Llanza<\/strong> (ICAC) i Pere Izquierdo (Museu d\u2019Arqueologia de Catalunya).<\/p>\n<p>Coordinador: Isabel Rod\u00e0 de Llanza (Institut Catal\u00e0 d\u2019Arqueologia Cl\u00e0ssica, Tarragona)<\/p>\n<p>Moderador: Pere Izquierdo (Museu d\u2019Arqueologia de Catalunya)<\/p>\n<p>1. <strong>M. Carme Belarte<\/strong> (Investigadora ICREA, ICAC) &amp; Jordi Principal (Museu d\u2019Arqueologia de Catalunya) &#8220;\u00bfLos romanos &#8220;iberizados&#8221;? Construcci\u00f3n romana y tradici\u00f3n ind\u00edgena en la Hispania Citerior mediter\u00e1nea&#8221;<\/p>\n<p>2. <strong>Anna Guti\u00e9rrez Garc\u00eda-Moreno<\/strong> (ICAC) &#8220;Recursos lap\u00eddeos del noreste de la pen\u00ednsula Ib\u00e9rica en \u00e9poca romana: canteras y ciudades&#8221;<\/p>\n<p>3. <strong>Josep Guitart<\/strong> (UAB\/ICAC) &amp; <strong>Ada Cort\u00e9s<\/strong> (ICAC) &#8220;La arqueolog\u00eda de la casa romana en Catalu\u00f1a&#8221;<\/p>\n<p>4. <strong>Josep Maria Palet<\/strong> (ICAC), <strong>H\u00e9ctor Orengo<\/strong> (ICAC), <strong>Ana Ejarque<\/strong> (ICAC), <strong>Itxaso Euba<\/strong> (ICAC) &amp; Santiago Riera (Universitat de Barcelona) &#8220;Formas de paisaje de monta\u00f1a y ocupaci\u00f3n del territorio en los Pirineos orientales en \u00e9poca romana: estudios pluridisciplinares en el valle del Madriu-Perafita-Claror (Andora) y en la Sierra del Cad\u00ed (Catalu\u00f1a)&#8221;<\/p>\n<p>5. <strong>Jes\u00fas Carruesco<\/strong> (ICAC) &amp; <strong>Marta Prevosti<\/strong> (ICAC) &#8220;Aportaciones del mundo helen\u00edstico a una tipolog\u00eda de h\u00e1bitat rural romano: casa-torre y casas fortificadas&#8221;<\/p>\n<p>6. <strong>Josep Macias Sol\u00e9<\/strong> (ICAC), <strong>Joan J. Menchon Bes<\/strong> (Ajuntament de Tarragona), <strong>Andreu Mu\u00f1oz Melgar<\/strong> (Museu B\u00edblic Tarraconense) &amp; <strong>Inmaculada Teixell Navarro<\/strong> (Museu B\u00edblic Tarraconense\/Codex) &#8220;La acr\u00f3polis de T\u00e1rraco y la implantaci\u00f3n urbana del culto imperial en la capital de la Hispania Citerior&#8221;<\/p>\n<p>Tem\u00e0tica: Exchanges in the Ancient Mediterranean \u2013 Scambi nel Mediterraneo Antico<\/p>\n<p>Nom de la sessi\u00f3: B. Portus, Ostia and the Ports of the Roman Mediterranean Contributions from Archaeology and History II: The Regional Ports<\/p>\n<p>Coordinador: Giulia Boetto (Centre Camille Jullian, Universit\u00e9 d\u2019Aix-en-Provence)<\/p>\n<p>Moderador: Geoffrey Rickman (University of St. Andrews)<\/p>\n<p>J. A. Remol\u00e0 &amp; <strong>Josep M. Macias i Sol\u00e9<\/strong> (Museu Nacional Arqueol\u00f2gic de Tarragona &amp; Institut Catal\u00e0 d\u2019Arqueologia Cl\u00e0ssica) &#8220;Portus Tarraconensis (Hispania Citerior)&#8221;<\/p>\n<p> <a href=\"https:\/\/icac.cat\/wp-content\/uploads\/images\/stories\/gal.leria\/ager.jpg\" target=\"_blank\"><img loading=\"lazy\" src=\"https:\/\/icac.cat\/wp-content\/uploads\/images\/stories\/gal.leria\/ager.jpg\" border=\"0\" alt=\"Ager Tarraconensis\" width=\"270\" height=\"203\"><\/a> <a href=\"https:\/\/icac.cat\/wp-content\/uploads\/images\/stories\/gal.leria\/iesso.jpg\" target=\"_blank\"> <img loading=\"lazy\" src=\"https:\/\/icac.cat\/wp-content\/uploads\/images\/stories\/gal.leria\/iesso.jpg\" border=\"0\" alt=\"Iesso\" width=\"270\" height=\"203\"><\/a><\/p>\n<h6>Prospeccions a l&#8217;<em>Ager Tarraconensis<\/em> (esquerra) i intervenci\u00f3 arqueol\u00f2gica a <em>Iesso<\/em> (Guissona).<\/h6>\n<p>D&#8217;altra banda, diversos investigadors de l&#8217;ICAC tamb\u00e9 han presentat p\u00f2sters en el marc del Congr\u00e9s. S\u00f3n els seg\u00fcents:<\/p>\n<p><strong>S\u00edlvia Alcaide<\/strong> (ICAC): &#8220;Aplicaciones TIC al estudio de las iglesias tardoantiguas de las islas Baleares&#8221;<\/p>\n<p><a href=\"https:\/\/icac.cat\/wp-content\/uploads\/images\/stories\/gal.leria\/AIAC\/alcaide.jpg\" target=\"_blank\"><img loading=\"lazy\" src=\"https:\/\/icac.cat\/wp-content\/uploads\/images\/stories\/gal.leria\/AIAC\/alcaide.jpg\" border=\"0\" alt=\"S\u00edlvia Alcaide a l'AIAC\" width=\"230\" height=\"173\" align=\"right\"><\/a><strong>Jordi L\u00f3pez<\/strong> (ICAC) i Llu\u00eds Pi\u00f1ol Masgoret (Museu d\u2019Hist\u00f2ria de Tarragona): &#8220;Terracotte architettoniche romane a Tarraco. Lastre Campane ed antefisse italiche e di produzione local negli scavi del circo romano&#8221;<\/p>\n<p><strong>Marta Fl\u00f3rez<\/strong> (ICAC):&#8221;Din\u00e1micas del poblamiento y romanizaci\u00f3n en la Laietania interior (Vall\u00e8s Oriental, Barcelona) del siglo IV al siglo I aC<strong>.<\/strong><\/p>\n<p><strong>Itxaso Euba<\/strong> (ICAC) i <strong>Josep Maria Palet<\/strong> (ICAC): &#8220;Estudio antracol\u00f3gico de los hornos romanos (s. II d.C.) de los yacimientos de Goler\u00f3 (Sierra del Cad\u00ed; Alt Urgell) y Pla de l&#8217;Ingla (Vall de Madrid; Andorra): Un estudio sobre la explotaci\u00f3n de los recursos forestales relacionados con la actividad metal\u00fargica en alta monta\u00f1a durante la \u00e9poca romana&#8221;. <\/p>\n<p><a href=\"https:\/\/icac.cat\/wp-content\/uploads\/images\/stories\/gal.leria\/AIAC\/posters.jpg\" target=\"_blank\"><img loading=\"lazy\" src=\"https:\/\/icac.cat\/wp-content\/uploads\/images\/stories\/gal.leria\/AIAC\/posters.jpg\" border=\"0\" alt=\"Posters AIAC\" width=\"280\" height=\"210\"><\/a> <a href=\"https:\/\/icac.cat\/wp-content\/uploads\/images\/stories\/gal.leria\/AIAC\/posters%20palet.jpg\" target=\"_blank\"><img loading=\"lazy\" src=\"https:\/\/icac.cat\/wp-content\/uploads\/images\/stories\/gal.leria\/AIAC\/posters%20palet.jpg\" border=\"0\" alt=\"Posters a l'AIAC 2\" width=\"280\" height=\"210\"><\/a><\/p>\n<h6> <\/h6>\n<h6>Dues imatges de la sala on es van exposar els p\u00f2sters del congr\u00e9s. A dalt, S\u00edlvia Alcaide al costat del seu p\u00f2ster.<\/h6>\n<p>L\u2019AIAC (Associaci\u00f3 Internacional d&#8217;Arqueologia Cl\u00e0ssica) es va fundar a Roma el 1945 i des del 1958 organitza peri\u00f2dicament el Congr\u00e9s Internacional d\u2019Arqueologia Cl\u00e0ssica. Amsterdam (1998), Tarragona (1993) i Boston (2003) s\u00f3n algunes de les ciutats que han estat seus d\u2019aquest Congr\u00e9s. Enguany, coincidint amb els cinquanta anys de la iniciativa, la cita tindr\u00e0 lloc a Roma.<\/p>\n<p>En el seg\u00fcent document trobareu el programa detallat del Congr\u00e9s:<\/p>\n<p> <img src=\"https:\/\/icac.cat\/wp-content\/uploads\/images\/pdf_button.png\" border=\"0\"> <a href=\"https:\/\/icac.cat\/wp-content\/uploads\/images\/stories\/pdf\/programa%20aiac.pdf\" target=\"_blank\">Programa Congr\u00e9s AIAC 2008<\/a><\/p>\n<p>Per a m\u00e9s informaci\u00f3, tant de l\u2019AIAC com del Congr\u00e9s, vegeu la p\u00e0gina web seg\u00fcent:<\/p>\n<p><a href=\"http:\/\/www.aiac.org\/\">http:\/\/www.aiac.org\/<\/a> <\/p><\/p>\n","protected":false},"excerpt":{"rendered":"<p><a href=\"https:\/\/icac.cat\/wp-content\/uploads\/images\/stories\/gal.leria\/prospeccions%20catedral.jpg\" target=\"_blank\"><img loading=\"lazy\" src=\"https:\/\/icac.cat\/wp-content\/uploads\/images\/stories\/gal.leria\/prospeccions%20catedral.jpg\" border=\"0\" alt=\"Prospeccions geof\u00edsiques catedral Tarragona\" width=\"170\" height=\"114\" align=\"right\"><\/a>Del 22 al 26 de setembre s&#8217;ha celebrat a Roma el XVII Congr\u00e9s Internacional d\u2019Arqueologia Cl\u00e0ssica, en el marc del qual l&#8217;ICAC, a punt de fer cinc anys, ha tingut un paper molt rellevant.<\/p>\n","protected":false},"author":1,"featured_media":0,"comment_status":"closed","ping_status":"closed","sticky":false,"template":"","format":"standard","meta":{"_genesis_hide_title":false,"_genesis_hide_breadcrumbs":false,"_genesis_hide_singular_image":false,"_genesis_hide_footer_widgets":false,"_genesis_custom_body_class":"","_genesis_custom_post_class":"","_genesis_layout":""},"categories":[1],"tags":[],"_links":{"self":[{"href":"https:\/\/icac.cat\/en\/wp-json\/wp\/v2\/posts\/3912"}],"collection":[{"href":"https:\/\/icac.cat\/en\/wp-json\/wp\/v2\/posts"}],"about":[{"href":"https:\/\/icac.cat\/en\/wp-json\/wp\/v2\/types\/post"}],"author":[{"embeddable":true,"href":"https:\/\/icac.cat\/en\/wp-json\/wp\/v2\/users\/1"}],"replies":[{"embeddable":true,"href":"https:\/\/icac.cat\/en\/wp-json\/wp\/v2\/comments?post=3912"}],"version-history":[{"count":1,"href":"https:\/\/icac.cat\/en\/wp-json\/wp\/v2\/posts\/3912\/revisions"}],"predecessor-version":[{"id":9228,"href":"https:\/\/icac.cat\/en\/wp-json\/wp\/v2\/posts\/3912\/revisions\/9228"}],"wp:attachment":[{"href":"https:\/\/icac.cat\/en\/wp-json\/wp\/v2\/media?parent=3912"}],"wp:term":[{"taxonomy":"category","embeddable":true,"href":"https:\/\/icac.cat\/en\/wp-json\/wp\/v2\/categories?post=3912"},{"taxonomy":"post_tag","embeddable":true,"href":"https:\/\/icac.cat\/en\/wp-json\/wp\/v2\/tags?post=3912"}],"curies":[{"name":"wp","href":"https:\/\/api.w.org\/{rel}","templated":true}]}}