{"id":3974,"date":"2010-01-31T18:27:59","date_gmt":"2010-01-31T18:27:59","guid":{"rendered":"http:\/\/www.icac.cat\/?post_type=post&#038;p=3974"},"modified":"2015-07-06T16:58:46","modified_gmt":"2015-07-06T16:58:46","slug":"xerrada-sobre-fotografia-panoramica-en-arqueologia","status":"publish","type":"post","link":"https:\/\/icac.cat\/en\/actualitat\/noticies\/2010\/xerrada-sobre-fotografia-panoramica-en-arqueologia\/","title":{"rendered":"Xerrada sobre fotografia panor\u00e0mica en arqueologia"},"content":{"rendered":"","protected":false},"excerpt":{"rendered":"<p>\u201cFotografia panor\u00e0mica i les seves aplicacions al m\u00f3n de l\u2019arqueologia\u201d \u00e9s el t\u00edtol de la xerrada informativa que far\u00e0 Dom\u00e8nec Ribes el proper dijous 22 de maig a les 13 hores a la Sala d\u2019actes de l\u2019Institut Catal\u00e0 d\u2019Arqueologia Cl\u00e0ssica. La fotografia panor\u00e0mica \u00e9s una tecnologia que permet emular en l\u2019ordinador la totalitat del camp visible des d\u2019un punt determinat; crea una sensaci\u00f3 de realitat virtual a partir de fotografies, per\u00f2 amb un proc\u00e9s de generaci\u00f3 r\u00e0pid i sense grans exig\u00e8ncies t\u00e8cniques. \u00c9s un mitj\u00e0 ideal per il\u2022lustrar grans panor\u00e0miques, posar de relleu les excel\u2022l\u00e8ncies d\u2019un indret determinat dins el territori, ajudar a entendre l\u2019espai de l\u2019arquitectura i \u00e9s tamb\u00e9 una immillorable eina divulgativa i docent. Tot i la seva relativa facilitat de creaci\u00f3 i la contund\u00e8ncia dels resultats, la fotografia panor\u00e0mica segueix sent una t\u00e8cnica poc utilitzada en arqueologia. La Unitat de Documentaci\u00f3 Gr\u00e0fica de l\u2019ICAC, d\u2019acord amb la filosofia de promoure l\u2019\u00fas de noves (i velles) tecnologies i de formes innovadores de treballar dins el m\u00f3n de la documentaci\u00f3 gr\u00e0fica, organitza aquesta xerrada informativa per il\u2022lustrar la potencialitat que t\u00e9 aquesta eina, que \u00e9s r\u00e0pida, c\u00f2moda i f\u00e0cil d\u2019utilitzar. Foto: Pretori rom\u00e0 de Tarragona.<br \/>\n<img loading=\"lazy\" src=\"https:\/\/icac.cat\/wp-content\/uploads\/images\/stories\/gal.leria\/pretori2.jpg\" border=\"0\" title=\"Pretori rom\u00e0 de Tarragona\" width=\"150\" height=\"75\" align=\"left\"><\/p>\n","protected":false},"author":1,"featured_media":0,"comment_status":"closed","ping_status":"closed","sticky":false,"template":"","format":"standard","meta":{"_genesis_hide_title":false,"_genesis_hide_breadcrumbs":false,"_genesis_hide_singular_image":false,"_genesis_hide_footer_widgets":false,"_genesis_custom_body_class":"","_genesis_custom_post_class":"","_genesis_layout":""},"categories":[1],"tags":[],"_links":{"self":[{"href":"https:\/\/icac.cat\/en\/wp-json\/wp\/v2\/posts\/3974"}],"collection":[{"href":"https:\/\/icac.cat\/en\/wp-json\/wp\/v2\/posts"}],"about":[{"href":"https:\/\/icac.cat\/en\/wp-json\/wp\/v2\/types\/post"}],"author":[{"embeddable":true,"href":"https:\/\/icac.cat\/en\/wp-json\/wp\/v2\/users\/1"}],"replies":[{"embeddable":true,"href":"https:\/\/icac.cat\/en\/wp-json\/wp\/v2\/comments?post=3974"}],"version-history":[{"count":1,"href":"https:\/\/icac.cat\/en\/wp-json\/wp\/v2\/posts\/3974\/revisions"}],"predecessor-version":[{"id":9214,"href":"https:\/\/icac.cat\/en\/wp-json\/wp\/v2\/posts\/3974\/revisions\/9214"}],"wp:attachment":[{"href":"https:\/\/icac.cat\/en\/wp-json\/wp\/v2\/media?parent=3974"}],"wp:term":[{"taxonomy":"category","embeddable":true,"href":"https:\/\/icac.cat\/en\/wp-json\/wp\/v2\/categories?post=3974"},{"taxonomy":"post_tag","embeddable":true,"href":"https:\/\/icac.cat\/en\/wp-json\/wp\/v2\/tags?post=3974"}],"curies":[{"name":"wp","href":"https:\/\/api.w.org\/{rel}","templated":true}]}}