{"id":40424,"date":"2019-05-03T12:59:58","date_gmt":"2019-05-03T10:59:58","guid":{"rendered":"http:\/\/www.icac.cat\/?p=40424"},"modified":"2019-05-03T13:42:20","modified_gmt":"2019-05-03T11:42:20","slug":"licac-participa-novament-en-la-celebracio-del-festival-tarraco-viva","status":"publish","type":"post","link":"https:\/\/icac.cat\/en\/actualitat\/noticies\/2019\/licac-participa-novament-en-la-celebracio-del-festival-tarraco-viva\/","title":{"rendered":"L&#8217;ICAC participa novament en la celebraci\u00f3 del festival Tarraco Viva"},"content":{"rendered":"<h5>Arranca la <a href=\"https:\/\/www.tarracoviva.com\/\" target=\"_blank\">XXI edici\u00f3 del festival <strong>Tarraco Viva<\/strong><\/a>.<\/h5>\n<p>L&#8217;ICAC, com en edicions anteriors, hi participa en diferents activitats. Enguany ha refor\u00e7at el seu paper assessor, amb la col\u00b7laboraci\u00f3 del grup de recerca <strong><a href=\"https:\/\/icac.cat\/recerca\/equips-de-recerca\/seminari-de-topografia-antiga-setopant\/\" target=\"_blank\">SETOPANT<\/a><\/strong>\u00a0(URV-ICAC). La col\u00b7laboraci\u00f3 ha consistit, fonamentalment, en un treball de <strong>recreaci\u00f3 virtual del f\u00f2rum de <em>Tarraco<\/em><\/strong>\u00a0que s&#8217;exposar\u00e0 en les activitats de divulgaci\u00f3 hist\u00f2rica del festival. \u00c9s una manera d&#8217;apropar l&#8217;expertesa de l&#8217;ICAC i el SETOPANT en l&#8217;\u00fas de la realitat virtual per al coneixement i <a href=\"https:\/\/icac.cat\/difusio\/patrimoni-en-3d\/\" target=\"_blank\">divulgaci\u00f3 del patrimoni<\/a>. En aquest cas, al voltant de l\u2019arquitectura i urbanisme de l\u2019antiga <em>Tarraco<\/em>.<\/p>\n<figure id=\"attachment_40427\" aria-describedby=\"caption-attachment-40427\" style=\"width: 790px\" class=\"wp-caption aligncenter\"><a href=\"https:\/\/icac.cat\/wp-content\/uploads\/2019\/05\/SETOPANT_recreacio-virtual_TarracoViva2019.jpg\"><img loading=\"lazy\" class=\"size-large wp-image-40427\" src=\"https:\/\/icac.cat\/wp-content\/uploads\/2019\/05\/SETOPANT_recreacio-virtual_TarracoViva2019-1024x512.jpg\" alt=\"Recreaci\u00f3 virtual i en color de la ciutat de Tarraco (fase treball). Imatge: SETOPANT (URV-ICAC)\" width=\"790\" height=\"395\" srcset=\"https:\/\/icac.cat\/wp-content\/uploads\/2019\/05\/SETOPANT_recreacio-virtual_TarracoViva2019-1024x512.jpg 1024w, https:\/\/icac.cat\/wp-content\/uploads\/2019\/05\/SETOPANT_recreacio-virtual_TarracoViva2019-400x200.jpg 400w, https:\/\/icac.cat\/wp-content\/uploads\/2019\/05\/SETOPANT_recreacio-virtual_TarracoViva2019.jpg 1227w\" sizes=\"(max-width: 790px) 100vw, 790px\" \/><\/a><figcaption id=\"caption-attachment-40427\" class=\"wp-caption-text\">Recreaci\u00f3 virtual i en color de la ciutat de <em>Tarraco<\/em> (fase treball). Imatge: SETOPANT (URV-ICAC)<\/figcaption><\/figure>\n<p>&nbsp;<\/p>\n<div class=\"destacat-entrevista dreta\">\n<p><a href=\"https:\/\/www.tarracoviva.com\/cat\/actividad\/dialegs_amb_la_historia_la_ciutat_romana_i_el_mon_urba_en_el_mediterrani_classic\/747\" target=\"_blank\"><strong>Di\u00e0legs amb la hist\u00f2ria: la ciutat romana i el m\u00f3n urb\u00e0 en el Mediterrani cl\u00e0ssic<\/strong><\/a><\/p>\n<\/div>\n<p>Una altra novetat en l&#8217;edici\u00f3 d&#8217;enguany \u00e9s l&#8217;activitat <a href=\"https:\/\/www.tarracoviva.com\/cat\/actividad\/dialegs_amb_la_historia_la_ciutat_romana_i_el_mon_urba_en_el_mediterrani_classic\/747\" target=\"_blank\"><strong>Di\u00e0legs amb la hist\u00f2ria: la ciutat romana i el m\u00f3n urb\u00e0 en el Mediterrani cl\u00e0ssic<\/strong><\/a>. A partir de la reflexi\u00f3 seg\u00fcent: &#8220;El m\u00f3n rom\u00e0 era b\u00e0sicament un m\u00f3n urb\u00e0 i la ciutat va articular gran part de la civilitzaci\u00f3 romana. Qu\u00e8 resta de la seva petjada en la nostra cultura actual?&#8221;, diversos investigadors faran un debat sobre les principals caracter\u00edstiques del m\u00f3n urb\u00e0 rom\u00e0 i la seva petjada en la nostra cultura actual.<\/p>\n<p>El director e. f. de l&#8217;ICAC, <a href=\"https:\/\/icac.cat\/qui-som\/personal\/jpalet\/\" target=\"_blank\"><strong>Josep Maria Palet<\/strong><\/a>, \u00e9s un dels investigadors que participar\u00e0 en el debat, juntament amb <a href=\"https:\/\/icac.cat\/qui-som\/personal\/jruizdearbulo\/\" target=\"_blank\"><strong>Joaqu\u00edn Ruiz de Arbulo<\/strong> <\/a>(URV-ICAC), <a href=\"https:\/\/icac.cat\/qui-som\/personal\/jcarruesco\/\" target=\"_blank\"><strong>Jes\u00fas Carruesco<\/strong><\/a> (URV-ICAC) i <a href=\"http:\/\/urv.academia.edu\/RicardoMar\" target=\"_blank\">Ricardo Mar<\/a> (URV); amb Mag\u00ed Seritjol (director del festival Tarraco Viva) i el periodista Enric Calpena.<\/p>\n<div class=\"highlight-block\">\n<p>\u00a0Dimarts, 7 de maig. 19:00 h. Antiga Audi\u00e8ncia (Pla\u00e7a del Pallol, 3, Tarragona). Entrada de pagament:\u00a03 \u20ac. Edat recomanada: a partir de 12 anys.<\/p>\n<\/div>\n<h3><span style=\"color: #000080;\"><strong>XII edici\u00f3 del Cicle de documentals arqueol\u00f2gics, a l&#8217;ICAC<\/strong><\/span><\/h3>\n<p>Una activitat ja caracter\u00edstica del festival i que identifiquem plenament amb l&#8217;ICAC \u00e9s la projecci\u00f3 de documentals de tem\u00e0tica arqueol\u00f2gica. Enguany, el cicle arriba a la seva XII edici\u00f3. Les projeccions es repartiran entre els dies 7, 8 i 9 de maig. Entrada lliure!<\/p>\n<p><strong><a href=\"https:\/\/www.tarracoviva.com\/actividad?dia=2019-05-07&amp;cat=710\" target=\"_blank\">Dimarts 7 de maig<\/a><\/strong><\/p>\n<ul>\n<li>16:30 h.\u00a0<em>T\u2019expliquem l\u2019arqueologia<\/em>\u00a0[7\u2019]<\/li>\n<li>16:40 h.\u00a0<em>Ingenier\u00eda romana: Acueductos I<\/em>\u00a0[57\u2019]<\/li>\n<li>17:40 h. Pausa<\/li>\n<li>17:55 h.\u00a0<em>Ingenier\u00eda romana: Acueductos II<\/em>\u00a0[50\u2019]<\/li>\n<\/ul>\n<p><strong><a href=\"https:\/\/www.tarracoviva.com\/actividad?dia=2019-05-08&amp;cat=710\" target=\"_blank\">Dimecres 8 de maig<\/a><\/strong><strong>\u00a0<\/strong><\/p>\n<ul>\n<li>16:30 h.\u00a0<em>La estela de tormenta: revelaciones sobre el \u00e9xodo y plagas de Egipto\u00a0<\/em>[65\u2019]<\/li>\n<li>17:35 h. Pausa<\/li>\n<li>17:50 h. <em>T\u2019expliquem l\u2019arqueologia<\/em>\u00a0[7\u2019]<\/li>\n<li>18:00 h.\u00a0<em>Metellinum, Tesoros al descubierto\u00a0<\/em>[36\u2019]<\/li>\n<\/ul>\n<p><a href=\"https:\/\/www.tarracoviva.com\/actividad?dia=2019-05-09&amp;cat=710\" target=\"_blank\"><strong>Dijous 9 de maig<\/strong><strong>\u00a0<\/strong><\/a><\/p>\n<ul>\n<li>16:30 h.\u00a0<em>T\u2019expliquem l\u2019arqueologia\u00a0<\/em>[7\u2019]<\/li>\n<li>16:40 h.\u00a0<em>Investigaciones en aguas profundas: La pista del vino<\/em>\u00a0[26\u2019]<\/li>\n<li>17:10 h.\u00a0<em>Investigaciones en aguas profundas: El Tesoro de la isla de Batz\u00a0<\/em>[25\u2019]<\/li>\n<li>17:35 h. Pausa<\/li>\n<li>17:50 h.\u00a0<em>Siguiendo nuestras huellas: el viajero galoromano<\/em>\u00a0[26\u2019]<\/li>\n<\/ul>\n<p>&nbsp;<\/p>\n<div class=\"destacat-entrevista dreta\">\n<p><a href=\"https:\/\/www.tarracoviva.com\/actividad?dia=&amp;cat=710\" target=\"_blank\">XII Cicle de documentals arqueol\u00f2gics: a l&#8217;ICAC, els dies 7, 8 i 9 de maig<\/a><\/p>\n<\/div>\n<figure id=\"attachment_40419\" aria-describedby=\"caption-attachment-40419\" style=\"width: 401px\" class=\"wp-caption alignnone\"><a href=\"https:\/\/icac.cat\/wp-content\/uploads\/2019\/05\/Acueductos-romanos-I_captura.jpg\"><img loading=\"lazy\" class=\"wp-image-40419\" src=\"https:\/\/icac.cat\/wp-content\/uploads\/2019\/05\/Acueductos-romanos-I_captura.jpg\" alt=\"Captura de pantalla del documental Acueductos romanos I\" width=\"401\" height=\"226\" \/><\/a><figcaption id=\"caption-attachment-40419\" class=\"wp-caption-text\">Un moment del documental <em>Acueductos romanos I (&#8230;)<\/em><\/figcaption><\/figure>\n<p>&nbsp;<\/p>\n<h3><span style=\"color: #000080;\">IX Passejada arqueol\u00f2gica pel teatre rom\u00e0 de T\u00e0rraco<\/span><\/h3>\n<div>Per nov\u00e8 any consecutiu, l&#8217;Associaci\u00f3 APLEC (Associaci\u00f3 de professorat de lleng\u00fces cl\u00e0ssiques de Catalunya) i l&#8217;ICAC organitzen aquesta activitat gratu\u00efta adre\u00e7ada a alumnat de llat\u00ed, grec i m\u00f3n cl\u00e0ssic de 4t d&#8217;ESO i Batxillerat, enguany amb la col\u00b7laboraci\u00f3 del MNAT.<\/div>\n<div>La <a href=\"https:\/\/www.tarracoviva.com\/cat\/actividad\/ix_passejada_arqueologica_pel_teatre_roma_de_tarraco\/830\" target=\"_blank\"><strong>IX Passejada arqueol\u00f2gica<\/strong><\/a> es far\u00e0 dues vegades: els dies 15 i 17 de maig (d&#8217;11:30 h a 13:30 h). En la passejada, l&#8217;alumnat podr\u00e0 accedir a l&#8217;interior del teatre rom\u00e0 i contemplar les parts que se&#8217;n conserven, amb la interpretaci\u00f3 de l&#8217;investigador de l&#8217;ICAC <a href=\"https:\/\/icac.cat\/qui-som\/personal\/jlopez\/\" target=\"_blank\"><strong>Jordi L\u00f3pez<\/strong><\/a>. L&#8217;activitat es dividir\u00e0 en dos grups:\u00a0un es quedar\u00e0 a l\u2019exposici\u00f3 de s\u00edntesi del MNAT (on hi haur\u00e0 una confer\u00e8ncia sobre el teatre), i un segon grup visitar\u00e0 les restes arqueol\u00f2giques del teatre.<\/div>\n<ul>\n<li>Punt de trobada: MNAT (Tinglado 4 del moll de costa).<\/li>\n<li>Inscripci\u00f3: enviar un correu a\u00a0<a href=\"mailto:correu.aplec@gmail.com\" target=\"_blank\">correu.aplec@gmail.com<\/a>\u00a0fins el 8 de maig. Places limitades a 80 persones.<\/li>\n<\/ul>\n<p><a href=\"https:\/\/icac.cat\/wp-content\/uploads\/2019\/05\/IX-Passejada-arqueologica_cartell.jpg\"><img loading=\"lazy\" class=\"aligncenter size-medium wp-image-40437\" src=\"https:\/\/icac.cat\/wp-content\/uploads\/2019\/05\/IX-Passejada-arqueologica_cartell-400x566.jpg\" alt=\"IX Passejada arqueologica_cartell\" width=\"400\" height=\"566\" srcset=\"https:\/\/icac.cat\/wp-content\/uploads\/2019\/05\/IX-Passejada-arqueologica_cartell-400x566.jpg 400w, https:\/\/icac.cat\/wp-content\/uploads\/2019\/05\/IX-Passejada-arqueologica_cartell-724x1024.jpg 724w\" sizes=\"(max-width: 400px) 100vw, 400px\" \/><\/a><\/p>\n<h3><\/h3>\n<h3><span style=\"color: #000080;\"><strong>VIII edici\u00f3 del concurs Odissea 2019<\/strong><\/span><\/h3>\n<p>L&#8217;ICAC \u00e9s un dels patrocinadors del <strong>concurs Odissea<\/strong>, organitzat per l&#8217;Associaci\u00f3 Aplec (Associaci\u00f3 de professorat de lleng\u00fces cl\u00e0ssiques de Catalunya). L<span class=\"c7\">a <\/span><span class=\"c0\">vuitena edici\u00f3 del concurs Odissea<\/span> a Catalunya\u00a0ha girat al voltant de<span class=\"c4\">l <\/span><span class=\"c7\">tema \u201c<\/span><span class=\"c0\">La ci\u00e8ncia i la tecnologia a Gr\u00e8cia i Roma<\/span><span class=\"c7\">\u201d.<\/span><span class=\"c4\"> Hi han participat estudiants de centres de secund\u00e0ria d&#8217;arreu de Catalunya<\/span><span class=\"c4\">. L&#8217;equip guanyador de la filial catalana del concurs\u00a0 representar\u00e0 Catalunya a la final estatal.\u00a0<\/span><\/p>\n<p>L&#8217;entrega de premis es far\u00e0 el <strong>divendres 17 de maig<\/strong>, a les <strong>13:30 h<\/strong>, a la <strong>Sala d&#8217;Actets de l&#8217;ICAC<\/strong>.<\/p>\n<p>&nbsp;<\/p>\n<h3><\/h3>\n<p>&nbsp;<\/p>\n","protected":false},"excerpt":{"rendered":"<p>Arranca la XXI edici\u00f3 del festival Tarraco Viva. L&#8217;ICAC, com en edicions anteriors, hi participa en diferents activitats. Enguany ha refor\u00e7at el seu paper assessor, amb la col\u00b7laboraci\u00f3 del grup de recerca SETOPANT\u00a0(URV-ICAC). La col\u00b7laboraci\u00f3 ha consistit, fonamentalment, en un treball de recreaci\u00f3 virtual del f\u00f2rum de Tarraco\u00a0que s&#8217;exposar\u00e0 en les activitats de divulgaci\u00f3 hist\u00f2rica [&hellip;]<\/p>\n","protected":false},"author":160,"featured_media":40442,"comment_status":"closed","ping_status":"closed","sticky":false,"template":"","format":"standard","meta":{"_genesis_hide_title":false,"_genesis_hide_breadcrumbs":false,"_genesis_hide_singular_image":false,"_genesis_hide_footer_widgets":false,"_genesis_custom_body_class":"","_genesis_custom_post_class":"","_genesis_layout":""},"categories":[184,188,186,1],"tags":[379,297,264,296],"_links":{"self":[{"href":"https:\/\/icac.cat\/en\/wp-json\/wp\/v2\/posts\/40424"}],"collection":[{"href":"https:\/\/icac.cat\/en\/wp-json\/wp\/v2\/posts"}],"about":[{"href":"https:\/\/icac.cat\/en\/wp-json\/wp\/v2\/types\/post"}],"author":[{"embeddable":true,"href":"https:\/\/icac.cat\/en\/wp-json\/wp\/v2\/users\/160"}],"replies":[{"embeddable":true,"href":"https:\/\/icac.cat\/en\/wp-json\/wp\/v2\/comments?post=40424"}],"version-history":[{"count":5,"href":"https:\/\/icac.cat\/en\/wp-json\/wp\/v2\/posts\/40424\/revisions"}],"predecessor-version":[{"id":40460,"href":"https:\/\/icac.cat\/en\/wp-json\/wp\/v2\/posts\/40424\/revisions\/40460"}],"wp:featuredmedia":[{"embeddable":true,"href":"https:\/\/icac.cat\/en\/wp-json\/wp\/v2\/media\/40442"}],"wp:attachment":[{"href":"https:\/\/icac.cat\/en\/wp-json\/wp\/v2\/media?parent=40424"}],"wp:term":[{"taxonomy":"category","embeddable":true,"href":"https:\/\/icac.cat\/en\/wp-json\/wp\/v2\/categories?post=40424"},{"taxonomy":"post_tag","embeddable":true,"href":"https:\/\/icac.cat\/en\/wp-json\/wp\/v2\/tags?post=40424"}],"curies":[{"name":"wp","href":"https:\/\/api.w.org\/{rel}","templated":true}]}}