{"id":40743,"date":"2019-05-13T12:01:15","date_gmt":"2019-05-13T10:01:15","guid":{"rendered":"http:\/\/www.icac.cat\/?p=40743"},"modified":"2019-05-13T12:01:15","modified_gmt":"2019-05-13T10:01:15","slug":"oberta-la-inscripcio-al-curs-darqueologia-ciutat-romana-de-iesso","status":"publish","type":"post","link":"https:\/\/icac.cat\/en\/actualitat\/noticies\/2019\/oberta-la-inscripcio-al-curs-darqueologia-ciutat-romana-de-iesso\/","title":{"rendered":"Oberta la inscripci\u00f3 al Curs d\u2019Arqueologia \u201cCiutat romana de Iesso\u201d"},"content":{"rendered":"<div class=\"et_pb_text et_pb_module et_pb_bg_layout_light et_pb_text_align_left  et_pb_text_1\">\n<p>El\u00a08 de juliol de 2019 s\u2019iniciar\u00e0\u00a0la tretzena\u00a0edici\u00f3 del <strong><a href=\"http:\/\/museudeguissona.cat\/curs-darqueologia-ciutat-romana-de-iesso\/\" target=\"_blank\">Curs d\u2019arqueologia\u00a0 ciutat romana de <em>Iesso<\/em><\/a><\/strong>\u00a0a Guissona, que organitzen el Museu de Guissona i la UAB amb la participaci\u00f3 de l&#8217;ICAC, l&#8217;Ajuntament de Guissona i l&#8217;Institut d&#8217;Estudis Catalans.<\/p>\n<p>Durant dues setmanes (del 8 al 19 de juliol) estudiants, llicenciats, graduats o interessats en el m\u00f3n de l\u2019arqueologia podran excavar part de la ciutat romana de <em>Iesso<\/em>, tot aprofundint en la recerca arqueol\u00f2gica i en el proc\u00e9s de romanitzaci\u00f3 a la Catalunya interior.<\/p>\n<\/div>\n<div class=\"et_pb_text et_pb_module et_pb_bg_layout_light et_pb_text_align_left  et_pb_text_2\">\n<h4><a href=\"http:\/\/museudeguissona.cat\/curs-darqueologia-ciutat-romana-de-iesso\/\" target=\"_blank\">Participa-hi!<\/a><\/h4>\n<p>El programa del curs inclou <strong>pr\u00e0ctiques<\/strong> de camp al parc arqueol\u00f2gic de <em>Iesso<\/em> (Guissona), <strong>confer\u00e8ncies<\/strong>, <strong>visites<\/strong> guiades a diferents espais i jaciments, i <strong>activitats pr\u00e0ctiques<\/strong> (com neteja i siglatge de material arqueol\u00f2gic).<\/p>\n<p>Consulta aqu\u00ed el <a href=\"https:\/\/drive.google.com\/file\/d\/1hIdXrMLQOWNnAXDzuHIrt04nMd5R0w8g\/view\" target=\"_blank\"><strong>programa<\/strong> <\/a>complet del curs.<\/p>\n<h6>Inscripci\u00f3<\/h6>\n<p>La inscripci\u00f3 es fa a trav\u00e9s de la secretaria del Museu de Guissona. Consulteu les condicions a la <a href=\"http:\/\/museudeguissona.cat\/curs-darqueologia-ciutat-romana-de-iesso\/\" target=\"_blank\">web del curs<\/a>.<\/p>\n<h6>Beques<\/h6>\n<p>La Universitat Aut\u00f2noma de Barcelona podr\u00e0 concedir beques que donen dret a la matr\u00edcula gratu\u00efta del curs destinades a alumnes del Grau d\u2019Arqueologia (UAB) i del <a href=\"https:\/\/icac.cat\/formacio\/master-en-arqueologia-classica\/\" target=\"_blank\"><strong>M\u00e0ster interuniversitari en Arqueologia Cl\u00e0ssica<\/strong><\/a> (UAB-URV-ICAC). La concessi\u00f3 de la beca es far\u00e0 mitjan\u00e7ant l\u2019avaluaci\u00f3 de l\u2019expedient acad\u00e8mic i del <em>curriculum vitae<\/em> dels candidats i es comunicar\u00e0 als interessats abans del 30 de juny.<\/p>\n<\/div>\n<p><a href=\"https:\/\/icac.cat\/wp-content\/uploads\/2019\/05\/Curs-Arqueologia-Guissona-2019_programa.jpg\" target=\"_blank\"><img loading=\"lazy\" class=\"aligncenter wp-image-40751 size-large\" src=\"https:\/\/icac.cat\/wp-content\/uploads\/2019\/05\/Curs-Arqueologia-Guissona-2019_programa-1024x532.jpg\" alt=\"Curs Arqueologia Guissona 2019_programa\" width=\"790\" height=\"410\" srcset=\"https:\/\/icac.cat\/wp-content\/uploads\/2019\/05\/Curs-Arqueologia-Guissona-2019_programa-1024x532.jpg 1024w, https:\/\/icac.cat\/wp-content\/uploads\/2019\/05\/Curs-Arqueologia-Guissona-2019_programa-400x208.jpg 400w\" sizes=\"(max-width: 790px) 100vw, 790px\" \/><\/a><\/p>\n<div class=\"et_pb_text et_pb_module et_pb_bg_layout_light et_pb_text_align_left  et_pb_text_2\">\n<p>&nbsp;<\/p>\n<p>&nbsp;<\/p>\n<\/div>\n","protected":false},"excerpt":{"rendered":"<p>El\u00a08 de juliol de 2019 s\u2019iniciar\u00e0\u00a0la tretzena\u00a0edici\u00f3 del Curs d\u2019arqueologia\u00a0 ciutat romana de Iesso\u00a0a Guissona, que organitzen el Museu de Guissona i la UAB amb la participaci\u00f3 de l&#8217;ICAC, l&#8217;Ajuntament de Guissona i l&#8217;Institut d&#8217;Estudis Catalans. Durant dues setmanes (del 8 al 19 de juliol) estudiants, llicenciats, graduats o interessats en el m\u00f3n de l\u2019arqueologia [&hellip;]<\/p>\n","protected":false},"author":160,"featured_media":40749,"comment_status":"closed","ping_status":"closed","sticky":false,"template":"","format":"standard","meta":{"_genesis_hide_title":false,"_genesis_hide_breadcrumbs":false,"_genesis_hide_singular_image":false,"_genesis_hide_footer_widgets":false,"_genesis_custom_body_class":"","_genesis_custom_post_class":"","_genesis_layout":""},"categories":[184,183,186],"tags":[301,281],"_links":{"self":[{"href":"https:\/\/icac.cat\/en\/wp-json\/wp\/v2\/posts\/40743"}],"collection":[{"href":"https:\/\/icac.cat\/en\/wp-json\/wp\/v2\/posts"}],"about":[{"href":"https:\/\/icac.cat\/en\/wp-json\/wp\/v2\/types\/post"}],"author":[{"embeddable":true,"href":"https:\/\/icac.cat\/en\/wp-json\/wp\/v2\/users\/160"}],"replies":[{"embeddable":true,"href":"https:\/\/icac.cat\/en\/wp-json\/wp\/v2\/comments?post=40743"}],"version-history":[{"count":5,"href":"https:\/\/icac.cat\/en\/wp-json\/wp\/v2\/posts\/40743\/revisions"}],"predecessor-version":[{"id":40756,"href":"https:\/\/icac.cat\/en\/wp-json\/wp\/v2\/posts\/40743\/revisions\/40756"}],"wp:featuredmedia":[{"embeddable":true,"href":"https:\/\/icac.cat\/en\/wp-json\/wp\/v2\/media\/40749"}],"wp:attachment":[{"href":"https:\/\/icac.cat\/en\/wp-json\/wp\/v2\/media?parent=40743"}],"wp:term":[{"taxonomy":"category","embeddable":true,"href":"https:\/\/icac.cat\/en\/wp-json\/wp\/v2\/categories?post=40743"},{"taxonomy":"post_tag","embeddable":true,"href":"https:\/\/icac.cat\/en\/wp-json\/wp\/v2\/tags?post=40743"}],"curies":[{"name":"wp","href":"https:\/\/api.w.org\/{rel}","templated":true}]}}