{"id":41090,"date":"2019-06-04T13:40:00","date_gmt":"2019-06-04T11:40:00","guid":{"rendered":"http:\/\/www.icac.cat\/en\/?p=41090"},"modified":"2019-06-04T15:09:04","modified_gmt":"2019-06-04T13:09:04","slug":"the-iv-interdisciplinary-seminar-on-epigraphy-and-archaeometry-brought-together-more-than-a-dozen-experts","status":"publish","type":"post","link":"https:\/\/icac.cat\/en\/actualitat\/noticies\/2019\/the-iv-interdisciplinary-seminar-on-epigraphy-and-archaeometry-brought-together-more-than-a-dozen-experts\/","title":{"rendered":"The IV Interdisciplinary Seminar on Epigraphy and Archaeometry brought together more than a dozen experts"},"content":{"rendered":"<p>Full assistance at the ICAC&#8217;s conference room last Friday, May 31, on the occasion of the <a href=\"https:\/\/icac.cat\/en\/difusio\/activitats-de-licac\/agenda\/iv-seminari-interdisciplinari-depigrafia-i-arqueometria-homenatge-a-rosa-m-mercado-arqueologia-de-trinxera\/\" target=\"_blank\"><strong>IV Interdisciplinary Seminar on Epigraphy and Archaeometry<\/strong><\/a>, which also hosted a <strong>tribute to Rosa M. Mercado<\/strong>, a young archaeologist trained in the\u00a0<a href=\"https:\/\/icac.cat\/en\/training\/master-in-classical-archaeology\/\" target=\"_blank\">Master&#8217;s Degree in Classical Archeology<\/a> (joined URV-UAB- ICAC).<\/p>\n<p>More than fifty people attended throughout the day to the fifteen presentations scheduled.<\/p>\n<p>During the more academic part of the event, there were more than ten communications on topics related to numismatics, metals and the last issues in different archaeological sites and deposits where these sort of pieces can be found.<\/p>\n<figure id=\"attachment_41046\" aria-describedby=\"caption-attachment-41046\" style=\"width: 400px\" class=\"wp-caption alignright\"><a href=\"https:\/\/icac.cat\/wp-content\/uploads\/2019\/06\/Seminari_Mercado_Montero-1.jpg\"><img loading=\"lazy\" class=\"size-medium wp-image-41046\" src=\"https:\/\/icac.cat\/wp-content\/uploads\/2019\/06\/Seminari_Mercado_Montero-1-400x300.jpg\" alt=\"Igancio Montero al IV Seminari en Epigrafia i Arqueometria de l'ICAC de Institut Catal\u00e0 d'Arqueologia Cl\u00e0ssica est\u00e0 subjecta a una llic\u00e8ncia de Reconeixement-NoComercial-CompartirIgual 4.0 Internacional de Creative Commons\" width=\"400\" height=\"300\" srcset=\"https:\/\/icac.cat\/wp-content\/uploads\/2019\/06\/Seminari_Mercado_Montero-1-400x300.jpg 400w, https:\/\/icac.cat\/wp-content\/uploads\/2019\/06\/Seminari_Mercado_Montero-1-1024x768.jpg 1024w\" sizes=\"(max-width: 400px) 100vw, 400px\" \/><\/a><figcaption id=\"caption-attachment-41046\" class=\"wp-caption-text\">Ignacio Montero in the IV Seminar on Epigraphy and Archaeometry at the ICAC<br \/><a href=\"http:\/\/creativecommons.org\/licenses\/by-nc-sa\/4.0\/\" rel=\"license\"><img style=\"border-width: 0;\" src=\"https:\/\/i.creativecommons.org\/l\/by-nc-sa\/4.0\/80x15.png\" alt=\"Llic\u00e8ncia de Creative Commons\" \/><\/a><\/figcaption><\/figure>\n<p><strong><a href=\"http:\/\/cchs.csic.es\/en\/personal\/ignacio.montero\" target=\"_blank\">Ignacio Montero<\/a><\/strong>, CSIC researcher and expert in archaeometallurgy, presented the paper\u00a0<em>Circulaci\u00f3n de la plata entre la Pen\u00ednsula Ib\u00e9rica y el Mediterr\u00e1neo Oriental<\/em>\u00a0with which he explored the latest advances in the identification of the origin of the silver by combining different analytical techniques. He especially highlighted the possible use of peninsular mineral (both silver and lead, necessary for the extraction) in the other end of the Mediterranean.<\/p>\n<p>&nbsp;<\/p>\n<p><strong><a href=\"https:\/\/independent.academia.edu\/MartaCampo\" target=\"_blank\">Marta Campo<\/a><\/strong>, former director of the Numismatic Catalan Office of the National Museum of Art of Catalonia, and\u00a0<a href=\"http:\/\/independent.academia.edu\/PereCastanyerMasoliver\" target=\"_blank\">Pere Castanyer<\/a>, <a href=\"https:\/\/www.upf.edu\/web\/identidadyculturamaterial\/marta-santos\" target=\"_blank\">Marta\u00a0 Santos<\/a>\u00a0and\u00a0<a href=\"https:\/\/independent.academia.edu\/QuimTremoledaTrilla\" target=\"_blank\">Joaquim Tremoleda<\/a>, from the del Archaeological Museum of Catalonia &#8211; Emp\u00faries, presented a set of denarius founded in the Insula 30 of the Roman city of Ampurias in the 2016 campaign of archaeological excavation works. This <em>little treasure<\/em>, as the experts call it, represents an exceptional finding not only because it was found in an archaeological context but also because of its composition \u2012formed only by Roman denarius\u2012 in a chronological moment in which the Greek-tradition Emporian coinage and the Iberian currency also circulated in this settlement.<\/p>\n<figure id=\"attachment_41048\" aria-describedby=\"caption-attachment-41048\" style=\"width: 400px\" class=\"wp-caption alignleft\"><a href=\"https:\/\/icac.cat\/wp-content\/uploads\/2019\/06\/Seminari_Mercado_Iltirta-2.jpg\"><img loading=\"lazy\" class=\"size-medium wp-image-41048\" src=\"https:\/\/icac.cat\/wp-content\/uploads\/2019\/06\/Seminari_Mercado_Iltirta-2-400x300.jpg\" alt=\"M. Carme Belarte i Ares Vidal al IV Seminari en Epigrafia i Arqueometria de l'ICAC de Institut Catal\u00e0 d'Arqueologia Cl\u00e0ssica est\u00e0 subjecta a una llic\u00e8ncia de Reconeixement-NoComercial-CompartirIgual 4.0 Internacional de Creative Commons\" width=\"400\" height=\"300\" srcset=\"https:\/\/icac.cat\/wp-content\/uploads\/2019\/06\/Seminari_Mercado_Iltirta-2-400x300.jpg 400w, https:\/\/icac.cat\/wp-content\/uploads\/2019\/06\/Seminari_Mercado_Iltirta-2-1024x768.jpg 1024w\" sizes=\"(max-width: 400px) 100vw, 400px\" \/><\/a><figcaption id=\"caption-attachment-41048\" class=\"wp-caption-text\">M. Carme Belarte &amp; Ares Vidal in the IV Seminari on Epigraphy and Archaeometry at the ICAC<br \/><a href=\"http:\/\/creativecommons.org\/licenses\/by-nc-sa\/4.0\/\" rel=\"license\"><img style=\"border-width: 0;\" src=\"https:\/\/i.creativecommons.org\/l\/by-nc-sa\/4.0\/80x15.png\" alt=\"Llic\u00e8ncia de Creative Commons\" \/><\/a><\/figcaption><\/figure>\n<p style=\"text-align: left;\">Other presentations talked about the bronze deposit of Colomina de Bor, in Bellver de Cerdanya (Josep Gallart, Territorial Services of the Catalan Government in Lleida), the metallic objects in the necr\u00f3polis of Almenar (Ares Vidal,\u00a0<a href=\"http:\/\/www.iltirta.com\/\" target=\"_blank\">Iltirta<\/a>), or the importance of the metal in the Iberian necropolis (<strong><a href=\"https:\/\/icac.cat\/en\/who-are-we\/staff\/cbelarte\/\" target=\"_blank\">Maria Carme Belarte<\/a><\/strong>, ICREA-ICAC), among others.<\/p>\n<p style=\"text-align: left;\">Afternoon communications gave voice to young researchers, with the participation of PhD researchers from the ICAC and from other institutions. Thus, the latest developments in archaeological interventions in the fortress of Vilars \u2012in Arbeca (Alba Castellano and Jordi Mart\u00ednez, GIP), in the site of Valencia \u201cla Vella\u201d \u2012in Riba-roja de T\u00faria (<a href=\"https:\/\/icac.cat\/en\/who-are-we\/staff\/ifernandez\/\" target=\"_blank\">Iv\u00e1n Fern\u00e1ndez<\/a>, <a href=\"https:\/\/icac.cat\/en\/who-are-we\/staff\/frodriguez\/\" target=\"_blank\">Francesc Rodr\u00edguez<\/a>\u00a0and\u00a0<a href=\"https:\/\/icac.cat\/en\/who-are-we\/staff\/kfortuny\/\" target=\"_blank\">Karen Fortuny<\/a>, ICAC), or in the Castellet de Banyoles (\u00d2scar Cald\u00e9s, UB).<\/p>\n<p style=\"text-align: left;\">In the part most related to the tribute to Rosa M. Mercado, the researchers\u00a0<a href=\"https:\/\/icac.cat\/en\/who-are-we\/staff\/cbelarte\/\" target=\"_blank\">M. Carme Belarte<\/a>\u00a0and\u00a0<a href=\"http:\/\/lleida.academia.edu\/N%C3%BAriaRafelFontanals\" target=\"_blank\">N\u00faria Rafel<\/a>\u00a0dedicated two heartfelt interventions to her; and her young colleagues, especially\u00a0<a href=\"https:\/\/icac.cat\/en\/who-are-we\/staff\/lgalan\/\" target=\"_blank\">Laura Gal\u00e1n<\/a>\u00a0and\u00a0<a href=\"https:\/\/icac.cat\/en\/who-are-we\/staff\/kfortuny\/\" target=\"_blank\">Karen Fortuny<\/a>, to whom we must thank the initiative of the event, remembered her person and her relationship with archaeology.<\/p>\n<figure id=\"attachment_41057\" aria-describedby=\"caption-attachment-41057\" style=\"width: 400px\" class=\"wp-caption aligncenter\"><a href=\"https:\/\/icac.cat\/wp-content\/uploads\/2019\/06\/Seminari_Mercado_dinar.jpg\"><img loading=\"lazy\" class=\"wp-image-41057 size-medium\" src=\"https:\/\/icac.cat\/wp-content\/uploads\/2019\/06\/Seminari_Mercado_dinar-400x300.jpg\" alt=\"&lt;a rel=&quot;license&quot; href=&quot;http:\/\/creativecommons.org\/licenses\/by-nc-sa\/4.0\/&quot;&gt;&lt;img alt=&quot;Llic\u00e8ncia de Creative Commons&quot; style=&quot;border-width:0&quot; src=&quot;https:\/\/i.creativecommons.org\/l\/by-nc-sa\/4.0\/80x15.png&quot; \/&gt;&lt;\/a&gt;&lt;br \/&gt;&lt;span xmlns:dct=&quot;http:\/\/purl.org\/dc\/terms\/&quot; property=&quot;dct:title&quot;&gt;Participants al IV Seminari en Epigrafia i Arqueometria de l'ICAC&lt;\/span&gt; de &lt;a xmlns:cc=&quot;http:\/\/creativecommons.org\/ns#&quot; href=&quot;www.icac.cat&quot; property=&quot;cc:attributionName&quot; rel=&quot;cc:attributionURL&quot;&gt;Institut Catal\u00e0 d'Arqueologia Cl\u00e0ssica&lt;\/a&gt; est\u00e0 subjecta a una llic\u00e8ncia de &lt;a rel=&quot;license&quot; href=&quot;http:\/\/creativecommons.org\/licenses\/by-nc-sa\/4.0\/&quot;&gt;Reconeixement-NoComercial-CompartirIgual 4.0 Internacional de Creative Commons&lt;\/a&gt;\" width=\"400\" height=\"300\" srcset=\"https:\/\/icac.cat\/wp-content\/uploads\/2019\/06\/Seminari_Mercado_dinar-400x300.jpg 400w, https:\/\/icac.cat\/wp-content\/uploads\/2019\/06\/Seminari_Mercado_dinar-1024x768.jpg 1024w\" sizes=\"(max-width: 400px) 100vw, 400px\" \/><\/a><figcaption id=\"caption-attachment-41057\" class=\"wp-caption-text\">Participants in the IV Seminar on Epigraphy and Archaeometry at the ICAC <a href=\"http:\/\/creativecommons.org\/licenses\/by-nc-sa\/4.0\/\" rel=\"license\"><img style=\"border-width: 0;\" src=\"https:\/\/i.creativecommons.org\/l\/by-nc-sa\/4.0\/80x15.png\" alt=\"Llic\u00e8ncia de Creative Commons\" \/><\/a><\/figcaption><\/figure>\n","protected":false},"excerpt":{"rendered":"<p>Full assistance at the ICAC&#8217;s conference room last Friday, May 31, on the occasion of the IV Interdisciplinary Seminar on Epigraphy and Archaeometry, which also hosted a tribute to Rosa M. Mercado, a young archaeologist trained in the\u00a0Master&#8217;s Degree in Classical Archeology (joined URV-UAB- ICAC). More than fifty people attended throughout the day to the [&hellip;]<\/p>\n","protected":false},"author":160,"featured_media":41050,"comment_status":"closed","ping_status":"closed","sticky":false,"template":"","format":"standard","meta":{"_genesis_hide_title":false,"_genesis_hide_breadcrumbs":false,"_genesis_hide_singular_image":false,"_genesis_hide_footer_widgets":false,"_genesis_custom_body_class":"","_genesis_custom_post_class":"","_genesis_layout":""},"categories":[328,342,334,333],"tags":[466,492,455,281,491],"_links":{"self":[{"href":"https:\/\/icac.cat\/en\/wp-json\/wp\/v2\/posts\/41090"}],"collection":[{"href":"https:\/\/icac.cat\/en\/wp-json\/wp\/v2\/posts"}],"about":[{"href":"https:\/\/icac.cat\/en\/wp-json\/wp\/v2\/types\/post"}],"author":[{"embeddable":true,"href":"https:\/\/icac.cat\/en\/wp-json\/wp\/v2\/users\/160"}],"replies":[{"embeddable":true,"href":"https:\/\/icac.cat\/en\/wp-json\/wp\/v2\/comments?post=41090"}],"version-history":[{"count":2,"href":"https:\/\/icac.cat\/en\/wp-json\/wp\/v2\/posts\/41090\/revisions"}],"predecessor-version":[{"id":41092,"href":"https:\/\/icac.cat\/en\/wp-json\/wp\/v2\/posts\/41090\/revisions\/41092"}],"wp:featuredmedia":[{"embeddable":true,"href":"https:\/\/icac.cat\/en\/wp-json\/wp\/v2\/media\/41050"}],"wp:attachment":[{"href":"https:\/\/icac.cat\/en\/wp-json\/wp\/v2\/media?parent=41090"}],"wp:term":[{"taxonomy":"category","embeddable":true,"href":"https:\/\/icac.cat\/en\/wp-json\/wp\/v2\/categories?post=41090"},{"taxonomy":"post_tag","embeddable":true,"href":"https:\/\/icac.cat\/en\/wp-json\/wp\/v2\/tags?post=41090"}],"curies":[{"name":"wp","href":"https:\/\/api.w.org\/{rel}","templated":true}]}}