{"id":42375,"date":"2019-09-24T09:40:07","date_gmt":"2019-09-24T07:40:07","guid":{"rendered":"http:\/\/www.icac.cat\/?p=42375"},"modified":"2019-09-24T11:44:20","modified_gmt":"2019-09-24T09:44:20","slug":"inscripcions-obertes-al-curs-la-rehabilitacio-del-patrimoni-intervenir-i-viure-amb-el-patrimoni","status":"publish","type":"post","link":"https:\/\/icac.cat\/en\/actualitat\/noticies\/2019\/inscripcions-obertes-al-curs-la-rehabilitacio-del-patrimoni-intervenir-i-viure-amb-el-patrimoni\/","title":{"rendered":"Inscripcions obertes al curs \u00abLa rehabilitaci\u00f3 del patrimoni: intervenir i viure amb el patrimoni\u00bb"},"content":{"rendered":"<p>El Col\u00b7legi d&#8217;Aparelladors, Arquitectes T\u00e8cnics i Enginyers d&#8217;Edificaci\u00f3 de Tarragona (COATT), amb col\u00b7laboraci\u00f3 amb l&#8217;ICAC i l&#8217;Escola d&#8217;Arquitectura de la URV organitzen el curs de formaci\u00f3 t\u00e8cnica <strong>\u00abLa rehabilitaci\u00f3 del patrimoni: intervenir i viure amb el patrimoni\u00bb<\/strong>.<\/p>\n<p>El <a href=\"https:\/\/icac.cat\/wp-content\/uploads\/2019\/09\/Curs-Rehabilitacio-Patrimoni-COATT_programa-2019.pdf\" target=\"_blank\"><strong>programa del curs<\/strong><\/a> dona una visi\u00f3 clara i integradora de l&#8217;ampli ventall de t\u00e8cniques d&#8217;intervenci\u00f3 que formen part de la gesti\u00f3 del patrimoni arquitect\u00f2nic hist\u00f2ric. \u00c9s una oportunitat per con\u00e8ixer t\u00e8cniques i professionals, amb una aproximaci\u00f3 multidisciplin\u00e0ria que vol abastar els camps de coneixement de l&#8217;arquitectura, l&#8217;arquitectura t\u00e8cnica, l&#8217;arqueologia, l&#8217;enginyeria, la restauraci\u00f3 i altres camps vinculats al sector de la construcci\u00f3 i el patrimoni.<\/p>\n<p style=\"text-align: center;\"><strong><a href=\"mailto:formacio@apatgn.org\" target=\"_blank\">Inscripcions<\/a><\/strong><\/p>\n<p>S&#8217;exploraran eines v\u00e0lides, aplicables i adaptables a les necessitats de diferents tipus d&#8217;intervenci\u00f3 en el patrimoni, ja sigui a escala de gran monument com en petits espais privats ubicats en edificis d\u2019inter\u00e8s cultural.<\/p>\n<p>El curs est\u00e0 format per quatre m\u00f2duls, en format seminari.<\/p>\n<ol>\n<li>\n<div class=\"intro-entrevista\"><strong>Seminari 1<\/strong> (6 sessions). \u00abLa restauraci\u00f3 monumental\u00bb. Del 2 d&#8217;octubre al 6 de novembre.\u00a0Sala d&#8217;actes del COATT.\u00a0Inscripci\u00f3 270 \u20ac. Inscripci\u00f3 redu\u00efda per a associats ICAC, col\u00b7legiats COAATT i estudiants URV (189 \u20ac).<\/div>\n<\/li>\n<li>\n<div class=\"intro-entrevista\"><strong>Seminari 2<\/strong> (sessi\u00f3 \u00fanica). \u00abDocumentar per intervenir\u00bb. 13 de novembre.\u00a0Sala d&#8217;actes del COATT.\u00a0Inscripci\u00f3 gratu\u00efta (places limitades).<\/div>\n<\/li>\n<li>\n<div class=\"intro-entrevista\"><strong>Seminari 3<\/strong>\u00a0(sessi\u00f3 \u00fanica). \u00abDiagnosi per la imatge\u00bb. 20 de novembre. Sala d&#8217;actes del COATT.\u00a0Inscripci\u00f3 gratu\u00efta (places limitades).<\/div>\n<\/li>\n<li>\n<div class=\"intro-entrevista\"><strong>Seminari 4 <\/strong>(sessi\u00f3 \u00fanica).<strong> \u00abIntervenci\u00f3 al patrimoni: visites t\u00e8cniques i taula rodona\u00bb. 27 de novembre. Sala d&#8217;actes de l&#8217;ICAC. Inscripci\u00f3 gratu\u00efta (places limitades).<\/strong><\/div>\n<\/li>\n<\/ol>\n<p>Consulteu el <strong><a href=\"https:\/\/icac.cat\/wp-content\/uploads\/2019\/09\/Curs-Rehabilitacio-Patrimoni-COATT_programa-2019.pdf\" target=\"_blank\">programa complet del curs<\/a><\/strong>\u00a0i el detall de cada seminari.<\/p>\n<p style=\"text-align: center;\"><strong><a href=\"https:\/\/formacio.coaatt.org\/\" target=\"_blank\">Inscripcions<\/a> <\/strong><\/p>\n<p style=\"text-align: center;\"><a href=\"http:\/\/www.apatgn.org\/\" target=\"_blank\">M\u00e9s informaci\u00f3<\/a><\/p>\n<p style=\"text-align: center;\"><strong>Contacte:<\/strong>\u00a0formacio@apatgn.org \/ 977 212 799 (extensi\u00f3 6)<\/p>\n<p style=\"text-align: center;\">\n","protected":false},"excerpt":{"rendered":"<p>El Col\u00b7legi d&#8217;Aparelladors, Arquitectes T\u00e8cnics i Enginyers d&#8217;Edificaci\u00f3 de Tarragona (COATT), amb col\u00b7laboraci\u00f3 amb l&#8217;ICAC i l&#8217;Escola d&#8217;Arquitectura de la URV organitzen el curs de formaci\u00f3 t\u00e8cnica \u00abLa rehabilitaci\u00f3 del patrimoni: intervenir i viure amb el patrimoni\u00bb. El programa del curs dona una visi\u00f3 clara i integradora de l&#8217;ampli ventall de t\u00e8cniques d&#8217;intervenci\u00f3 que formen [&hellip;]<\/p>\n","protected":false},"author":160,"featured_media":42385,"comment_status":"closed","ping_status":"closed","sticky":false,"template":"","format":"standard","meta":{"_genesis_hide_title":false,"_genesis_hide_breadcrumbs":false,"_genesis_hide_singular_image":false,"_genesis_hide_footer_widgets":false,"_genesis_custom_body_class":"","_genesis_custom_post_class":"","_genesis_layout":""},"categories":[184,183,188,185],"tags":[300,264,260],"_links":{"self":[{"href":"https:\/\/icac.cat\/en\/wp-json\/wp\/v2\/posts\/42375"}],"collection":[{"href":"https:\/\/icac.cat\/en\/wp-json\/wp\/v2\/posts"}],"about":[{"href":"https:\/\/icac.cat\/en\/wp-json\/wp\/v2\/types\/post"}],"author":[{"embeddable":true,"href":"https:\/\/icac.cat\/en\/wp-json\/wp\/v2\/users\/160"}],"replies":[{"embeddable":true,"href":"https:\/\/icac.cat\/en\/wp-json\/wp\/v2\/comments?post=42375"}],"version-history":[{"count":5,"href":"https:\/\/icac.cat\/en\/wp-json\/wp\/v2\/posts\/42375\/revisions"}],"predecessor-version":[{"id":42406,"href":"https:\/\/icac.cat\/en\/wp-json\/wp\/v2\/posts\/42375\/revisions\/42406"}],"wp:featuredmedia":[{"embeddable":true,"href":"https:\/\/icac.cat\/en\/wp-json\/wp\/v2\/media\/42385"}],"wp:attachment":[{"href":"https:\/\/icac.cat\/en\/wp-json\/wp\/v2\/media?parent=42375"}],"wp:term":[{"taxonomy":"category","embeddable":true,"href":"https:\/\/icac.cat\/en\/wp-json\/wp\/v2\/categories?post=42375"},{"taxonomy":"post_tag","embeddable":true,"href":"https:\/\/icac.cat\/en\/wp-json\/wp\/v2\/tags?post=42375"}],"curies":[{"name":"wp","href":"https:\/\/api.w.org\/{rel}","templated":true}]}}