{"id":42795,"date":"2019-10-11T13:06:47","date_gmt":"2019-10-11T11:06:47","guid":{"rendered":"http:\/\/www.icac.cat\/?p=42795"},"modified":"2019-10-11T13:22:47","modified_gmt":"2019-10-11T11:22:47","slug":"la-facultat-de-teologia-de-valencia-acull-el-sete-congres-internacional-de-ceramica-tardoantiga-del-mediterrani","status":"publish","type":"post","link":"https:\/\/icac.cat\/en\/actualitat\/noticies\/2019\/la-facultat-de-teologia-de-valencia-acull-el-sete-congres-internacional-de-ceramica-tardoantiga-del-mediterrani\/","title":{"rendered":"La Facultat de Teologia de Val\u00e8ncia acull el set\u00e8 Congr\u00e9s Internacional de Cer\u00e0mica Tardoantiga del Mediterrani"},"content":{"rendered":"<h5>El congr\u00e9s, que coorganitza i coordina l&#8217;ICAC, \u00e9s un referent internacional per als millors especialistes del m\u00f3n en cer\u00e0mica tardoantiga.<\/h5>\n<p>La Facultat de Teologia San Vicent Ferrer de Val\u00e8ncia acollir\u00e0 la setena edici\u00f3 del Congr\u00e9s Internacional <strong>LRCW \u2013<\/strong>\u00a0<strong>7th International Conference on Late Roman Coarse Ware, Cooking Ware and Amphorae in the Mediterranean: Archaeology and Archaeometry. The End of Late Roman Pottery. The last centuries at the crossroads<\/strong>.<\/p>\n<p>El congr\u00e9s \u00e9s un referent internacional per als millors especialistes del m\u00f3n en cer\u00e0mica tardoantiga (del segle III dC a finals de l&#8217;antiguitat) del Mediterrani. Aquesta edici\u00f3 servir\u00e0 per mostrar les \u00faltimes novetats en l&#8217;estudi de les \u00e0mfores, la vaixella de taula i la cer\u00e0mica comuna (cassoles, gerres i altres peces d&#8217;\u00fas quotidi\u00e0), amb especial inter\u00e8s en l&#8217;aplicaci\u00f3 de les an\u00e0lisis arqueom\u00e8triques.<\/p>\n<div id=\"smartIntxt\">El LRCW se celebra cada tres anys i l&#8217;edici\u00f3 d&#8217;enguany tindr\u00e0 lloc del 15 al 19 d&#8217;octubre de 2019 <strong>a les localitats de Val\u00e8ncia, Riba-roja de T\u00faria i Alacant<\/strong>. Els participants tindran l&#8217;oportunitat de visitar diversos jaciments arqueol\u00f2gics i examinar cer\u00e0mica tardoantiga de diferents parts del Mediterrani.<\/div>\n<p>L&#8217;organitzaci\u00f3 d&#8217;aquestes i altres activitats oferiran l&#8217;oportunitat de familiaritzar-se amb la producci\u00f3 de cer\u00e0mica del per\u00edode tard\u00e0 i l&#8217;antiguitat tardana a Hisp\u00e0nia. Una de les activitats m\u00e9s esperades del congr\u00e9s \u00e9s l&#8217;excursi\u00f3 a un jaciment de la zona que acull el congr\u00e9s. Per a l&#8217;edici\u00f3 d&#8217;enguany s&#8217;ha escollit visitar la ciutat de Lucentum (Alacant).<\/p>\n<p>El congr\u00e9s LRCW7 comptar\u00e0 amb <strong>130 intervencions<\/strong> que presentaran <strong>recerques sobre 17 pa\u00efsos de l&#8217;entorn mediterrani<\/strong>, la majoria europeus per\u00f2 tamb\u00e9 de Tun\u00edsia, Egipte, Turquia i Israel. La representaci\u00f3 m\u00e9s nombrosa \u00e9s la italiana, amb 40 intervencions, seguida de l&#8217;espanyola (33) i la grega (15). La resta de pa\u00efsos que seran objecte de comunicaci\u00f3 o p\u00f2sters s\u00f3n: Alb\u00e0nia, Bulg\u00e0ria, Cro\u00e0cia, Fran\u00e7a, Portugal, Eslov\u00e8nia, Romania, R\u00fassia, Ucra\u00efna, Regne Unit i Xipre. Tamb\u00e9 hi ha persones inscrites procedents d&#8217;Alemanya, Argentina, \u00c0ustria, Estats Units, Liechtenstein, Noruega, Pol\u00f2nia, Rep\u00fablica Txeca i Su\u00efssa, que presentaran aportacions d&#8217;altres pa\u00efsos.<\/p>\n<p>La inauguraci\u00f3 ser\u00e0 el <strong>dimarts 15 d&#8217;octubre<\/strong> a les 9:00 h a la sala d&#8217;actes de la Facultat de Teologia de Val\u00e8ncia. A l&#8217;acte de benvinguda hi intervindran Miguel \u00c1ngel Cau, de la Instituci\u00f3 Catalana de Recerca i Estudis Avan\u00e7ats (ICREA) i de l&#8217;Equip de Recerca Arqueol\u00f2gica i Arqueom\u00e8trica de la Universitat de Barcelona (ERAAUB); <a href=\"https:\/\/icac.cat\/qui-som\/personal\/jmmacias\/\" target=\"_blank\"><strong>Josep Maria Macias<\/strong>, de l&#8217;Institut Catal\u00e0 d&#8217;Arqueologia Cl\u00e0ssica (ICAC)<\/a>; Albert Ribera, antic director de la Secci\u00f3 d&#8217;Arqueologia de l&#8217;Ajuntament de Val\u00e8ncia, i ara investigador adscrit a l&#8217;Institut Catal\u00e0 d&#8217;Arqueologia Cl\u00e0ssica (ICAC); i Vicente Botella, deg\u00e0 de la Facultat de Teologia Sant Vicent Ferrer.<\/p>\n<p>El congr\u00e9s s&#8217;obrir\u00e0 amb la <strong>pon\u00e8ncia inaugural<\/strong> \u00abAfrican Pottery and its role in the Roman economy\u00bb, a c\u00e0rrec de Michel Bonifay, del CNRS, Centre Camille Jullian de Fran\u00e7a. Despr\u00e9s, hi haur\u00e0 una s\u00e8rie de presentacions curtes (15 minuts) sobre treballs desenvolupats els \u00faltims anys. La primera sessi\u00f3, sota el t\u00edtol \u00abThe Western Mediterranean\u00bb, servir\u00e0 per con\u00e8ixer 14 resums de les investigacions realitzades per altres 30 especialistes internacionals. El primer dia finalitzar\u00e0 amb una visita al Museu de Prehist\u00f2ria de Val\u00e8ncia.<\/p>\n<p>Hi haur\u00e0 presentacions en angl\u00e8s, franc\u00e8s, itali\u00e0 i castell\u00e0. Aquestes presentacions aniran acompanyades de p\u00f2sters o altres materials gr\u00e0fics que es podran visitar durant les quatre jornades de Congr\u00e9s al claustre de la Facultat de Teologia valentina.<\/p>\n<p>El <strong>dimecres 16 d&#8217;octubre<\/strong> tindran lloc dues noves sessions del Congr\u00e9s. Durant el mat\u00ed, la sessi\u00f3 amb el t\u00edtol \u00abEastern Mediterranean\u00bb, conduir\u00e0 la presentaci\u00f3 de 16 investigacions realitzades per 27 experts. Per la tarda, la tercera sessi\u00f3, \u00abThe Mediterranean islands in the stream\u00bb, presentar\u00e0 9 treballs de la m\u00e0 de 17 especialistes. La segona jornada del congr\u00e9s conclour\u00e0 amb una visita al Centre Arqueol\u00f2gic de l&#8217;Almoina i a la Cripta Arqueol\u00f2gica de la pres\u00f3 de Sant Vicent M\u00e0rtir.<\/p>\n<p>La jornada de <strong>dijous 17 d&#8217;octubre<\/strong>\u00a0se celebrar\u00e0 a la localitat valenciana de Riba-roja de T\u00faria. All\u00e0, la quarta sessi\u00f3 del congr\u00e9s portar\u00e0 per t\u00edtol \u00abLate Roman Pottery in Hispania\u00bb. Despr\u00e9s de la rebuda de l&#8217;alcalde de la poblaci\u00f3, Robert Raga, es presentaran 11 noves aportacions, de 24 experts, sobre la cer\u00e0mica romana antiga a la Pen\u00ednsula Ib\u00e8rica.<\/p>\n<p>A m\u00e9s, es vol donar a con\u00e8ixer a la comunitat cient\u00edfica internacional les troballes i aven\u00e7os en la col\u00b7lecci\u00f3 cer\u00e0mica trobada al <strong>jaciment de Val\u00e8ncia la Vella<\/strong> durant les \u00faltimes quatre campanyes arqueol\u00f2giques (2016-2019). Per aix\u00f2, hi haur\u00e0 una visita al jaciment, aix\u00ed com al palau visig\u00f2tic del Pla de Nadal i al Museu Visig\u00f2tic del Pla de Nadal (MUPLA), ubicat al Castell de Riba-roja de T\u00faria.<\/p>\n<p>El <strong>divendres 18 d&#8217;octubre<\/strong> tornaran les presentacions a la Facultat de Teologia Sant Vicent Ferrer. La sessi\u00f3 especial \u00abThe problem of de 8th century\u00bb comptar\u00e0 amb 13 presentacions amb el treball dut a terme per 31 experts en la mat\u00e8ria. Ja per la tarda, sobre les 16:45 h, es presentaran les conclusions m\u00e9s interessants de la setena edici\u00f3 del congr\u00e9s LRCW i es plantejaran les localitats que poden acollir la vuitena edici\u00f3 del certamen.<\/p>\n<p>La 7th International Conference on Late Roman Coarse Ware tindr\u00e0 una \u00faltima jornada el <strong>dissabte 19 d&#8217;octubre<\/strong>. Pel mat\u00ed es viatjar\u00e0 fins <strong>Alacant<\/strong> per a visitar el Museu Arqueol\u00f2gic de la ciutat (MARQ), on hi ha una completa exposici\u00f3 de cer\u00e0mica. Per la tarda, els congressistes s&#8217;acomiadaran fins la propera edici\u00f3 des del jaciment de la ciutat romana de <strong><em>Lucentum<\/em><\/strong>.<\/p>\n<p>Per \u00faltim, tamb\u00e9 tindran lloc dues activitats gastron\u00f2miques i culturals. Una d&#8217;elles est\u00e0 directament relacionada amb el per\u00edode hist\u00f2ric objecte del congr\u00e9s: al castell de Riba-roja de T\u00faria es degustar\u00e0 un<strong> men\u00fa visig\u00f2tic<\/strong> que es ve elaborant des de fa anys gr\u00e0cies a la documentaci\u00f3 hist\u00f2rica. L&#8217;altra, ser\u00e0 el <strong>sopar de cloenda<\/strong>, que s&#8217;introduir\u00e0 en la promoci\u00f3 gastron\u00f2mica dels productes valencians a trav\u00e9s del programa \u00abDel tros al plat\u00bb, del Patronat de Turisme de la Diputaci\u00f3 de Val\u00e8ncia.<\/p>\n<div class=\"highlight-block\">\n<p>El LRCW 7 compta amb l&#8217;organitzaci\u00f3 de l&#8217;<strong>ICAC<\/strong> <strong>(Institut Catal\u00e0 d&#8217;Arqueologia Cl\u00e0ssica)<\/strong>, l&#8217;Ajuntament de Riba-roja de T\u00faria (Regidoria de Patrimoni i Turisme), l&#8217;ERAAUB (Equip de Recerca Arqueol\u00f2gica i Arqueom\u00e8trica de la Universitat de Barcelona) i el MARQ (Museu Arqueol\u00f2gic Provincial d&#8217;Alacant).<\/p>\n<p>En aquesta setena edici\u00f3 hi col\u00b7laboren tamb\u00e9 el Museu de Prehist\u00f2ria de Val\u00e8ncia, la Diputaci\u00f3 de Val\u00e8ncia (\u00c0rea de Cultura i Patronat de Turisme), l&#8217;Ajuntament de Val\u00e8ncia (regidories de Cultura i de Turisme) i la Facultat de Teologia Sant Vicent Ferrer.<\/p>\n<\/div>\n<p>La primera edici\u00f3 del congr\u00e9s LRCW es va organitzar a Barcelona l&#8217;any 2002. La publicaci\u00f3 de les actes del congr\u00e9s va tenir una acollida tan entusiasta entre la comunitat cient\u00edfica que el Comit\u00e8 internacional del congr\u00e9s va decidir organitzar edicions peri\u00f2diques en diferents ciutats del Mediterrani. Per ara, s&#8217;han celebrat les edicions del congr\u00e9s a Ais de Proven\u00e7a \u2013 Marsella \u2013 Arles (Fran\u00e7a, 2005), Parma\u2013Pisa (It\u00e0lia, 2008), Tessal\u00f2nica (Gr\u00e8cia, 2011), Alexandria (Egipte, 2014) i Agrigent (Sic\u00edlia, It\u00e0lia, 2017).<\/p>\n<p>&nbsp;<\/p>\n","protected":false},"excerpt":{"rendered":"<p>El congr\u00e9s, que coorganitza i coordina l&#8217;ICAC, \u00e9s un referent internacional per als millors especialistes del m\u00f3n en cer\u00e0mica tardoantiga. La Facultat de Teologia San Vicent Ferrer de Val\u00e8ncia acollir\u00e0 la setena edici\u00f3 del Congr\u00e9s Internacional LRCW \u2013\u00a07th International Conference on Late Roman Coarse Ware, Cooking Ware and Amphorae in the Mediterranean: Archaeology and Archaeometry. [&hellip;]<\/p>\n","protected":false},"author":160,"featured_media":42796,"comment_status":"closed","ping_status":"closed","sticky":false,"template":"","format":"standard","meta":{"_genesis_hide_title":false,"_genesis_hide_breadcrumbs":false,"_genesis_hide_singular_image":false,"_genesis_hide_footer_widgets":false,"_genesis_custom_body_class":"","_genesis_custom_post_class":"","_genesis_layout":""},"categories":[188,182],"tags":[377,268],"_links":{"self":[{"href":"https:\/\/icac.cat\/en\/wp-json\/wp\/v2\/posts\/42795"}],"collection":[{"href":"https:\/\/icac.cat\/en\/wp-json\/wp\/v2\/posts"}],"about":[{"href":"https:\/\/icac.cat\/en\/wp-json\/wp\/v2\/types\/post"}],"author":[{"embeddable":true,"href":"https:\/\/icac.cat\/en\/wp-json\/wp\/v2\/users\/160"}],"replies":[{"embeddable":true,"href":"https:\/\/icac.cat\/en\/wp-json\/wp\/v2\/comments?post=42795"}],"version-history":[{"count":5,"href":"https:\/\/icac.cat\/en\/wp-json\/wp\/v2\/posts\/42795\/revisions"}],"predecessor-version":[{"id":42803,"href":"https:\/\/icac.cat\/en\/wp-json\/wp\/v2\/posts\/42795\/revisions\/42803"}],"wp:featuredmedia":[{"embeddable":true,"href":"https:\/\/icac.cat\/en\/wp-json\/wp\/v2\/media\/42796"}],"wp:attachment":[{"href":"https:\/\/icac.cat\/en\/wp-json\/wp\/v2\/media?parent=42795"}],"wp:term":[{"taxonomy":"category","embeddable":true,"href":"https:\/\/icac.cat\/en\/wp-json\/wp\/v2\/categories?post=42795"},{"taxonomy":"post_tag","embeddable":true,"href":"https:\/\/icac.cat\/en\/wp-json\/wp\/v2\/tags?post=42795"}],"curies":[{"name":"wp","href":"https:\/\/api.w.org\/{rel}","templated":true}]}}