{"id":42860,"date":"2019-10-15T11:00:00","date_gmt":"2019-10-15T09:00:00","guid":{"rendered":"http:\/\/www.icac.cat\/en\/?p=42860"},"modified":"2019-10-15T12:45:29","modified_gmt":"2019-10-15T10:45:29","slug":"statement-made-by-the-rectors-of-the-public-catalan-universities-responding-to-the-judgment-to-independents-leaders","status":"publish","type":"post","link":"https:\/\/icac.cat\/en\/actualitat\/noticies\/2019\/statement-made-by-the-rectors-of-the-public-catalan-universities-responding-to-the-judgment-to-independents-leaders\/","title":{"rendered":"The ICAC adheres to the statement made by the rectors of the public Catalan universities responding to the judgment to independence leaders"},"content":{"rendered":"<h5>The rectors reaffirm the mistake of imprisoning Catalan political leaders, bet on dialogue and call on political actors to find a way out of political conflict as quickly as possible<\/h5>\n<p>The rectors of the public Catalan universities released this statement responding to the judgement that condemns the former councillors of the Generalitat, the former president of Parliament and the presidents of \u00d2mnium and the ANC:<\/p>\n<p>\u201cSomos universidades p\u00fablicas catalanas, instituciones que compartimos el firme convencimiento de que hay que defender el derecho a la libertad de expresi\u00f3n y a la confrontaci\u00f3n de ideas. Con esta premisa, y ante la excepcional situaci\u00f3n pol\u00edtica que vivimos en Catalu\u00f1a, queremos manifestar a la opini\u00f3n p\u00fablica cu\u00e1l es nuestra posici\u00f3n.<\/p>\n<p>El d\u00eda 24 de marzo de 2018 los m\u00e1ximos responsables de las universidades p\u00fablicas catalanas emitimos un comunicado donde manifest\u00e1bamos nuestro profundo malestar por los encarcelamientos de varios dirigentes y cargos pol\u00edticos catalanes y afirm\u00e1bamos que privar de libertad a estas personas era un error y que hab\u00eda otras v\u00edas para afrontar la situaci\u00f3n que vive Catalu\u00f1a.<\/p>\n<p>Hoy, d\u00eda 14 de octubre de 2019, hemos conocido la sentencia judicial, y tal y como hicimos ese d\u00eda queremos reiterar nuestra indignaci\u00f3n por la situaci\u00f3n que se vive en Catalu\u00f1a, as\u00ed como nuestra preocupaci\u00f3n por las circunstancias personales que viven las personas afectadas por la sentencia.<\/p>\n<p>Como hemos expresado en otras ocasiones las universidades apostamos, en todo momento, por el di\u00e1logo como v\u00eda de resolver los conflictos; un di\u00e1logo en el marco de la cultura de la paz y contrario al uso de cualquier tipo de violencia. Fomentar el di\u00e1logo es una caracter\u00edstica propia de la universidad, y la historia nos demuestra que es el mejor camino para solucionar los conflictos pol\u00edticos y sociales.<\/p>\n<p>Las universidades somos comunidades formadas por personas con una considerable diversidad ideol\u00f3gica, donde todas las ideas y manifestaciones tienen cabida, lo que conlleva que se generen diferentes valoraciones de la situaci\u00f3n actual. Constatamos, pero, nuevamente, la necesidad de que los problemas pol\u00edticos pasados, presentes y futuros, se resuelvan por la v\u00eda pol\u00edtica y no acaben de forma sistem\u00e1tica en la v\u00eda judicial.<\/p>\n<p>En este sentido, hacemos un llamamiento a todos los actores pol\u00edticos a renovar los esfuerzos para buscar lo m\u00e1s r\u00e1pidamente posible una salida al conflicto pol\u00edtico que vivimos, que pueda ser asumida por una amplia mayor\u00eda de la ciudadan\u00eda catalana. S\u00f3lo mediante el reconocimiento y el respeto del otro y de su derecho a defender sus ideas, siempre de forma democr\u00e1tica y pac\u00edfica, podremos encontrar el camino de salida a un conflicto que en ning\u00fan caso debemos permitir que se convierta en cr\u00f3nico y pueda acabar causando fracturas sociales irreversibles.<\/p>\n<p>Finalmente, queremos mostrar a las personas afectadas por la sentencia, algunas de las cuales est\u00e1n o han estado vinculadas a nuestras universidades, nuestra solidaridad en estos momentos tan dif\u00edciles para ellas y para sus familias y amistades.<\/p>\n<p>Barcelona, Girona, Lleida, Tarragona, 14 de octubre de 2019&#8243;<\/p>\n","protected":false},"excerpt":{"rendered":"<p>The rectors reaffirm the mistake of imprisoning Catalan political leaders, bet on dialogue and call on political actors to find a way out of political conflict as quickly as possible The rectors of the public Catalan universities released this statement responding to the judgement that condemns the former councillors of the Generalitat, the former president [&hellip;]<\/p>\n","protected":false},"author":160,"featured_media":42854,"comment_status":"closed","ping_status":"closed","sticky":false,"template":"","format":"standard","meta":{"_genesis_hide_title":false,"_genesis_hide_breadcrumbs":false,"_genesis_hide_singular_image":false,"_genesis_hide_footer_widgets":false,"_genesis_custom_body_class":"","_genesis_custom_post_class":"","_genesis_layout":""},"categories":[342,333],"tags":[],"_links":{"self":[{"href":"https:\/\/icac.cat\/en\/wp-json\/wp\/v2\/posts\/42860"}],"collection":[{"href":"https:\/\/icac.cat\/en\/wp-json\/wp\/v2\/posts"}],"about":[{"href":"https:\/\/icac.cat\/en\/wp-json\/wp\/v2\/types\/post"}],"author":[{"embeddable":true,"href":"https:\/\/icac.cat\/en\/wp-json\/wp\/v2\/users\/160"}],"replies":[{"embeddable":true,"href":"https:\/\/icac.cat\/en\/wp-json\/wp\/v2\/comments?post=42860"}],"version-history":[{"count":5,"href":"https:\/\/icac.cat\/en\/wp-json\/wp\/v2\/posts\/42860\/revisions"}],"predecessor-version":[{"id":42870,"href":"https:\/\/icac.cat\/en\/wp-json\/wp\/v2\/posts\/42860\/revisions\/42870"}],"wp:featuredmedia":[{"embeddable":true,"href":"https:\/\/icac.cat\/en\/wp-json\/wp\/v2\/media\/42854"}],"wp:attachment":[{"href":"https:\/\/icac.cat\/en\/wp-json\/wp\/v2\/media?parent=42860"}],"wp:term":[{"taxonomy":"category","embeddable":true,"href":"https:\/\/icac.cat\/en\/wp-json\/wp\/v2\/categories?post=42860"},{"taxonomy":"post_tag","embeddable":true,"href":"https:\/\/icac.cat\/en\/wp-json\/wp\/v2\/tags?post=42860"}],"curies":[{"name":"wp","href":"https:\/\/api.w.org\/{rel}","templated":true}]}}