{"id":43057,"date":"2019-10-22T13:44:12","date_gmt":"2019-10-22T11:44:12","guid":{"rendered":"http:\/\/www.icac.cat\/en\/?p=43057"},"modified":"2019-10-22T16:41:38","modified_gmt":"2019-10-22T14:41:38","slug":"the-lrcw-conference-on-late-roman-pottery-places-ancient-valencia-site-on-the-map","status":"publish","type":"post","link":"https:\/\/icac.cat\/en\/actualitat\/noticies\/2019\/the-lrcw-conference-on-late-roman-pottery-places-ancient-valencia-site-on-the-map\/","title":{"rendered":"The LRCW conference on Late Roman pottery places &#8220;Ancient&#8221; Valencia site on the map"},"content":{"rendered":"<p>The seventh edition of the <a href=\"http:\/\/lrcw7.icac.cat\/\" target=\"_blank\"><strong>LRCW conference &#8211; Coarse Wares, Cooking Wares and Amphorae in the Mediterranean: Archeology and Archeometry<\/strong><\/a> closed on October 18 and 19 with cultural visits to the sites of &#8220;Ancient&#8221; Valencia (in Riba-roja de T\u00faria) and the Roman city of <em>Lucentum<\/em> (Alicante), and to the Archaeological Museum of Alicante (MARQ).<\/p>\n<p>Robert Raga, mayor of Riba-roja\u00a0de T\u00faria, made the International Conference opening in Riba-roja&#8217;s Castle with the participation of more than a hundred of experts from all over the world.<\/p>\n<p>Those responsible for the archaeological works at the site of \u00abAncient\u00bb Valencia chose this meaningful site to show the archaeological works that lived their fourth campaign this summer 2019, in relation to the <a href=\"https:\/\/www.youtube.com\/watch?v=FbkLghaEm9g\" target=\"_blank\">Christian Archaeology Course and Visigoth of \u00abAncient\u00bb\u00a0Valencia in Riba-roja<\/a>.<\/p>\n<p>As told during the conference, the singularity of this site has meant that, within the framework of the 2016 ongoing project, the site of \u00abAncient\u00bb Valencia will be <strong>one of the protagonists in the exhibition on Visigoth at the Prehistoric Museum of Valencia<\/strong>, which is being preparing as a result of the collaboration with the Museum of Prehistory of the Valencia Regional Council and the archaeologists team working in the site.<\/p>\n<p>&nbsp;<\/p>\n<blockquote class=\"twitter-tweet\" data-lang=\"ca\">\n<p dir=\"ltr\" lang=\"ca\">El alcalde de Riba-roja apertura la Conferencia Internacional en el Castillo con la participaci\u00f3n de m\u00e1s de un centenar de especialistas de todo el mundo\u00a0<a href=\"https:\/\/twitter.com\/hashtag\/visigodos?src=hash&amp;ref_src=twsrc%5Etfw\">#visigodos<\/a><a href=\"https:\/\/t.co\/4TIwALSnRd\">https:\/\/t.co\/4TIwALSnRd<\/a><a href=\"https:\/\/t.co\/dTrjy6zDjK\">pic.twitter.com\/dTrjy6zDjK<\/a><\/p>\n<p>\u2014 Ayto Riba-roja (@ayto_riba_roja) <a href=\"https:\/\/twitter.com\/ayto_riba_roja\/status\/1184735782109618176?ref_src=twsrc%5Etfw\">17 d\u2019octubre de 2019<\/a><\/p><\/blockquote>\n<p>&nbsp;<\/p>\n<p>According to Cultural Deputy Xavier Rius,\u00a0&#8220;we are convinced that the site of \u00abAncient\u00bb Valencia will provide valuable keys for the understanding of history after the Roman period in Valencia. Archaeologists are showing it to us with their sustained work&#8221;. He also addressed his congratulations &#8220;to the great work of dissemination and management that the City Council of Riba-roja is doing on Visigoth culture and its spaces.&#8221;<\/p>\n<p>Archaeological works were lead by archaeologists\u00a0<a href=\"https:\/\/icac.cat\/en\/who-are-we\/staff\/jmmacias\/\" target=\"_blank\"><strong>Josep Maria Macias<\/strong><\/a>,\u00a0<a href=\"https:\/\/icac.cat\/en\/who-are-we\/staff\/ehuguet\/\" target=\"_blank\"><strong>Esperan\u00e7a Huguet<\/strong><\/a>, Miquel Rossell\u00f3,\u00a0<a href=\"https:\/\/icac.cat\/en\/who-are-we\/staff\/frodriguez\/\" target=\"_blank\"><strong>Francesc Rodr\u00edguez<\/strong><\/a>\u00a0and\u00a0<a href=\"https:\/\/icac.cat\/es\/quienes-somos\/personal\/kfortuny\/\" target=\"_blank\"><strong>Karen Fortuny<\/strong><\/a>, under the coordination of Albert Ribera. Summer 2019 excavations works continued to the area behind the wall, in the western part of the site, where two large silos appeared very close to where another one was found during the 2018 campaign. In its interior different pottery were recovered in very good state of conservation, which have resulted in the best ware collection so far recovered in the field.<\/p>\n<p>In the same area, in previous campaigns, findings of glass manufacturing were also identified. Findings in this southwest area, with a field of silos for storing cereal and clear indications of productive activity, would indicate that the area would be focused on artisanal and economic activities.<\/p>\n<p>As in previous years, project organization fell in the Catalan Institute of Classical Archaeology (ICAC) of Tarragona and the Department of Tourism and Heritage of the City of Riba-roja de T\u00faria; with funding from the City Council of Riba-roja de T\u00faria and the Culture Department of the Regional Council of Valencia.<\/p>\n<h5><span style=\"color: #993300;\">Great participation success in the LRCW7 conference<\/span><\/h5>\n<p>&nbsp;<\/p>\n<figure id=\"attachment_43009\" aria-describedby=\"caption-attachment-43009\" style=\"width: 400px\" class=\"wp-caption alignleft\"><a href=\"https:\/\/icac.cat\/wp-content\/uploads\/2019\/10\/LRCW7_Francesc-Rodriguez-1.jpg\"><img loading=\"lazy\" class=\"size-medium wp-image-43009\" src=\"https:\/\/icac.cat\/wp-content\/uploads\/2019\/10\/LRCW7_Francesc-Rodriguez-1-400x300.jpg\" alt=\"Presentaci\u00f3 de l'investigador de l'ICAC Francesc Rodr\u00edguez\" width=\"400\" height=\"300\" srcset=\"https:\/\/icac.cat\/wp-content\/uploads\/2019\/10\/LRCW7_Francesc-Rodriguez-1-400x300.jpg 400w, https:\/\/icac.cat\/wp-content\/uploads\/2019\/10\/LRCW7_Francesc-Rodriguez-1-1024x768.jpg 1024w, https:\/\/icac.cat\/wp-content\/uploads\/2019\/10\/LRCW7_Francesc-Rodriguez-1.jpg 1824w\" sizes=\"(max-width: 400px) 100vw, 400px\" \/><\/a><figcaption id=\"caption-attachment-43009\" class=\"wp-caption-text\">ICAC&#8217;s researcher Francesc Rodr\u00edguez in a moment of his presentation in the LRCW7 Conference<\/figcaption><\/figure>\n<p>Conference sessions took place between October 15 and 18, in the Theology School Saint Vicente Ferrer in Valencia. There were 130 paper presentations, which introduced\u00a0<strong>researches from 17 Mediterranean countries<\/strong>, most of them European but also from Tunisia, Egypt, Turkey and Israel.<\/p>\n<p>Beside presentations, there were also, among other activities, a posters exhibition and a workshop on Late Roman pottery, where experts could see and explore different pieces of Late Roman pottery.<\/p>\n<p>&nbsp;<\/p>\n<div data-carousel-extra='{\"blog_id\":1,\"permalink\":\"https:\\\/\\\/icac.cat\\\/en\\\/actualitat\\\/noticies\\\/2019\\\/the-lrcw-conference-on-late-roman-pottery-places-ancient-valencia-site-on-the-map\\\/\"}' class=\"tiled-gallery type-circle\" data-original-width=\"790\"><div class=\"tiled-gallery-item\"><a border=\"0\" href=\"https:\/\/icac.cat\/en\/actualitat\/noticies\/2019\/the-lrcw-conference-on-late-roman-pottery-places-ancient-valencia-site-on-the-map\/lrcw7_posters-session-4-2\/\"><img data-attachment-id=\"69521\" data-orig-file=\"https:\/\/icac.cat\/wp-content\/uploads\/2019\/10\/LRCW7_Posters-Session-4.jpg\" data-orig-size=\"1824,1368\" data-comments-opened=\"0\" data-image-meta=\"{&quot;aperture&quot;:&quot;0&quot;,&quot;credit&quot;:&quot;&quot;,&quot;camera&quot;:&quot;&quot;,&quot;caption&quot;:&quot;&quot;,&quot;created_timestamp&quot;:&quot;0&quot;,&quot;copyright&quot;:&quot;&quot;,&quot;focal_length&quot;:&quot;0&quot;,&quot;iso&quot;:&quot;0&quot;,&quot;shutter_speed&quot;:&quot;0&quot;,&quot;title&quot;:&quot;&quot;,&quot;orientation&quot;:&quot;0&quot;}\" data-image-title=\"LRCW7_Posters Session (4)\" data-image-description=\"\" data-medium-file=\"https:\/\/icac.cat\/wp-content\/uploads\/2019\/10\/LRCW7_Posters-Session-4-400x300.jpg\" data-large-file=\"https:\/\/icac.cat\/wp-content\/uploads\/2019\/10\/LRCW7_Posters-Session-4-1024x768.jpg\" style=\"margin: 2px\" src=\"https:\/\/icac.cat\/wp-content\/uploads\/2019\/10\/LRCW7_Posters-Session-4-259x259.jpg\" width=259 height=259 title=\"LRCW7_Posters Session (4)\" \/><\/a><div class=\"tiled-gallery-caption\">LRCW7 &#8211; Inauguraci\u00f3 de l&#8217;exposici\u00f3 de p\u00f2sters<\/div><\/div><div class=\"tiled-gallery-item\"><a border=\"0\" href=\"https:\/\/icac.cat\/en\/actualitat\/noticies\/2019\/the-lrcw-conference-on-late-roman-pottery-places-ancient-valencia-site-on-the-map\/lrcw7_publications-gallery-2-2\/\"><img data-attachment-id=\"69523\" data-orig-file=\"https:\/\/icac.cat\/wp-content\/uploads\/2019\/10\/LRCW7_Publications-gallery-2.jpg\" data-orig-size=\"1836,1377\" data-comments-opened=\"0\" data-image-meta=\"{&quot;aperture&quot;:&quot;0&quot;,&quot;credit&quot;:&quot;&quot;,&quot;camera&quot;:&quot;&quot;,&quot;caption&quot;:&quot;&quot;,&quot;created_timestamp&quot;:&quot;0&quot;,&quot;copyright&quot;:&quot;&quot;,&quot;focal_length&quot;:&quot;0&quot;,&quot;iso&quot;:&quot;0&quot;,&quot;shutter_speed&quot;:&quot;0&quot;,&quot;title&quot;:&quot;&quot;,&quot;orientation&quot;:&quot;0&quot;}\" data-image-title=\"LRCW7_Publications gallery (2)\" data-image-description=\"\" data-medium-file=\"https:\/\/icac.cat\/wp-content\/uploads\/2019\/10\/LRCW7_Publications-gallery-2-400x300.jpg\" data-large-file=\"https:\/\/icac.cat\/wp-content\/uploads\/2019\/10\/LRCW7_Publications-gallery-2-1024x768.jpg\" style=\"margin: 2px\" src=\"https:\/\/icac.cat\/wp-content\/uploads\/2019\/10\/LRCW7_Publications-gallery-2-259x259.jpg\" width=259 height=259 title=\"LRCW7_Publications gallery (2)\" \/><\/a><div class=\"tiled-gallery-caption\">LRCW7 &#8211; Estand de publicacions sobre cer\u00e0mica tardoantiga<\/div><\/div><div class=\"tiled-gallery-item\"><a border=\"0\" href=\"https:\/\/icac.cat\/en\/actualitat\/noticies\/2019\/the-lrcw-conference-on-late-roman-pottery-places-ancient-valencia-site-on-the-map\/lrcw7-1-2\/\"><img data-attachment-id=\"69525\" data-orig-file=\"https:\/\/icac.cat\/wp-content\/uploads\/2019\/10\/LRCW7-1.jpg\" data-orig-size=\"1600,1200\" data-comments-opened=\"0\" data-image-meta=\"{&quot;aperture&quot;:&quot;0&quot;,&quot;credit&quot;:&quot;&quot;,&quot;camera&quot;:&quot;&quot;,&quot;caption&quot;:&quot;&quot;,&quot;created_timestamp&quot;:&quot;0&quot;,&quot;copyright&quot;:&quot;&quot;,&quot;focal_length&quot;:&quot;0&quot;,&quot;iso&quot;:&quot;0&quot;,&quot;shutter_speed&quot;:&quot;0&quot;,&quot;title&quot;:&quot;&quot;,&quot;orientation&quot;:&quot;0&quot;}\" data-image-title=\"LRCW7 (1)\" data-image-description=\"\" data-medium-file=\"https:\/\/icac.cat\/wp-content\/uploads\/2019\/10\/LRCW7-1-400x300.jpg\" data-large-file=\"https:\/\/icac.cat\/wp-content\/uploads\/2019\/10\/LRCW7-1-1024x768.jpg\" style=\"margin: 2px\" src=\"https:\/\/icac.cat\/wp-content\/uploads\/2019\/10\/LRCW7-1-259x259.jpg\" width=259 height=259 title=\"LRCW7 (1)\" \/><\/a><div class=\"tiled-gallery-caption\">LRCW7 &#8211; Mostra de cer\u00e0mica tardoantiga<\/div><\/div><\/div>\n<p>&nbsp;<\/p>\n<p>You can see <strong>more pictures of the Conference<\/strong> in the Facebook page of the Theology School Saint Vicente Ferrer of Valencia:<\/p>\n<ul>\n<li><a href=\"https:\/\/www.facebook.com\/media\/set\/?set=a.2196675117103067&amp;type=3&amp;__xts__%5B0%5D=68.ARBAzwxgtwuuaAoYhVUOYU4KGDMCFgs0lTRDRShJkr8DUmcGdYc28BedqzgAgt9QymoiUEnFSPtpjSZI9SRxwMFwGJ1mYL6p6SCy6ZUsHmcozULEj79cTezj3s1fmdvuSsaC4SdWx4iULXZ4DCd2T_vlwJQ-oblxpFou_l8Mx6Q3feFud7u2fUv5UziIAcN7K9imVwgvtERJcDFF5Ny3rsDah_zZ89hFTjeGol6Tg8zCxAHDHVWWgrDztO1cRTZXFU3msEuBpO2yztxyxPkciyGapa938aPe6uaU-2v_rF5M7EzPbobdNnvg8hcpoXZT3bpqXdJOcYiLw_m1zm1Cdq2W2-_UfrK1PDs-KrfVgsb9PEh0NBRnaYcWxODGZQvxHaJH95eokxRQQcmYJ0fmXBJ8ZLKl7kdcml0shTIyR2XZfg-urnrMRby8ypp7DtK_g_FilV2sWF9_EJ97aIQeqDGmHmIfohYiGfcwzRD4MfZgoEIxVeOrmadtKrH8vyQWg5RQ2N36ubdwruDd2mgmngmCDU7iEUBxi2S7lpDK2Q&amp;__tn__=-UC-R\" target=\"_blank\">Pictures of the last day of the LRCW7 conference<\/a><\/li>\n<li><a href=\"https:\/\/www.facebook.com\/media\/set\/?set=a.2193143674122878&amp;type=3&amp;__xts__[0]=68.ARBEkNKFfz071_26MdTfo27zJf1dWatIY8iqFm2QG0sDMMPcNV8RzdjMwu4cGcrH7-RL3QEH5zdjmVJbqzX0_rf6xbcDSJGg1y2WzYAdQk48TQLDGjBzM8bURLeMGlpRe__siz64vQFXO3Ce2bFKQrt8vNwB7UtdEJG-iOtiNw9J2AriNfnaitHhN9JOgBFSuypzSnpQYnl0R4vP2kv2NOIg1C2QzGHpOVSOwkiJPVVr1tJhGPxKJfUK9CdHSrqFrxOkCvCTqrqFitXaJsa-n2JPMwqQBV6yM-YhNir53bmLWGgrjupIuSRf0mRJmJhZGtcNU4HDKyUI_k3o47cBWB7vpwNclfjWYtVy8lrOWTdHfZXeyb0vEgfvwPSuIz4a5za7_9qh_2lK6bM66whvpYU7_pGAMRnxPxV4s-p1kSAPkt5HcW_rOmiCMnFGu3BrDLLfbA7fwgvS684R4gzBhdDiR5KNI520GxlQuwJXB5P59aSWTjn4ljgsNItfq3uc4fNYgkqWCPvC4gAyfVa4EUY_LbnEuWYiKW6AwtGaZw&amp;__tn__=-UC-R\" target=\"_blank\">Pictures of the second day of the LRCW7 conference<\/a><\/li>\n<\/ul>\n<p>&nbsp;<\/p>\n<p>&nbsp;<\/p>\n<p><script src=\"https:\/\/platform.twitter.com\/widgets.js\" async=\"\" charset=\"utf-8\"><\/script><\/p>\n","protected":false},"excerpt":{"rendered":"<p>The seventh edition of the LRCW conference &#8211; Coarse Wares, Cooking Wares and Amphorae in the Mediterranean: Archeology and Archeometry closed on October 18 and 19 with cultural visits to the sites of &#8220;Ancient&#8221; Valencia (in Riba-roja de T\u00faria) and the Roman city of Lucentum (Alicante), and to the Archaeological Museum of Alicante (MARQ). Robert [&hellip;]<\/p>\n","protected":false},"author":160,"featured_media":43001,"comment_status":"closed","ping_status":"closed","sticky":false,"template":"","format":"standard","meta":{"_genesis_hide_title":false,"_genesis_hide_breadcrumbs":false,"_genesis_hide_singular_image":false,"_genesis_hide_footer_widgets":false,"_genesis_custom_body_class":"","_genesis_custom_post_class":"","_genesis_layout":""},"categories":[328,342,334,333],"tags":[547,455,548,268],"_links":{"self":[{"href":"https:\/\/icac.cat\/en\/wp-json\/wp\/v2\/posts\/43057"}],"collection":[{"href":"https:\/\/icac.cat\/en\/wp-json\/wp\/v2\/posts"}],"about":[{"href":"https:\/\/icac.cat\/en\/wp-json\/wp\/v2\/types\/post"}],"author":[{"embeddable":true,"href":"https:\/\/icac.cat\/en\/wp-json\/wp\/v2\/users\/160"}],"replies":[{"embeddable":true,"href":"https:\/\/icac.cat\/en\/wp-json\/wp\/v2\/comments?post=43057"}],"version-history":[{"count":5,"href":"https:\/\/icac.cat\/en\/wp-json\/wp\/v2\/posts\/43057\/revisions"}],"predecessor-version":[{"id":43065,"href":"https:\/\/icac.cat\/en\/wp-json\/wp\/v2\/posts\/43057\/revisions\/43065"}],"wp:featuredmedia":[{"embeddable":true,"href":"https:\/\/icac.cat\/en\/wp-json\/wp\/v2\/media\/43001"}],"wp:attachment":[{"href":"https:\/\/icac.cat\/en\/wp-json\/wp\/v2\/media?parent=43057"}],"wp:term":[{"taxonomy":"category","embeddable":true,"href":"https:\/\/icac.cat\/en\/wp-json\/wp\/v2\/categories?post=43057"},{"taxonomy":"post_tag","embeddable":true,"href":"https:\/\/icac.cat\/en\/wp-json\/wp\/v2\/tags?post=43057"}],"curies":[{"name":"wp","href":"https:\/\/api.w.org\/{rel}","templated":true}]}}