{"id":43648,"date":"2019-11-29T14:22:53","date_gmt":"2019-11-29T13:22:53","guid":{"rendered":"http:\/\/www.icac.cat\/?p=43648"},"modified":"2019-12-18T09:07:43","modified_gmt":"2019-12-18T08:07:43","slug":"la-reunio-internacional-barcino-tarraco-roma-posa-en-relleu-la-vigencia-dels-estudis-sobre-materials-lapidis-al-nostre-pais","status":"publish","type":"post","link":"https:\/\/icac.cat\/en\/actualitat\/noticies\/2019\/la-reunio-internacional-barcino-tarraco-roma-posa-en-relleu-la-vigencia-dels-estudis-sobre-materials-lapidis-al-nostre-pais\/","title":{"rendered":"La reuni\u00f3 internacional Barcino-Tarraco-Roma posa en relleu la vig\u00e8ncia dels estudis sobre materials lapidis al nostre pa\u00eds"},"content":{"rendered":"<p>La <strong><a href=\"https:\/\/icac.cat\/wp-content\/uploads\/2019\/11\/Reunio-Internacional-MUHBA-2019.pdf\">reuni\u00f3 internacional Barcino-Tarraco-Roma<\/a><\/strong> va cloure la setmana passada a Barcelona amb un \u00e8xit d\u2019assist\u00e8ncia important. Un centenar de persones es van acostar cada dia a la seu del <strong>MUHBA Pla\u00e7a del Rei<\/strong> per escoltar els i les especialistes en el simbolisme del marbre en l\u2019Imperi rom\u00e0.<\/p>\n<p>Amb les sessions de confer\u00e8ncies, es van exposar resultats in\u00e8dits de recerques en curs, com ara la <strong>Dra. Oliva Rodr\u00edguez<\/strong>, que ens va presentar l\u2019exemple d\u2019un nou tipus marmori, mai catalogat fins ara, utilitzat en l\u2019\u00e8poca romana als territoris de l\u2019\u00e0mbit del riu Guadalquivir.<\/p>\n<p>Altres especialistes de prestigi internacionals van presentar les \u00faltimes novetats en els seus treballs. Van destacar especialment <strong>Simon Keay<\/strong>, que va fer xerrada sobre l\u2019organitzaci\u00f3 del comer\u00e7 del marbre a l\u2019\u00e8poca antiga; <strong>Antonio Sartori<\/strong>, que va parlar sobre el paper del <em>lapicida<\/em> en la realitzaci\u00f3 de les inscripcions en pedra; i <strong>Patricio Pensabene<\/strong>, que va posar en context l\u2019explotaci\u00f3 del marbre en relaci\u00f3 amb la propietat de les pedreres d\u2019on s\u2019extreia.<\/p>\n<figure id=\"attachment_43662\" aria-describedby=\"caption-attachment-43662\" style=\"width: 790px\" class=\"wp-caption aligncenter\"><a href=\"https:\/\/icac.cat\/wp-content\/uploads\/2019\/11\/Reunio-Internacional-MUHBA_2019_Simon-Keay.jpg\"><img loading=\"lazy\" class=\"size-large wp-image-43662\" src=\"https:\/\/icac.cat\/wp-content\/uploads\/2019\/11\/Reunio-Internacional-MUHBA_2019_Simon-Keay-1024x576.jpg\" alt=\"La investigadora Anna Guti\u00e9rrez, coorganitzadora de la reuni\u00f3 internacional, en la presentaci\u00f3 de la pon\u00e8ncia de Simon Keay\" width=\"790\" height=\"444\" srcset=\"https:\/\/icac.cat\/wp-content\/uploads\/2019\/11\/Reunio-Internacional-MUHBA_2019_Simon-Keay-1024x576.jpg 1024w, https:\/\/icac.cat\/wp-content\/uploads\/2019\/11\/Reunio-Internacional-MUHBA_2019_Simon-Keay-400x225.jpg 400w\" sizes=\"(max-width: 790px) 100vw, 790px\" \/><\/a><figcaption id=\"caption-attachment-43662\" class=\"wp-caption-text\">La investigadora <a href=\"https:\/\/icac.cat\/qui-som\/personal\/agutierrez\/\" target=\"_blank\">Anna Guti\u00e9rrez<\/a>, coorganitzadora de la reuni\u00f3 internacional, en la presentaci\u00f3 de la pon\u00e8ncia de Simon Keay (@ ICAC)<\/figcaption><\/figure>\n<p>Van ser especialment emotius els parlaments de clausura que es van dedicar en homenatge a <a href=\"https:\/\/icac.cat\/qui-som\/personal\/iroda\/\" target=\"_blank\"><strong>Isabel Rod\u00e0 de Llanza<\/strong><\/a>, una figura clau en la consolidaci\u00f3 dels estudis sobre materials lapidis al nostre pa\u00eds.<\/p>\n<p><strong>J\u00falia Beltran<\/strong> (antiga conservadora del MUHBA i professora de la Facultat Antoni Gaud\u00ed), <strong>Josep Guitart<\/strong> (professor em\u00e8rit de la UAB i exdirector de l&#8217;ICAC), Montserrat Claveria (professora de la UAB) i <strong>Jos\u00e9 Miguel Noguera<\/strong> (catedr\u00e0tic d&#8217;Arqueologia i director del CSIR-Espa\u00f1a) van destacar el gran llegat que deixa Rod\u00e0 en l\u2019arqueologia, aix\u00ed com el seu car\u00e0cter gener\u00f3s i una gran capacitat de treball.<\/p>\n<p>Des dels inicis de la seva carrera com a treballadora del MUHBA, el seu pas per la UAB com a professora, els seus anys com a <strong>directora de l\u2019ICAC<\/strong>, o tota la seva traject\u00f2ria com a investigadora, sempre ha destacat per la seva implicaci\u00f3 amb el foment de l\u2019arqueologia, especialment a la ciutat de Barcelona, i el treball amb les institucions locals.<\/p>\n<p>Dels anys a l\u2019ICAC es va destacar tamb\u00e9 el seu paper, molt important, en la projecci\u00f3 internacional del centre i el seu posicionament com a centre de refer\u00e8ncia en el panorama de l\u2019arqueologia hispana.<\/p>\n<figure id=\"attachment_43669\" aria-describedby=\"caption-attachment-43669\" style=\"width: 790px\" class=\"wp-caption aligncenter\"><a href=\"https:\/\/icac.cat\/wp-content\/uploads\/2019\/11\/Reunio-Internacional-MUHBA_2019_Sartori.jpg\"><img loading=\"lazy\" class=\"size-large wp-image-43669\" src=\"https:\/\/icac.cat\/wp-content\/uploads\/2019\/11\/Reunio-Internacional-MUHBA_2019_Sartori-1024x576.jpg\" alt=\"La investigadora Diana Gorostidi, coorganitzadora de la reuni\u00f3 internacional Barcelona-Tarraco-Roma, en la presentaci\u00f3 de la pon\u00e8ncia d'Antonio Sartori (@ ICAC)\" width=\"790\" height=\"444\" srcset=\"https:\/\/icac.cat\/wp-content\/uploads\/2019\/11\/Reunio-Internacional-MUHBA_2019_Sartori-1024x576.jpg 1024w, https:\/\/icac.cat\/wp-content\/uploads\/2019\/11\/Reunio-Internacional-MUHBA_2019_Sartori-400x225.jpg 400w\" sizes=\"(max-width: 790px) 100vw, 790px\" \/><\/a><figcaption id=\"caption-attachment-43669\" class=\"wp-caption-text\">La investigadora <a href=\"https:\/\/icac.cat\/qui-som\/personal\/dgorostidi\/\" target=\"_blank\">Diana Gorostidi<\/a>, coorganitzadora de la reuni\u00f3 internacional, en la presentaci\u00f3 de la pon\u00e8ncia d&#8217;Antonio Sartori (@ ICAC)<\/figcaption><\/figure>\n<p>En la seva lli\u00e7\u00f3 magistral, <a href=\"https:\/\/icac.cat\/qui-som\/personal\/iroda\/\" target=\"_blank\"><strong>Isabel Rod\u00e0 de Llanza<\/strong><\/a> va dissertar sobre alguns dels pedestals d\u2019est\u00e0tua m\u00e9s rellevants del patrimoni barcelon\u00ed i sobre fragments de peces escult\u00f2riques. Sense cap dubte, per\u00f2, la pe\u00e7a que m\u00e9s va cridar l\u2019atenci\u00f3 va ser <strong>una <em>tegulae<\/em> amb segell de <em>Lucius Herenius Optatus<\/em><\/strong>, no pel seu valor est\u00e8tic sin\u00f3 per la hist\u00f2ria i la informaci\u00f3 que aquest element ofereix.<\/p>\n<p>Gr\u00e0cies a la seva recerca amb la <a href=\"https:\/\/icac.cat\/serveis\/unitat-destudis-arqueometrics\/presentacio\/\" target=\"_blank\"><strong>Unitat d\u2019Estudis Arqueom\u00e8trics de l\u2019ICAC<\/strong><\/a>, Isabel Rod\u00e0 ha pogut constatar que, al contrari de la idea establerta, les t\u00e8gules amb qu\u00e8 es treballava a tot el litoral llevant\u00ed fins a la fa\u00e7ana mediterr\u00e0nia de Fran\u00e7a no es fabricaven \u00fanicament a la zona francesa de Fr\u00e9jus, sin\u00f3 que en realitat es fabricaven a diversos llocs i, per tant, no hi ha elements suficients per determinar un origen \u00fanic en la manufactura d&#8217;aquests productes.<\/p>\n<figure id=\"attachment_43671\" aria-describedby=\"caption-attachment-43671\" style=\"width: 790px\" class=\"wp-caption aligncenter\"><a href=\"https:\/\/icac.cat\/wp-content\/uploads\/2019\/11\/Reunio-Internacional-MUHBA_2019_visita-guiada-fons-Zona-Franca.jpg\"><img loading=\"lazy\" class=\"size-large wp-image-43671\" src=\"https:\/\/icac.cat\/wp-content\/uploads\/2019\/11\/Reunio-Internacional-MUHBA_2019_visita-guiada-fons-Zona-Franca-1024x683.jpg\" alt=\"Visita guiada als fons MUHBA - Zona Franca (@ ICAC)\" width=\"790\" height=\"527\" srcset=\"https:\/\/icac.cat\/wp-content\/uploads\/2019\/11\/Reunio-Internacional-MUHBA_2019_visita-guiada-fons-Zona-Franca-1024x683.jpg 1024w, https:\/\/icac.cat\/wp-content\/uploads\/2019\/11\/Reunio-Internacional-MUHBA_2019_visita-guiada-fons-Zona-Franca-400x267.jpg 400w\" sizes=\"(max-width: 790px) 100vw, 790px\" \/><\/a><figcaption id=\"caption-attachment-43671\" class=\"wp-caption-text\">Visita guiada als fons MUHBA &#8211; Zona Franca (@ ICAC)<\/figcaption><\/figure>\n<p>La <strong>visita guiada als fons del MUHBA &#8211; Zona Franca<\/strong>, que es van obrir especialment per a l\u2019ocasi\u00f3, va permetre als participants con\u00e8ixer peces del museu que no han estat exposades (com per exemple una col\u00b7lecci\u00f3 de fragments marmoris de diverses vil\u00b7les excavades a l\u2019<em>ager Barcinonensis<\/em>), alhora que es van poder introduir en el funcionament d\u2019aquests magatzems.<\/p>\n<p>La celebraci\u00f3 d\u2019aquesta reuni\u00f3 d\u2019especialistes posa en relleu la bona salut i la vig\u00e8ncia dels <strong>estudis sobre materials lapidis<\/strong>, una l\u00ednia de recerca puntera en el panorama actual de la recerca cient\u00edfica i en la qual, gr\u00e0cies tamb\u00e9 al cam\u00ed iniciat per <a href=\"https:\/\/icac.cat\/qui-som\/personal\/iroda\/\" target=\"_blank\">Isabel Rod\u00e0 de Llanza<\/a>, el nostre pa\u00eds juga un paper principal.<\/p>\n<figure id=\"attachment_43649\" aria-describedby=\"caption-attachment-43649\" style=\"width: 790px\" class=\"wp-caption aligncenter\"><a href=\"https:\/\/icac.cat\/wp-content\/uploads\/2019\/11\/Reunio-Internacional-MUHBA_2019_grup-participants.jpg\"><img loading=\"lazy\" class=\"size-large wp-image-43649\" src=\"https:\/\/icac.cat\/wp-content\/uploads\/2019\/11\/Reunio-Internacional-MUHBA_2019_grup-participants-1024x576.jpg\" alt=\"Reuni\u00f3 Internacional Barcino-Tarraco-Roma, grup de convidats (@ICAC)\" width=\"790\" height=\"444\" srcset=\"https:\/\/icac.cat\/wp-content\/uploads\/2019\/11\/Reunio-Internacional-MUHBA_2019_grup-participants-1024x576.jpg 1024w, https:\/\/icac.cat\/wp-content\/uploads\/2019\/11\/Reunio-Internacional-MUHBA_2019_grup-participants-400x225.jpg 400w\" sizes=\"(max-width: 790px) 100vw, 790px\" \/><\/a><figcaption id=\"caption-attachment-43649\" class=\"wp-caption-text\">Reuni\u00f3 Internacional Barcino-Tarraco-Roma, grup de convidats (@ICAC)<\/figcaption><\/figure>\n","protected":false},"excerpt":{"rendered":"<p>La reuni\u00f3 internacional Barcino-Tarraco-Roma va cloure la setmana passada a Barcelona amb un \u00e8xit d\u2019assist\u00e8ncia important. Un centenar de persones es van acostar cada dia a la seu del MUHBA Pla\u00e7a del Rei per escoltar els i les especialistes en el simbolisme del marbre en l\u2019Imperi rom\u00e0. Amb les sessions de confer\u00e8ncies, es van exposar [&hellip;]<\/p>\n","protected":false},"author":160,"featured_media":43667,"comment_status":"closed","ping_status":"closed","sticky":false,"template":"","format":"standard","meta":{"_genesis_hide_title":false,"_genesis_hide_breadcrumbs":false,"_genesis_hide_singular_image":false,"_genesis_hide_footer_widgets":false,"_genesis_custom_body_class":"","_genesis_custom_post_class":"","_genesis_layout":""},"categories":[184,188,186,182,1],"tags":[480,270,566,565,564,517,516],"_links":{"self":[{"href":"https:\/\/icac.cat\/en\/wp-json\/wp\/v2\/posts\/43648"}],"collection":[{"href":"https:\/\/icac.cat\/en\/wp-json\/wp\/v2\/posts"}],"about":[{"href":"https:\/\/icac.cat\/en\/wp-json\/wp\/v2\/types\/post"}],"author":[{"embeddable":true,"href":"https:\/\/icac.cat\/en\/wp-json\/wp\/v2\/users\/160"}],"replies":[{"embeddable":true,"href":"https:\/\/icac.cat\/en\/wp-json\/wp\/v2\/comments?post=43648"}],"version-history":[{"count":5,"href":"https:\/\/icac.cat\/en\/wp-json\/wp\/v2\/posts\/43648\/revisions"}],"predecessor-version":[{"id":44027,"href":"https:\/\/icac.cat\/en\/wp-json\/wp\/v2\/posts\/43648\/revisions\/44027"}],"wp:featuredmedia":[{"embeddable":true,"href":"https:\/\/icac.cat\/en\/wp-json\/wp\/v2\/media\/43667"}],"wp:attachment":[{"href":"https:\/\/icac.cat\/en\/wp-json\/wp\/v2\/media?parent=43648"}],"wp:term":[{"taxonomy":"category","embeddable":true,"href":"https:\/\/icac.cat\/en\/wp-json\/wp\/v2\/categories?post=43648"},{"taxonomy":"post_tag","embeddable":true,"href":"https:\/\/icac.cat\/en\/wp-json\/wp\/v2\/tags?post=43648"}],"curies":[{"name":"wp","href":"https:\/\/api.w.org\/{rel}","templated":true}]}}