{"id":45984,"date":"2020-02-26T08:42:47","date_gmt":"2020-02-26T07:42:47","guid":{"rendered":"http:\/\/www.icac.cat\/?p=45984"},"modified":"2020-02-26T11:22:21","modified_gmt":"2020-02-26T10:22:21","slug":"toquem-pedra-torna-el-programa-de-divulgacio-sobre-arqueologia-classica-a-tarragona-radio","status":"publish","type":"post","link":"https:\/\/icac.cat\/en\/actualitat\/noticies\/2020\/toquem-pedra-torna-el-programa-de-divulgacio-sobre-arqueologia-classica-a-tarragona-radio\/","title":{"rendered":"Toquem Pedra: torna el programa de divulgaci\u00f3 sobre arqueologia cl\u00e0ssica a Tarragona R\u00e0dio"},"content":{"rendered":"<p style=\"font-weight: 400;\">El programa <strong><a href=\"https:\/\/www.tarragonaradio.cat\/noticia\/toquem_pedra_el_programa_amb_licac_sobre_arqueologia_classica_torna_a_tarragona_radio\/63401?utm_source=dlvr.it&amp;utm_medium=twitter\" target=\"_blank\">Toquem pedra<\/a><\/strong> sobre arqueologia cl\u00e0ssica torna a la graella del <a href=\"https:\/\/www.tarragonaradio.cat\/programa\/el_mati_de_tarragona_radio\/1\" target=\"_blank\">Mat\u00ed de Tarragona R\u00e0dio<\/a>. El programa es concep com <strong>un espai de divulgaci\u00f3 cient\u00edfica<\/strong> sobre arqueologia cl\u00e0ssica a partir del coneixement i la recerca que duem a terme a l&#8217;ICAC.<\/p>\n<p style=\"font-weight: 400;\">Aquesta ser\u00e0 una<strong> nova edici\u00f3 del programa<\/strong>, que s\u2019havia em\u00e8s a la mateixa r\u00e0dio durant diverses temporades des de 2013. Ara el programa torna a la graella de Tarragona R\u00e0dio, amb un format renovat i moltes ganes de comunicar la nostra feina i la nostra passi\u00f3: l&#8217;arqueologia cl\u00e0ssica.<\/p>\n<div class=\"highlight-block\">\n<p style=\"font-weight: 400;\">El programa s&#8217;emetr\u00e0 el darrer dimecres de cada mes, i es podr\u00e0 seguir a trav\u00e9s del 96.7 fm,\u00a0a la <a href=\"http:\/\/www.tarragonaradio.cat\" target=\"_blank\">web de Tarragona R\u00e0dio<\/a><a href=\"http:\/\/www.tarragonaradio.cat%2C\/\">,<\/a>\u00a0a les APP&#8217;s i per la TDT. Tamb\u00e9 es podr\u00e0 sentir en diferit a la nostra web i a la web de Tarragona R\u00e0dio.<\/p>\n<\/div>\n<p style=\"font-weight: 400;\">La temporada 2020 comen\u00e7a el dimecres 26 de febrer de 2020 i compta amb la participaci\u00f3 de tres membres de l&#8217;<a href=\"https:\/\/icac.cat\/recerca\/equips-de-recerca\/arqueologia-del-paisatge-giap\/\" target=\"_blank\">equip de recerca en Arqueologia del Paisatge (GIAP)\u00a0<\/a>de l&#8217;ICAC.<\/p>\n<p style=\"font-weight: 400;\"><b><strong><a href=\"https:\/\/icac.cat\/qui-som\/personal\/jpalet\/\" target=\"_blank\">Josep Maria Palet<\/a>,<\/strong><\/b>\u00a0director de l\u2019ICAC des de gener de 2020 i director-responsable del <a href=\"https:\/\/icac.cat\/recerca\/equips-de-recerca\/arqueologia-del-paisatge-giap\/\" target=\"_blank\">GIAP<\/a>\u00a0des de 2009. \u00c9s especialista en arqueologia del paisatge i estudis de territori al m\u00f3n antic. Tamb\u00e9, en arqueomorfologia i prospeccions arqueol\u00f2giques, arqueologia d\u2019espais altimontans, interaccions socioambientals, espais agraris, centuriacions, poblament rural, ramaderia i gesti\u00f3 del patrimoni.<\/p>\n<figure id=\"attachment_45992\" aria-describedby=\"caption-attachment-45992\" style=\"width: 790px\" class=\"wp-caption aligncenter\"><a href=\"https:\/\/icac.cat\/wp-content\/uploads\/2020\/02\/20200224_ToquemPedra1-5.jpg\"><img loading=\"lazy\" class=\"wp-image-45992 size-large\" src=\"https:\/\/icac.cat\/wp-content\/uploads\/2020\/02\/20200224_ToquemPedra1-5-1024x768.jpg\" alt=\"Pep Suny\u00e9 (esquerra) amb Josep Maria Palet , durant la gravaci\u00f3 del programa (\u00a9 ICAC)\" width=\"790\" height=\"593\" srcset=\"https:\/\/icac.cat\/wp-content\/uploads\/2020\/02\/20200224_ToquemPedra1-5-1024x768.jpg 1024w, https:\/\/icac.cat\/wp-content\/uploads\/2020\/02\/20200224_ToquemPedra1-5-400x300.jpg 400w\" sizes=\"(max-width: 790px) 100vw, 790px\" \/><\/a><figcaption id=\"caption-attachment-45992\" class=\"wp-caption-text\">Pep Suny\u00e9 (esquerra) amb Josep Maria Palet , durant la gravaci\u00f3 del programa (\u00a9 ICAC)<\/figcaption><\/figure>\n<p style=\"font-weight: 400;\"><b><strong><a href=\"https:\/\/icac.cat\/qui-som\/personal\/alivarda\/\" target=\"_blank\">Alexandra Livarda<\/a><\/strong><\/b>, arqueobot\u00e0nica, especialitzada en l\u2019estudi de plantes antigues, i particularment en plantes aliment\u00e0ries, amb qu\u00e8 reconstrueix no nom\u00e9s la dieta sin\u00f3 les relacions i xarxes comercials, socials, econ\u00f2miques i pol\u00edtiques del passat. <a href=\"https:\/\/icac.cat\/qui-som\/personal\/alivarda\/\" target=\"_blank\">Livarda\u00a0<\/a>\u00e9s actualment investigadora Ramon y Cajal a l\u2019ICAC. Va obtenir el seu doctorat en Arqueologia el 2008 a la Universitat de Leicester al Regne Unit, amb una tesi sobre la \u2018Introducci\u00f3 i dispersi\u00f3 de plantes aliment\u00e0ries ex\u00f2tiques a Europa durant els per\u00edodes rom\u00e0 i medieval\u2019. La seva tesi va assentar les bases de la seva carrera investigadora en arqueologia de l\u2019alimentaci\u00f3 i arqueobiologia social, camps en qu\u00e8 ha continuat treballant des de llavors.<\/p>\n<p style=\"font-weight: 400;\"><b><strong><a href=\"https:\/\/icac.cat\/qui-som\/personal\/lcolominas\/\" target=\"_blank\">L\u00eddia Colominas<\/a><\/strong><\/b>, investigadora postdoctoral a l\u2019ICAC des de 2015 i que est\u00e0 duent a terme una investigaci\u00f3 centrada en l\u2019estudi de la ramaderia en zones d\u2019alta muntanya. \u00c9s llicenciada en Hist\u00f2ria per la Universitat de Barcelona (2003) i doctora en Arqueologia Prehist\u00f2rica per la Universitat Aut\u00f2noma de Barcelona (2009), amb la qualificaci\u00f3 d\u2019excel\u00b7lent cum laude per unanimitat. La seva recerca se centra en l\u2019estudi de les interaccions entre els animals i les societats del primer mil\u00b7lenni aC a la Mediterr\u00e0nia occidental, des d\u2019una aproximaci\u00f3 arqueozool\u00f2gica. M\u00e9s concretament, ha desenvolupat la seva recerca en l\u2019estudi de l\u2019alimentaci\u00f3, la ramaderia, el comer\u00e7 d\u2019animals i les pr\u00e0ctiques rituals d\u2019aquestes societats del passat. A nivell metodol\u00f2gic, ha integrat a la seva recerca les an\u00e0lisis paleogen\u00e8tiques i la morfometria geom\u00e8trica.<\/p>\n<figure id=\"attachment_45995\" aria-describedby=\"caption-attachment-45995\" style=\"width: 790px\" class=\"wp-caption aligncenter\"><a href=\"https:\/\/icac.cat\/wp-content\/uploads\/2020\/02\/20200224_ToquemPedra1-4.jpg\"><img loading=\"lazy\" class=\"size-large wp-image-45995\" src=\"https:\/\/icac.cat\/wp-content\/uploads\/2020\/02\/20200224_ToquemPedra1-4-1024x768.jpg\" alt=\"Palet, Livarda i Colominas, amb Pep Suny\u00e9, durant la gravaci\u00f3 del programa (\u00a9 ICAC)\" width=\"790\" height=\"593\" srcset=\"https:\/\/icac.cat\/wp-content\/uploads\/2020\/02\/20200224_ToquemPedra1-4-1024x768.jpg 1024w, https:\/\/icac.cat\/wp-content\/uploads\/2020\/02\/20200224_ToquemPedra1-4-400x300.jpg 400w\" sizes=\"(max-width: 790px) 100vw, 790px\" \/><\/a><figcaption id=\"caption-attachment-45995\" class=\"wp-caption-text\">Palet, Livarda i Colominas, amb Pep Suny\u00e9, durant la gravaci\u00f3 del programa (\u00a9 ICAC)<\/figcaption><\/figure>\n<p style=\"font-weight: 400;\">\n","protected":false},"excerpt":{"rendered":"<p>El programa Toquem pedra sobre arqueologia cl\u00e0ssica torna a la graella del Mat\u00ed de Tarragona R\u00e0dio. El programa es concep com un espai de divulgaci\u00f3 cient\u00edfica sobre arqueologia cl\u00e0ssica a partir del coneixement i la recerca que duem a terme a l&#8217;ICAC. Aquesta ser\u00e0 una nova edici\u00f3 del programa, que s\u2019havia em\u00e8s a la mateixa [&hellip;]<\/p>\n","protected":false},"author":160,"featured_media":46010,"comment_status":"closed","ping_status":"closed","sticky":false,"template":"","format":"standard","meta":{"_genesis_hide_title":false,"_genesis_hide_breadcrumbs":false,"_genesis_hide_singular_image":false,"_genesis_hide_footer_widgets":false,"_genesis_custom_body_class":"","_genesis_custom_post_class":"","_genesis_layout":""},"categories":[184,188,186],"tags":[237,284,416,239,529,238,320],"_links":{"self":[{"href":"https:\/\/icac.cat\/en\/wp-json\/wp\/v2\/posts\/45984"}],"collection":[{"href":"https:\/\/icac.cat\/en\/wp-json\/wp\/v2\/posts"}],"about":[{"href":"https:\/\/icac.cat\/en\/wp-json\/wp\/v2\/types\/post"}],"author":[{"embeddable":true,"href":"https:\/\/icac.cat\/en\/wp-json\/wp\/v2\/users\/160"}],"replies":[{"embeddable":true,"href":"https:\/\/icac.cat\/en\/wp-json\/wp\/v2\/comments?post=45984"}],"version-history":[{"count":5,"href":"https:\/\/icac.cat\/en\/wp-json\/wp\/v2\/posts\/45984\/revisions"}],"predecessor-version":[{"id":46012,"href":"https:\/\/icac.cat\/en\/wp-json\/wp\/v2\/posts\/45984\/revisions\/46012"}],"wp:featuredmedia":[{"embeddable":true,"href":"https:\/\/icac.cat\/en\/wp-json\/wp\/v2\/media\/46010"}],"wp:attachment":[{"href":"https:\/\/icac.cat\/en\/wp-json\/wp\/v2\/media?parent=45984"}],"wp:term":[{"taxonomy":"category","embeddable":true,"href":"https:\/\/icac.cat\/en\/wp-json\/wp\/v2\/categories?post=45984"},{"taxonomy":"post_tag","embeddable":true,"href":"https:\/\/icac.cat\/en\/wp-json\/wp\/v2\/tags?post=45984"}],"curies":[{"name":"wp","href":"https:\/\/api.w.org\/{rel}","templated":true}]}}