{"id":4718,"date":"2011-09-20T11:09:09","date_gmt":"2011-09-20T11:09:09","guid":{"rendered":"http:\/\/www.icac.cat\/?post_type=post&#038;p=4718"},"modified":"2015-07-06T16:58:39","modified_gmt":"2015-07-06T16:58:39","slug":"propera-presentacio-de-la-conquesta-romana-de-catalunya","status":"publish","type":"post","link":"https:\/\/icac.cat\/en\/actualitat\/noticies\/2011\/propera-presentacio-de-la-conquesta-romana-de-catalunya\/","title":{"rendered":"Propera presentaci\u00f3 de &#8216;La conquesta romana de Catalunya&#8217;"},"content":{"rendered":"<p>&nbsp;<\/p>\n<p>&nbsp;<\/p>\n<p>&nbsp;<\/p>\n<p>&nbsp;<\/p>\n<p><a href=\"https:\/\/icac.cat\/wp-content\/uploads\/images\/stories\/gal.leria\/publicacions\/conquesta.jpg\" target=\"_blank\"><img src=\"https:\/\/icac.cat\/wp-content\/uploads\/images\/stories\/gal.leria\/publicacions\/conquesta.jpg\" border=\"0\" width=\"250\" style=\"float: right;\"><\/a>La presentaci\u00f3 del llibre <a href=\"index.php?option=com_content&amp;view=article&amp;id=469%3Ala-conquesta-romana-de-catalunya&amp;catid=24%3Acoedicions&amp;Itemid=19&amp;lang=ca\" target=\"_blank\"><strong><em>La conquesta romana de Catalunya<\/em><\/strong><\/a>, del Dr. Jaume Noguera (Universitat de Barcelona) amb il\u00b7lustracions de Francesc Riart, es presenta el dijous 13 d&#8217;octubre a les 13 hores a la Sala d\u2019actes de l\u2019ICAC (pla\u00e7a d\u2019en Rovellat, s\/n, Tarragona).<\/p>\n<p>&nbsp;<\/p>\n<p>&nbsp;<\/p>\n<p>La presentaci\u00f3 ser\u00e0 a c\u00e0rrec del Dr. <a href=\"https:\/\/icac.cat\/?p=3711\" target=\"_blank\"><strong>Joaquin Ruiz de Arbulo<\/strong><\/a>, catedr\u00e0tic d\u2019Arqueologia de la Universitat Rovira i Virgili i investigador de l\u2019ICAC.<\/p>\n<p>&nbsp;<\/p>\n<p>El llibre, publicat per l&#8217;ICAC, ha rebut el suport econ\u00f2mic del Departament d\u2019Innovaci\u00f3, Universitats i Empresa de la Generalitat de Catalunya, la Diputaci\u00f3 de Tarragona i la Universtitat de Barcelona.<\/p>\n<p>&nbsp;<\/p>\n<p>&nbsp;<\/p>\n<p>Vegeu <a href=\"https:\/\/icac.cat\/wp-content\/uploads\/images\/stories\/pdf\/publicacions\/invit_conquesta.pdf\" target=\"_blank\"><strong>aqu\u00ed<\/strong><\/a> la invitaci\u00f3 a l&#8217;acte.<\/p>\n<p>&nbsp;<\/p>\n<p>&nbsp;<\/p>\n<p>&nbsp;<\/p>\n<p>&nbsp;<\/p>\n","protected":false},"excerpt":{"rendered":"<p>Es tracta d&#8217;un llibre de divulgaci\u00f3 escrit per Jaume Noguera (UB) i que presentar\u00e0 el professor Joaquin Ruiz de Arbulo. L&#8217;acte \u00e9s el 13 d&#8217;octubre a la Sala d&#8217;actes de l&#8217;Institut (<br \/>\n<a href=\"https:\/\/icac.cat\/wp-content\/uploads\/images\/stories\/pdf\/publicacions\/invit_conquesta.pdf\" target=\"_blank\"><strong>invitaci\u00f3<\/strong><\/a>).<\/p>\n","protected":false},"author":1,"featured_media":0,"comment_status":"closed","ping_status":"closed","sticky":false,"template":"","format":"standard","meta":{"_genesis_hide_title":false,"_genesis_hide_breadcrumbs":false,"_genesis_hide_singular_image":false,"_genesis_hide_footer_widgets":false,"_genesis_custom_body_class":"","_genesis_custom_post_class":"","_genesis_layout":""},"categories":[1],"tags":[],"_links":{"self":[{"href":"https:\/\/icac.cat\/en\/wp-json\/wp\/v2\/posts\/4718"}],"collection":[{"href":"https:\/\/icac.cat\/en\/wp-json\/wp\/v2\/posts"}],"about":[{"href":"https:\/\/icac.cat\/en\/wp-json\/wp\/v2\/types\/post"}],"author":[{"embeddable":true,"href":"https:\/\/icac.cat\/en\/wp-json\/wp\/v2\/users\/1"}],"replies":[{"embeddable":true,"href":"https:\/\/icac.cat\/en\/wp-json\/wp\/v2\/comments?post=4718"}],"version-history":[{"count":1,"href":"https:\/\/icac.cat\/en\/wp-json\/wp\/v2\/posts\/4718\/revisions"}],"predecessor-version":[{"id":9020,"href":"https:\/\/icac.cat\/en\/wp-json\/wp\/v2\/posts\/4718\/revisions\/9020"}],"wp:attachment":[{"href":"https:\/\/icac.cat\/en\/wp-json\/wp\/v2\/media?parent=4718"}],"wp:term":[{"taxonomy":"category","embeddable":true,"href":"https:\/\/icac.cat\/en\/wp-json\/wp\/v2\/categories?post=4718"},{"taxonomy":"post_tag","embeddable":true,"href":"https:\/\/icac.cat\/en\/wp-json\/wp\/v2\/tags?post=4718"}],"curies":[{"name":"wp","href":"https:\/\/api.w.org\/{rel}","templated":true}]}}