{"id":5091,"date":"2012-09-06T08:59:05","date_gmt":"2012-09-06T08:59:05","guid":{"rendered":"http:\/\/www.icac.cat\/?post_type=post&#038;p=5091"},"modified":"2015-07-06T16:58:34","modified_gmt":"2015-07-06T16:58:34","slug":"linstitut-esta-estudiant-el-paisatge-de-la-creta-minoica","status":"publish","type":"post","link":"https:\/\/icac.cat\/en\/actualitat\/noticies\/2012\/linstitut-esta-estudiant-el-paisatge-de-la-creta-minoica\/","title":{"rendered":"L\u2019Institut est\u00e0 estudiant el paisatge de la Creta minoica"},"content":{"rendered":"<p>&nbsp;<\/p>\n<p>&nbsp;<\/p>\n<p>&nbsp;<\/p>\n<p>&nbsp;<\/p>\n<p style=\"text-align: right;\"><em>Plana de Palaikastro i el seu entorn. <\/em><em> <\/em><\/p>\n<p style=\"text-align: right;\"><em>(Foto: J. M. Palet)<\/em><\/p>\n<p><a href=\"https:\/\/icac.cat\/wp-content\/uploads\/images\/stories\/gal.leria\/creta\/foto3.jpg\" target=\"_blank\"><img src=\"https:\/\/icac.cat\/wp-content\/uploads\/images\/stories\/gal.leria\/creta\/foto3.jpg\" border=\"0\" width=\"270\" style=\"float: right;\"><\/a>Dos membres del GIAP de l\u2019ICAC estan analitzant el territori de la ciutat minoica de Palaikastro, a l\u2019illa de Creta, des de la perspectiva de l\u2019arqueologia del paisatge. Es tracta dels doctors <a href=\"https:\/\/icac.cat\/?p=3607\" target=\"_blank\"><strong>H\u00e8ctor Orengo<\/strong><\/a> (<a href=\"http:\/\/www.nottingham.ac.uk\/archaeology\/people\/hector.orengo\" target=\"_blank\">investigador postdoctoral de la Universitat de Nottingham<\/a>) i<a href=\"https:\/\/icac.cat\/?p=3459\" target=\"_blank\"><strong> Josep M. Palet<\/strong><\/a>.<\/p>\n<p>&nbsp;<\/p>\n<p>Ja en la primera campanya, aquest 2012, han comen\u00e7at a fer l\u2019estudi arqueomorfol\u00f2gic de la xarxa vi\u00e0ria a la plana de Palaikastro i han identificat una estructuraci\u00f3 ortogonal que es podria haver originat en una parcel\u00b7laci\u00f3 d\u2019\u00e8poca grega cl\u00e0ssica, relacionada amb la polis d\u2019Itanos, situada m\u00e9s al nord de Palaikastro. La recerca est\u00e0 en curs i aquests resultats preliminars encara s&#8217;han de confirmar.<\/p>\n<p>&nbsp;<\/p>\n<p>&nbsp;<\/p>\n<p style=\"text-align: right;\"><em> L&#8217;equip durant els treballs de prospecci\u00f3. <\/em><em> <\/em><\/p>\n<p style=\"text-align: right;\"><em>(Foto: J. M. Palet)<\/em><\/p>\n<p><a href=\"https:\/\/icac.cat\/wp-content\/uploads\/images\/stories\/gal.leria\/creta\/foto2.jpg\" target=\"_blank\"><img src=\"https:\/\/icac.cat\/wp-content\/uploads\/images\/stories\/gal.leria\/creta\/foto2.jpg\" border=\"0\" width=\"270\" style=\"float: right; border: 0;\"><\/a><\/p>\n<p>A part d\u2019aix\u00f2, els resultats de la campanya tamb\u00e9 han estat molt positius per dos altres motius:<\/p>\n<p>&nbsp;<\/p>\n<p>&#8211; s\u2019han localitzat una llacuna litoral que sondejar\u00e0 i estudiar\u00e0 el Dr. Santiago Riera (SERP-UB), que dirigeix la recerca paleoambiental sobre l&#8217;evoluci\u00f3 del paisatge de Palaikastro;<\/p>\n<p>&nbsp;<\/p>\n<p>&#8211; s\u2019han localitzat granges minoiques i sistemes de terrasses en muntanya que segurament s\u00f3n d\u2019\u00e8poca minoica. S\u00f3n sistemes agraris antics que es conserven for\u00e7a b\u00e9, en estat f\u00f2ssil o reaprofitats per a espais agraris moderns.<\/p>\n<p>&nbsp;<\/p>\n<p>Tot plegat es corroborar\u00e0 en properes campanyes, previstes fins al 2016.<\/p>\n<p style=\"text-align: right;\"><em><br \/><\/em><\/p>\n<p style=\"text-align: right;\"><em>Detall constructiu del sistema de terrasses <\/em><\/p>\n<p style=\"text-align: right;\"><em>a l&#8217;entorn de Palaikastro. <\/em><em>(Foto: J. M. Palet)<\/em><\/p>\n<p><a href=\"https:\/\/icac.cat\/wp-content\/uploads\/images\/stories\/gal.leria\/creta\/foto1.jpg\" target=\"_blank\"><img src=\"https:\/\/icac.cat\/wp-content\/uploads\/images\/stories\/gal.leria\/creta\/foto1.jpg\" border=\"0\" width=\"270\" style=\"float: right; border: 0;\"><\/a>Aquest estudi d&#8217;arqueologia del paisatge dirigit per H\u00e8ctor A. Orengo i Josep M. Palet s\u2019inscriu en un projecte m\u00e9s ampli de l&#8217;Escola Brit\u00e0nica a Atenes dirigit pel Dr. <a href=\"http:\/\/www.art.utoronto.ca\/people\/art-history\/graduate-faculty\/carl-knappett\" target=\"_blank\">Carl Knappett<\/a> (Universitat de Toronto, Canad\u00e0), la Dra.<a href=\"http:\/\/www.bris.ac.uk\/archanth\/staff\/momigliano\/\" target=\"_blank\"> Nicoletta Momigliano<\/a> (Universitat de Bristol, Regne Unit) i la Dra. <a href=\"http:\/\/www.nottingham.ac.uk\/archaeology\/people\/alexandra.livarda\" target=\"_blank\">Alexandra Livarda<\/a> (Universitat de Nottingham), que se centrar\u00e0 en l&#8217;excavaci\u00f3 del jaciment minoic de Palaikastro.<\/p>\n<p>&nbsp;<\/p>\n<p>De l\u2019ICAC tamb\u00e9 hi participa <a href=\"https:\/\/icac.cat\/?p=3633\" target=\"_blank\">Arnau Garcia<\/a> (investigador en formaci\u00f3).<\/p>\n<p>&nbsp;<\/p>\n<p>&nbsp;<\/p>\n<p>Per a m\u00e9s informaci\u00f3, vegeu <a href=\"http:\/\/www.youtube.com\/watch?v=W8DXxL_1qsI\" target=\"_blank\"><strong>aquest v\u00eddeo<\/strong><\/a> del projecte arqueol\u00f2gic a Palaicastro.<\/p>\n<p>&nbsp;<\/p>\n<p>&nbsp;<\/p>\n<p>&nbsp;<\/p>\n","protected":false},"excerpt":{"rendered":"<p><a href=\"https:\/\/icac.cat\/wp-content\/uploads\/images\/stories\/gal.leria\/creta\/foto2.jpg\" target=\"_blank\"><img src=\"https:\/\/icac.cat\/wp-content\/uploads\/images\/stories\/gal.leria\/creta\/foto2.jpg\" border=\"0\" width=\"100\" style=\"float: right;\"><\/a>Dos membres del GIAP de l\u2019ICAC analitzen el territori de la ciutat minoica de Palaikastro, a l\u2019illa de Creta, des de l\u2019arqueologia del paisatge.<\/p>\n","protected":false},"author":1,"featured_media":0,"comment_status":"closed","ping_status":"closed","sticky":false,"template":"","format":"standard","meta":{"_genesis_hide_title":false,"_genesis_hide_breadcrumbs":false,"_genesis_hide_singular_image":false,"_genesis_hide_footer_widgets":false,"_genesis_custom_body_class":"","_genesis_custom_post_class":"","_genesis_layout":""},"categories":[1],"tags":[],"_links":{"self":[{"href":"https:\/\/icac.cat\/en\/wp-json\/wp\/v2\/posts\/5091"}],"collection":[{"href":"https:\/\/icac.cat\/en\/wp-json\/wp\/v2\/posts"}],"about":[{"href":"https:\/\/icac.cat\/en\/wp-json\/wp\/v2\/types\/post"}],"author":[{"embeddable":true,"href":"https:\/\/icac.cat\/en\/wp-json\/wp\/v2\/users\/1"}],"replies":[{"embeddable":true,"href":"https:\/\/icac.cat\/en\/wp-json\/wp\/v2\/comments?post=5091"}],"version-history":[{"count":1,"href":"https:\/\/icac.cat\/en\/wp-json\/wp\/v2\/posts\/5091\/revisions"}],"predecessor-version":[{"id":8891,"href":"https:\/\/icac.cat\/en\/wp-json\/wp\/v2\/posts\/5091\/revisions\/8891"}],"wp:attachment":[{"href":"https:\/\/icac.cat\/en\/wp-json\/wp\/v2\/media?parent=5091"}],"wp:term":[{"taxonomy":"category","embeddable":true,"href":"https:\/\/icac.cat\/en\/wp-json\/wp\/v2\/categories?post=5091"},{"taxonomy":"post_tag","embeddable":true,"href":"https:\/\/icac.cat\/en\/wp-json\/wp\/v2\/tags?post=5091"}],"curies":[{"name":"wp","href":"https:\/\/api.w.org\/{rel}","templated":true}]}}