{"id":5122,"date":"2012-09-17T13:12:33","date_gmt":"2012-09-17T13:12:33","guid":{"rendered":"http:\/\/www.icac.cat\/?post_type=post&#038;p=5122"},"modified":"2015-07-06T16:58:34","modified_gmt":"2015-07-06T16:58:34","slug":"premien-la-directora-de-licac-al-museo-nacional-de-arte-romano-de-merida","status":"publish","type":"post","link":"https:\/\/icac.cat\/en\/actualitat\/noticies\/2012\/premien-la-directora-de-licac-al-museo-nacional-de-arte-romano-de-merida\/","title":{"rendered":"Premien la directora de l&#8217;ICAC al Museo Nacional de Arte Romano de M\u00e8rida"},"content":{"rendered":"<p>&nbsp;<\/p>\n<p>&nbsp;<\/p>\n<p>&nbsp;<\/p>\n<p>&nbsp;<\/p>\n<p>&nbsp;<\/p>\n<p>L&#8217;Associaci\u00f3 d&#8217;Amics del <a href=\"http:\/\/museoarteromano.mcu.es\/\" target=\"_blank\">Museo Nacional de Arte Romano<\/a>, de M\u00e8rida, ha concedit el premi Genio Protector de la Colonia Augusta Em\u00e9rita, en la categoria de personalitats a <a href=\"index.php?option=com_gusers&amp;task=user&amp;id=2&amp;Itemid=10&amp;lang=ca\" target=\"_blank\">Isabel Rod\u00e0 de Llanza<\/a>, directora de l&#8217;Institut Catal\u00e0 d&#8217;Arqueologia Cl\u00e0ssica i catedr\u00e0tica d&#8217;Arqueologia de la Universitat Aut\u00f2noma de Barcelona.<\/p>\n<p>&nbsp;<\/p>\n<p>L&#8217;acte de lliurament de la distinci\u00f3 (fotos de sota) va tenir lloc al mateix Museu el 17 de setembre del 2012.<\/p>\n<p>&nbsp;<\/p>\n<p><a href=\"https:\/\/icac.cat\/wp-content\/uploads\/images\/stories\/gal.leria\/merida\/premi1.jpg\" target=\"_blank\"><img src=\"https:\/\/icac.cat\/wp-content\/uploads\/images\/stories\/gal.leria\/merida\/premi1.jpg\" border=\"0\" width=\"255\"><\/a> <a href=\"https:\/\/icac.cat\/wp-content\/uploads\/images\/stories\/gal.leria\/merida\/premi2.jpg\" target=\"_blank\"><img src=\"https:\/\/icac.cat\/wp-content\/uploads\/images\/stories\/gal.leria\/merida\/premi2.jpg\" border=\"0\" width=\"250\"><\/a><\/p>\n<p>&nbsp;<\/p>\n<p>&nbsp;<\/p>\n<p>Trobareu m\u00e9s informaci\u00f3 <a href=\"http:\/\/www.hoy.es\/20120913\/local\/merida\/isabel-roda-recibe-premio-201209131439.html\" target=\"_blank\"><strong>aqu\u00ed<\/strong><\/a>, i tamb\u00e9:<\/p>\n<p>&#8211; Entrevista al diari extremeny <a href=\"http:\/\/www.hoy.es\/v\/20120918\/merida\/todas-piezas-museo-quedo-20120918.html\" target=\"_blank\"><strong><em>Hoy<\/em><\/strong><\/a><\/p>\n<p>&#8211; Not\u00edcia al diari&nbsp; <em><a href=\"http:\/\/www.elperiodicoextremadura.com\/noticias\/merida\/isabel-roda-y-caixa-premios-genio-protector_680490.html\" target=\"_blank\"><strong>El Peri\u00f3dico de Extremadura<\/strong><\/a><br \/><\/em><\/p>\n<p>&#8211; Not\u00edcia al diari <a href=\"http:\/\/www.lavanguardia.com\/local\/20120915\/54349624316\/los-amigos-del-museo-de-arte-romano-de-merida-entrega-el-lunes-el-premio-genio-protector-de-la-colon.html\" target=\"_blank\"><strong><em>La Vanguardia<\/em><\/strong><\/a><\/p>\n<p>&#8211; Not\u00edcia (a partir del minut 22:35) a <a href=\"http:\/\/www.canalextremadura.es\/node\/52090\" target=\"_blank\"><strong>Canal Extremadura TV<\/strong><\/a><\/p>\n<p>&nbsp;<\/p>\n<p>&nbsp;<\/p>\n<p>&nbsp;<\/p>\n<p>&nbsp;<\/p>\n<p>&nbsp;<\/p>\n<p>&nbsp;<\/p>\n<p>&nbsp;<\/p>\n<p>&nbsp;<\/p>\n<p>&nbsp;<\/p>\n","protected":false},"excerpt":{"rendered":"<p>L&#8217;Associaci\u00f3 d&#8217;Amics d&#8217;aquest museu li ha concedit el 17 de setembre el premi Geni protector de la col\u00f2nia Augusta Emerita, en la categoria de personalitats.<\/p>\n","protected":false},"author":1,"featured_media":0,"comment_status":"closed","ping_status":"closed","sticky":false,"template":"","format":"standard","meta":{"_genesis_hide_title":false,"_genesis_hide_breadcrumbs":false,"_genesis_hide_singular_image":false,"_genesis_hide_footer_widgets":false,"_genesis_custom_body_class":"","_genesis_custom_post_class":"","_genesis_layout":""},"categories":[1],"tags":[],"_links":{"self":[{"href":"https:\/\/icac.cat\/en\/wp-json\/wp\/v2\/posts\/5122"}],"collection":[{"href":"https:\/\/icac.cat\/en\/wp-json\/wp\/v2\/posts"}],"about":[{"href":"https:\/\/icac.cat\/en\/wp-json\/wp\/v2\/types\/post"}],"author":[{"embeddable":true,"href":"https:\/\/icac.cat\/en\/wp-json\/wp\/v2\/users\/1"}],"replies":[{"embeddable":true,"href":"https:\/\/icac.cat\/en\/wp-json\/wp\/v2\/comments?post=5122"}],"version-history":[{"count":1,"href":"https:\/\/icac.cat\/en\/wp-json\/wp\/v2\/posts\/5122\/revisions"}],"predecessor-version":[{"id":8883,"href":"https:\/\/icac.cat\/en\/wp-json\/wp\/v2\/posts\/5122\/revisions\/8883"}],"wp:attachment":[{"href":"https:\/\/icac.cat\/en\/wp-json\/wp\/v2\/media?parent=5122"}],"wp:term":[{"taxonomy":"category","embeddable":true,"href":"https:\/\/icac.cat\/en\/wp-json\/wp\/v2\/categories?post=5122"},{"taxonomy":"post_tag","embeddable":true,"href":"https:\/\/icac.cat\/en\/wp-json\/wp\/v2\/tags?post=5122"}],"curies":[{"name":"wp","href":"https:\/\/api.w.org\/{rel}","templated":true}]}}