{"id":54090,"date":"2021-05-27T11:54:44","date_gmt":"2021-05-27T09:54:44","guid":{"rendered":"http:\/\/www.icac.cat\/?p=54090"},"modified":"2021-05-27T11:54:55","modified_gmt":"2021-05-27T09:54:55","slug":"una-part-significativa-del-forum-roma-iulia-libica-quedara-al-descobert-endrecat-i-senyalitzat-a-la-fi-de-lactual-campanya-dexcavacions","status":"publish","type":"post","link":"https:\/\/icac.cat\/en\/actualitat\/noticies\/2021\/una-part-significativa-del-forum-roma-iulia-libica-quedara-al-descobert-endrecat-i-senyalitzat-a-la-fi-de-lactual-campanya-dexcavacions\/","title":{"rendered":"Una part significativa del f\u00f2rum rom\u00e0 Iulia Libica quedar\u00e0 al descobert, endre\u00e7at i senyalitzat a la fi de l\u2019actual campanya d&#8217;excavacions"},"content":{"rendered":"<h6>L\u2019Ajuntament de Ll\u00edvia vol ampliar l\u2019exposici\u00f3 actual del Museu amb les descobertes del jaciment i redacta un projecte que veur\u00e0 la llum en uns 2 anys<\/h6>\n<p>Una part significativa del f\u00f2rum rom\u00e0 <a href=\"https:\/\/icac.cat\/recerca\/projectes-de-recerca\/projecte\/projecte-iulia-libica-llivia-cerdanya-el-forum-i-el-territori-de-la-ciutat\/\" target=\"_blank\"><em>Iulia Libica<\/em> <\/a>quedar\u00e0 al descobert, endre\u00e7at i senyalitzat a la fi de l\u2019actual campanya d\u2019excavacions, segons ha explicat, el passat divendres 21 de maig, el director del programa, <a href=\"https:\/\/icac.cat\/qui-som\/personal\/jguitart\/\" target=\"_blank\"><strong>Josep Guitart<\/strong> <\/a>(UAB-ICAC).<\/p>\n<p>A la finalitzaci\u00f3 dels treballs arqueol\u00f2gics, part del jaciment estar\u00e0 ordenat i ser\u00e0 visible als visitants.\u00a0\u201cLa voluntat \u00e9s deixar l\u2019\u00e0rea oriental ordenada i endre\u00e7ada. Faltar\u00e0 per completar tota la zona a tocar de l\u2019esgl\u00e9sia\u201d, ha dit Guitart.<\/p>\n<div class=\"destacat-entrevista dreta\">\n<div class=\"small-text\">\n<p>\u201cLa voluntat \u00e9s deixar l\u2019\u00e0rea oriental ordenada i endre\u00e7ada. Faltar\u00e0 per completar tota la zona a tocar de l\u2019esgl\u00e9sia\u201d<\/p>\n<\/div>\n<\/div>\n<p>Per tal que aquest prop\u00f2sit sigui una realitat caldr\u00e0 que els serveis p\u00fablics de subministrament que avui creuen pel mig de l\u2019excavaci\u00f3 (electricitat i gas) hagin estat finalment desviats.\u00a0Els responsables de l\u2019excavaci\u00f3 centren l\u2019actuaci\u00f3 d\u2019aquesta campanya en la <strong>realitzaci\u00f3 d\u2019un tall estratigr\u00e0fic<\/strong> per comprovar i datar les diferents fases d\u2019ocupaci\u00f3 de l\u2019espai del f\u00f2rum i determinar l\u2019evoluci\u00f3 arquitect\u00f2nica d\u2019aquest assentament.<\/p>\n<p>L\u2019alcalde de Ll\u00edvia, <strong>Elies Nova<\/strong>, ha destacat la voluntat de l\u2019<a href=\"http:\/\/llivia.org\/\" target=\"_blank\">Ajuntament de Ll\u00edvia<\/a>\u00a0d\u2019ampliar el Museu tot incorporant el f\u00f2rum rom\u00e0 en l\u2019exposici\u00f3 permanent de l\u2019equipament. De fet, el Museu actual es va inaugurar el 2012 i la confirmaci\u00f3 de l\u2019exist\u00e8ncia del f\u00f2rum rom\u00e0 de Ll\u00edvia \u00e9s del 2015. Aquest element arqueol\u00f2gic i hist\u00f2ric d\u2019aquesta v\u00e0lua -\u00e9s l\u2019\u00fanic f\u00f2rum rom\u00e0 dels Pirineus- ha de tenir el seu protagonisme en el Museu local.<\/p>\n<blockquote><p>\u201cNosaltres ten\u00edem la intenci\u00f3, inicialment, de fer un centre d\u2019interpretaci\u00f3 del f\u00f2rum. Per\u00f2, seguint les recomanacions de l\u2019equip d\u2019arque\u00f2legs i del director del Museu de Ll\u00edvia, farem que tot es concentri a l\u2019edifici de l\u2019Ajuntament, on avui hi ha el Museu i l\u2019exposici\u00f3 de l\u2019antiga farm\u00e0cia. La nostra intenci\u00f3 \u00e9s que el projecte pugui estar acabat en uns dos anys. Hi estem treballant\u201d.<\/p><\/blockquote>\n<p>Pel que fa el recinte del f\u00f2rum, Nova explica que seria recomanable que l\u2019espai, un cop finalitzada les excavacions, qued\u00e9s cobert per evitar la seva degradaci\u00f3.<\/p>\n<figure id=\"attachment_54092\" aria-describedby=\"caption-attachment-54092\" style=\"width: 790px\" class=\"wp-caption aligncenter\"><img loading=\"lazy\" class=\"size-large wp-image-54092\" src=\"https:\/\/icac.cat\/wp-content\/uploads\/2021\/05\/forum1-1024x647.jpg\" alt=\"C\u00e8sar Carreras (UAB), Josep Guitart (UAB-ICAC) i l'alcalde de Ll\u00edvia, Elies Nova, en la roda de premsa el 21 de maig, a Ll\u00edvia.\" width=\"790\" height=\"499\" srcset=\"https:\/\/icac.cat\/wp-content\/uploads\/2021\/05\/forum1-1024x647.jpg 1024w, https:\/\/icac.cat\/wp-content\/uploads\/2021\/05\/forum1-400x253.jpg 400w, https:\/\/icac.cat\/wp-content\/uploads\/2021\/05\/forum1.jpg 1575w\" sizes=\"(max-width: 790px) 100vw, 790px\" \/><figcaption id=\"caption-attachment-54092\" class=\"wp-caption-text\">C\u00e8sar Carreras (UAB), Josep Guitart (UAB-ICAC) i l&#8217;alcalde de Ll\u00edvia, Elies Nova, en la roda de premsa el 21 de maig, a Ll\u00edvia.<\/figcaption><\/figure>\n<p><strong>La campanya d\u2019excavacions en el f\u00f2rum, aquest 2021, es dividir\u00e0 en dues fases diferents:<\/strong><\/p>\n<p>a. Del 3 al 30 de maig es far\u00e0 excavacions al f\u00f2rum rom\u00e0 Iulia Libica;<\/p>\n<p>b. A partir de la segona quinzena d\u2019agost i durant el mes de setembre es tornar\u00e0 a excavar en el f\u00f2rum amb la participaci\u00f3 d\u2019una desena d\u2019estudiants del Grau d\u2019Arqueologia de la UAB.<\/p>\n<p>Aquesta campanya \u00e9s la darrera dels quatre anys del\u00a0<a href=\"https:\/\/icac.cat\/recerca\/projectes-de-recerca\/projecte\/projecte-iulia-libica-llivia-cerdanya-el-forum-i-el-territori-de-la-ciutat\/\" target=\"_blank\" rel=\"noopener\">Pla Quadriennal (2018-2021)<\/a>\u00a0i es preveu donar-li continu\u00eftat amb la presentaci\u00f3, aquest any, d\u2019un\u00a0nou projecte i un conveni entre l\u2019Ajuntament de Ll\u00edvia, la Universitat Aut\u00f2noma de Barcelona i l\u2019ICAC.<\/p>\n<h5>Excavacions al Castell de Ll\u00edvia<\/h5>\n<p>En el cas dels treballs que s\u2019han de fer el mes de juliol a la part alta del Puig del Castell de Ll\u00edvia, s\u2019enfoquen en <strong>constatar arqueol\u00f2gicament si en el seu moment hi hagu\u00e9 un assentament ib\u00e8ric-ceret\u00e0<\/strong>. Se sap de l\u2019exist\u00e8ncia d\u2019un poblat medieval per\u00f2 mai no s\u2019hi ha fet una exploraci\u00f3 espec\u00edfica. Fins a la data, i sense haver estat un jaciment treballat, hi ha aparegut espor\u00e0dicament algunes peces de cer\u00e0mica d\u2019\u00e8poca ib\u00e8rica i republicana romana.<\/p>\n<p>En aquest cas, les excavacions es faran del 5 al 16 de juliol. S\u2019hi preveu fer diferents sondejos i rases.<\/p>\n<div class=\"highlight-block\">\n<p>Els treballs d\u2019excavaci\u00f3 al F\u00f2rum rom\u00e0 de Iulia Libica i al Castell de Ll\u00edvia estan liderats per la Universitat Aut\u00f2noma de Barcelona (UAB) i l\u2019Institut Catal\u00e0 d\u2019Arqueologia Cl\u00e0ssica (ICAC).<\/p>\n<p>En el projecte hi col\u00b7laboren la <a href=\"http:\/\/www.ddgi.cat\/web\/\" target=\"_blank\"><strong>Diputaci\u00f3 de Girona<\/strong><\/a> i la <a href=\"https:\/\/cultura.gencat.cat\/ca\/departament\/estructura_i_adreces\/organismes\/dgpc\/\" target=\"_blank\"><strong>Direcci\u00f3 General de Patrimoni Cultural de la Generalitat-Servei d\u2019Arqueologia<\/strong><\/a>.<\/p>\n<p>Els treballs d\u2019excavaci\u00f3 s\u00f3n dirigits pels arque\u00f2legs<a href=\"https:\/\/www.uab.cat\/web\/el-departament\/professorat\/directori\/professorat-1345696098292.html?param1=null&amp;param2=1345695241696\" target=\"_blank\"><strong> C\u00e9sar Carreras<\/strong><\/a> i <a href=\"https:\/\/dialnet.unirioja.es\/servlet\/autor?codigo=149960\" target=\"_blank\"><strong>Jordi Gu\u00e0rdia<\/strong><\/a>\u00a0(que va defensar la seva tesi a l&#8217;ICAC, l&#8217;abril de 2018, en el marc del programa de Doctorat interuniversitari en Arqueologia Cl\u00e0ssica URV-ICAC-UAB).<\/p>\n<\/div>\n","protected":false},"excerpt":{"rendered":"<p>L\u2019Ajuntament de Ll\u00edvia vol ampliar l\u2019exposici\u00f3 actual del Museu amb les descobertes del jaciment i redacta un projecte que veur\u00e0 la llum en uns 2 anys Una part significativa del f\u00f2rum rom\u00e0 Iulia Libica quedar\u00e0 al descobert, endre\u00e7at i senyalitzat a la fi de l\u2019actual campanya d\u2019excavacions, segons ha explicat, el passat divendres 21 de [&hellip;]<\/p>\n","protected":false},"author":160,"featured_media":54091,"comment_status":"closed","ping_status":"closed","sticky":false,"template":"","format":"standard","meta":{"_genesis_hide_title":false,"_genesis_hide_breadcrumbs":false,"_genesis_hide_singular_image":false,"_genesis_hide_footer_widgets":false,"_genesis_custom_body_class":"","_genesis_custom_post_class":"","_genesis_layout":""},"categories":[184,188,186,182],"tags":[452,315,358],"_links":{"self":[{"href":"https:\/\/icac.cat\/en\/wp-json\/wp\/v2\/posts\/54090"}],"collection":[{"href":"https:\/\/icac.cat\/en\/wp-json\/wp\/v2\/posts"}],"about":[{"href":"https:\/\/icac.cat\/en\/wp-json\/wp\/v2\/types\/post"}],"author":[{"embeddable":true,"href":"https:\/\/icac.cat\/en\/wp-json\/wp\/v2\/users\/160"}],"replies":[{"embeddable":true,"href":"https:\/\/icac.cat\/en\/wp-json\/wp\/v2\/comments?post=54090"}],"version-history":[{"count":5,"href":"https:\/\/icac.cat\/en\/wp-json\/wp\/v2\/posts\/54090\/revisions"}],"predecessor-version":[{"id":54100,"href":"https:\/\/icac.cat\/en\/wp-json\/wp\/v2\/posts\/54090\/revisions\/54100"}],"wp:featuredmedia":[{"embeddable":true,"href":"https:\/\/icac.cat\/en\/wp-json\/wp\/v2\/media\/54091"}],"wp:attachment":[{"href":"https:\/\/icac.cat\/en\/wp-json\/wp\/v2\/media?parent=54090"}],"wp:term":[{"taxonomy":"category","embeddable":true,"href":"https:\/\/icac.cat\/en\/wp-json\/wp\/v2\/categories?post=54090"},{"taxonomy":"post_tag","embeddable":true,"href":"https:\/\/icac.cat\/en\/wp-json\/wp\/v2\/tags?post=54090"}],"curies":[{"name":"wp","href":"https:\/\/api.w.org\/{rel}","templated":true}]}}