{"id":54437,"date":"2021-06-14T09:17:07","date_gmt":"2021-06-14T07:17:07","guid":{"rendered":"http:\/\/www.icac.cat\/?p=54437"},"modified":"2021-12-15T10:19:43","modified_gmt":"2021-12-15T09:19:43","slug":"la-ciutadella-de-calafell-es-lescenari-dels-treballs-darqueologia-experimental-dun-projecte-de-licac-sobre-estructures-de-combustio-de-ledat-del-ferro-a-la","status":"publish","type":"post","link":"https:\/\/icac.cat\/en\/actualitat\/noticies\/2021\/la-ciutadella-de-calafell-es-lescenari-dels-treballs-darqueologia-experimental-dun-projecte-de-licac-sobre-estructures-de-combustio-de-ledat-del-ferro-a-la\/","title":{"rendered":"La Ciutadella de Calafell \u00e9s l\u2019escenari dels treballs d\u2019arqueologia experimental d\u2019un projecte de l\u2019ICAC sobre estructures de combusti\u00f3 de l\u2019edat del ferro a la Mediterr\u00e0nia"},"content":{"rendered":"<h6><span class=\"TextRun Highlight SCXW76906138 BCX0\" lang=\"CA-ES\" xml:lang=\"CA-ES\" data-contrast=\"none\"><span class=\"NormalTextRun SCXW76906138 BCX0\">Del 14 al 18 de juny<\/span><span class=\"NormalTextRun SCXW76906138 BCX0\">, l\u2019equip del projecte\u00a0<\/span><span class=\"SpellingError SCXW76906138 BCX0\">TransComb<\/span><span class=\"NormalTextRun SCXW76906138 BCX0\">\u00a0posar\u00e0\u00a0<\/span><span class=\"NormalTextRun SCXW76906138 BCX0\">en funcionament\u00a0<\/span><span class=\"NormalTextRun SCXW76906138 BCX0\">a la Ciutadella de Calafell un conjunt de set estructures de combusti\u00f3 protohist\u00f2riques<\/span><span class=\"NormalTextRun SCXW76906138 BCX0\">, utilitzant diversos combustibles (fustes i vegetals, fems d\u2019ovella i de vaca&#8230;)<\/span><span class=\"NormalTextRun SCXW76906138 BCX0\">\u00a0i fent proves de cocci\u00f3 d\u2019aliments.<\/span><\/span><\/h6>\n<p><span data-contrast=\"auto\">Durant tot el primer mil\u00b7lenni aC\u00a0(i seguint una tradici\u00f3 que remunta al neol\u00edtic),\u00a0les llars tenen un element sempre present:\u202funa placa d\u2019argila com a superf\u00edcie de combusti\u00f3.\u00a0Tot i que hi ha diverses possibilitats formals i t\u00e8cniques,\u00a0es documenten a tota la Mediterr\u00e0nia llars de caracter\u00edstiques similars, des del nord d\u2019\u00c0frica i pen\u00ednsula Ib\u00e8rica fins a l\u2019Egeu.<\/span><span data-ccp-props=\"{&quot;335551550&quot;:6,&quot;335551620&quot;:6,&quot;335559738&quot;:240,&quot;335559739&quot;:240,&quot;335559740&quot;:288}\">\u00a0<\/span><\/p>\n<p><span data-contrast=\"auto\">Per\u00f2,\u202f<\/span><b><span data-contrast=\"auto\">com podem interpretar les funcions quotidianes de llars i forns?<\/span><\/b><span data-contrast=\"auto\">\u00a0Un projecte de recerca de l\u2019ICAC es proposa aportar nou coneixement\u00a0sobre les activitats quotidianes com l\u2019alimentaci\u00f3, la gesti\u00f3 dels recursos naturals o els rituals relacionats amb la llar. Tot aix\u00f2 contribuir\u00e0 a millorar el coneixement sobre l\u2019organitzaci\u00f3 dels grups dom\u00e8stics en l\u2019edat del ferro a la Mediterr\u00e0nia.<\/span><\/p>\n<figure id=\"attachment_54440\" aria-describedby=\"caption-attachment-54440\" style=\"width: 790px\" class=\"wp-caption aligncenter\"><img loading=\"lazy\" class=\"size-large wp-image-54440\" src=\"https:\/\/icac.cat\/wp-content\/uploads\/2021\/06\/5-ICAC_TransComb_Calafell_Construccio-de-la-llar-6-1024x768.jpg\" alt=\"Una llar sense cubeta, delimitada mitjan\u00e7ant una revora i constru\u00efda sobre el nivell de terra amb diverses capes, de dalt a baix: fang, c\u00f2dols, fang, cer\u00e0mica, fang. Situada en espai interior.\u202f A la imatge, Carme Saorin, del GRAP-UB (esquerra) i Carme Belarte (ICREA-ICAC). Foto: projecte TRANSCOMB (ICAC). \" width=\"790\" height=\"593\" srcset=\"https:\/\/icac.cat\/wp-content\/uploads\/2021\/06\/5-ICAC_TransComb_Calafell_Construccio-de-la-llar-6-1024x768.jpg 1024w, https:\/\/icac.cat\/wp-content\/uploads\/2021\/06\/5-ICAC_TransComb_Calafell_Construccio-de-la-llar-6-400x300.jpg 400w\" sizes=\"(max-width: 790px) 100vw, 790px\" \/><figcaption id=\"caption-attachment-54440\" class=\"wp-caption-text\">Una llar sense cubeta, delimitada mitjan\u00e7ant una revora i constru\u00efda sobre el nivell de terra amb diverses capes, de dalt a baix: fang, c\u00f2dols, fang, cer\u00e0mica, fang. Situada en espai interior.\u202f A la imatge, Carme Saorin, del GRAP-UB (esquerra) i Carme Belarte (ICREA-ICAC). Foto: projecte TRANSCOMB (ICAC).<\/figcaption><\/figure>\n<p>El projecte <a href=\"https:\/\/icac.cat\/recerca\/projectes-de-recerca\/projecte\/estudio-transdisciplinar-y-experimental-de-estructuras-de-combustion-en-el-mediterraneo-occidental-durante-la-protohistoria-1er-milenio-a-c-pid2019-104661gb-i00-aei\/\" target=\"_blank\" rel=\"noopener\">TransComb: Estudio transdisciplinar y experimental de estructuras de combusti\u00f3n en el Mediterr\u00e1neo occidental durante la protohistoria (1er milenio a.C.)<\/a> es un projecte\u00a0<span data-contrast=\"auto\">de l\u2019ICAC finan\u00e7at per l\u2019Ag\u00e8ncia Estatal d\u2019Investigaci\u00f3.\u00a0<\/span><span data-contrast=\"auto\">La\u202f<\/span><span data-contrast=\"none\"><span data-ccp-charstyle=\"Hyperlink\">dra.<\/span><\/span> <a href=\"https:\/\/icac.cat\/qui-som\/personal\/cbelarte\/\"><b><span data-contrast=\"none\"><span data-ccp-charstyle=\"Hyperlink\">Maria Carme\u00a0<\/span><span data-ccp-charstyle=\"Hyperlink\">Belarte<\/span><span data-ccp-charstyle=\"Hyperlink\">\u00a0Franco (<\/span><span data-ccp-charstyle=\"Hyperlink\">ICREA<\/span><span data-ccp-charstyle=\"Hyperlink\">-ICAC)<\/span><\/span><\/b><\/a><span data-contrast=\"auto\">\u202f\u00e9s al capdavant del projecte, que t\u00e9 una clara orientaci\u00f3\u00a0transdisciplin\u00e0ria\u00a0i que compta amb\u202f<\/span><b><span data-contrast=\"auto\">un equip investigador format per especialistes en diferents disciplines dins el camp de l\u2019arqueologia<\/span><\/b><span data-contrast=\"auto\">.<\/span><\/p>\n<p><span data-contrast=\"auto\">A banda d\u2019investigadors i investigadores de l\u2019ICAC, hi intervenen especialistes d\u2019altres institucions com la\u202fUniversitat de Barcelona (amb <a href=\"http:\/\/www.ub.edu\/grap\/index.php\/membres\/17-membres\/69-carme-saorin\" target=\"_blank\" rel=\"noopener\">Carme Saorin<\/a>, del <a href=\"http:\/\/www.ub.edu\/grap\/\" target=\"_blank\" rel=\"noopener\">GRAP<\/a>), la <a href=\"https:\/\/www.imf.csic.es\/\" target=\"_blank\" rel=\"noopener\">Instituci\u00f3 Mil\u00e0 i Fontanals<\/a> del\u202fCSIC, la\u202f<a href=\"https:\/\/www.dipcas.es\/va\/\" target=\"_blank\" rel=\"noopener\">Diputaci\u00f3 de Castell\u00f3<\/a>, el\u202f<a href=\"https:\/\/www.museudemanacor.com\/ca\" target=\"_blank\" rel=\"noopener\">Museu d\u2019Hist\u00f2ria de Manacor<\/a>\u202fo el\u202f<a href=\"http:\/\/www.cnrs.fr\/\" target=\"_blank\" rel=\"noopener\">CNRS, Centre\u00a0National\u00a0de la\u00a0Recherche\u00a0Scientifique\u202f<\/a>(Fran\u00e7a); i empreses com\u202fM\u00f3n Iber ROCS, SL.\u00a0Hi participa tamb\u00e9 la\u202f<\/span><a href=\"http:\/\/www.calafellhistoric.org\/index.php\/2017-04-07-15-33-29\/ciutadella-iberica\"><span data-contrast=\"none\"><span data-ccp-charstyle=\"Hyperlink\">Ciutadella Ib\u00e8rica de Calafell<\/span><\/span><\/a><span data-contrast=\"auto\">, on es dur\u00e0 a terme la part experimental del projecte.<\/span><\/p>\n<div class=\"destacat-entrevista dreta\">\n<div class=\"small-text\">\n<p><span class=\"TextRun Highlight SCXW180535559 BCX0\" lang=\"CA-ES\" xml:lang=\"CA-ES\" data-contrast=\"none\"><span class=\"NormalTextRun SCXW180535559 BCX0\">L\u2019aplicaci\u00f3 d\u2019una metodologia interdisciplin\u00e0ria pot permetre un increment important del coneixement sobre la vida quotidiana de les societats protohist\u00f2riques.<\/span><\/span><span class=\"EOP SCXW180535559 BCX0\" data-ccp-props=\"{&quot;335551550&quot;:6,&quot;335551620&quot;:6,&quot;335559738&quot;:360,&quot;335559739&quot;:240,&quot;335559740&quot;:288}\">\u00a0<\/span><\/p>\n<\/div>\n<\/div>\n<p><span data-contrast=\"auto\">La hip\u00f2tesi de partida del projecte \u00e9s que l\u2019aplicaci\u00f3 d\u2019una metodologia interdisciplin\u00e0ria pot permetre un increment important del coneixement sobre les estructures de combusti\u00f3 del per\u00edode i \u00e0rea d\u2019estudi i, en conseq\u00fc\u00e8ncia, sobre<\/span><b><span data-contrast=\"auto\">\u202faspectes de la vida quotidiana, explotaci\u00f3 del medi, rituals o nivell tecnol\u00f2gic de les societats\u202f<\/span><\/b><span data-contrast=\"auto\">que les van construir i utilitzar.<\/span><span data-ccp-props=\"{&quot;335551550&quot;:6,&quot;335551620&quot;:6,&quot;335559738&quot;:120,&quot;335559739&quot;:120,&quot;335559740&quot;:288}\">\u00a0<\/span><\/p>\n<h6><span style=\"color: #993300;\">Un projecte transdisciplinari amb una vessant d&#8217;arqueologia experimental<\/span><\/h6>\n<p><span data-contrast=\"auto\">Des del punt de vista metodol\u00f2gic, l\u2019execuci\u00f3 del projecte t\u00e9 dues vessants, que s\u2019estan desenvolupant en paral\u00b7lel.<\/span><span data-contrast=\"none\">\u00a0<\/span><span data-contrast=\"auto\">La primera, consisteix en la recollida de mostres d\u2019estructures de combusti\u00f3 en jaciments arqueol\u00f2gics de Catalunya, nord del Pa\u00eds Valenci\u00e0, sud de Fran\u00e7a i Balears,<\/span><span data-contrast=\"auto\">\u00a0<\/span><span data-contrast=\"auto\">i realitzar-hi an\u00e0lisis diverses, derivades de la f\u00edsica, la qu\u00edmica, la geologia o la biologia. D\u2019aquestes an\u00e0lisis s\u2019obt\u00e9 informaci\u00f3 sobre temperatures assolides, combustibles o altres subst\u00e0ncies en contacte derivades del seu \u00fas (en particular, residus org\u00e0nics), etc.<\/span><span data-ccp-props=\"{&quot;335551550&quot;:6,&quot;335551620&quot;:6,&quot;335559738&quot;:120,&quot;335559739&quot;:120,&quot;335559740&quot;:288}\">\u00a0<\/span><\/p>\n<p><span data-contrast=\"auto\">La segona vessant del projecte\u00a0TransComb\u00a0\u00e9s la que s\u2019est\u00e0 duent a terme a la <a href=\"http:\/\/www.calafellhistoric.org\/\" target=\"_blank\" rel=\"noopener\">Ciutadella Ib\u00e8rica de Calafell<\/a> i es basa en l\u2019arqueologia experimental. L\u2019experiment consisteix en la\u00a0<\/span><b><span data-contrast=\"auto\">construcci\u00f3 experimental i posada en funcionament d\u2019estructures de combusti\u00f3 segons la informaci\u00f3 arqueol\u00f2gica disponible<\/span><\/b><span data-contrast=\"auto\">:\u202fs\u2019han elaborat r\u00e8pliques dels diferents tipus documentats en la protohist\u00f2ria i es comprovar\u00e0 el seu comportament durant els processos de cocci\u00f3.<\/span><\/p>\n<p><span data-contrast=\"auto\">Una primera fase d\u2019aquesta experimentaci\u00f3 ja s\u2019ha dut a terme al mes de maig i ha\u00a0perm\u00e8s construir\u00a0diferents estructures de combusti\u00f3 seguint els models documentats en els jaciments arqueol\u00f2gics.<\/span><\/p>\n<div class=\"highlight-block\">\n<p><span data-contrast=\"auto\">En total, s\u00f3n\u00a0<\/span><b><span data-contrast=\"auto\">sis llars de foc i un forn<\/span><\/b><span data-contrast=\"auto\">, amb diferents ubicacions (dues llars i el forn s\u00f3n exteriors, mentre que les altres quatre llars estan dins de les cases reconstru\u00efdes de la Ciutadella), i seguint diferents models.<\/span><\/p>\n<\/div>\n<p><iframe loading=\"lazy\" title=\"YouTube video player\" src=\"https:\/\/www.youtube.com\/embed\/1F643uLsujo\" width=\"560\" height=\"315\" frameborder=\"0\" allowfullscreen=\"allowfullscreen\"><\/iframe><\/p>\n<p><span data-contrast=\"auto\">M\u00e9s concretament, <strong>les r\u00e8pliques objecte d\u2019experimentaci\u00f3 s\u00f3n les seg\u00fcents:<\/strong><\/span><\/p>\n<ol>\n<li><span data-contrast=\"auto\">Una llar consistent en una capa de fang dipositada directament sobre el s\u00f2l, en un espai exterior.<\/span><\/li>\n<li><span data-contrast=\"auto\">Una llar realitzada excavant una cubeta de pocs cent\u00edmetres de fond\u00e0ria, reblerta de fang, sense altra preparaci\u00f3, en un espai exterior.<\/span><\/li>\n<li><span data-contrast=\"auto\">Una llar realitzada excavant una cubeta de pocs cent\u00edmetres de fond\u00e0ria, reblerta amb les seg\u00fcents capes, de baix a dalt: fang,\u00a0c\u00f2dols, fang;\u00a0en aquest cas en espai interior.<\/span><\/li>\n<li><span data-contrast=\"auto\">Una llar realitzada excavant una cubeta de pocs cent\u00edmetres de fond\u00e0ria, reblerta amb les seg\u00fcents capes, de baix a dalt: fang,\u00a0cer\u00e0mica, fang; en aquest cas, s\u2019ha delimitat mitjan\u00e7ant una revora feta de fang amb palla, i tamb\u00e9 est\u00e0 situada en un espai interior.<\/span><\/li>\n<li><span data-contrast=\"auto\">Una llar constru\u00efda amb toves, de manera que queda\u00a0sobreaixecada\u00a0respecte del nivell de paviment, en un espai interior. En aquest cas tamb\u00e9 est\u00e0 delimitada per una revora, i conjunt est\u00e0 revestit de fang.<\/span><\/li>\n<li><span data-contrast=\"auto\">Una llar sense cubeta, delimitada mitjan\u00e7ant una revora i constru\u00efda sobre el nivell de terra amb diverses capes, de dalt a baix: fang, c\u00f2dols, fang, cer\u00e0mica, fang. Situada en espai interior.<\/span><\/li>\n<li><span data-contrast=\"auto\">Un forn amb la volta constru\u00efda amb fang barrejat amb palla, sobre una base de fang, en espai exterior.<\/span><span data-ccp-props=\"{&quot;134233279&quot;:true}\">\u00a0<\/span><\/li>\n<\/ol>\n<p><span data-contrast=\"auto\">Aviat veurem quines difer\u00e8ncies es poden observar en el funcionament d\u2019aquestes estructures, i quina informaci\u00f3 obtenim sobre les llars arqueol\u00f2giques i els sistemes de cuina a l\u2019edat del ferro.<\/span><\/p>\n<figure id=\"attachment_54444\" aria-describedby=\"caption-attachment-54444\" style=\"width: 790px\" class=\"wp-caption aligncenter\"><img loading=\"lazy\" class=\"size-large wp-image-54444\" src=\"https:\/\/icac.cat\/wp-content\/uploads\/2021\/06\/3-ICAC_TransComb_Calafell_Construccio-de-la-llar-5-1024x768.jpg\" alt=\"Imatge d\u2019una llar constru\u00efda amb toves, en un espai interior, que queda\u202fsobreaixecada\u202frespecte del nivell de paviment. Est\u00e0 delimitada per una revora, i el conjunt est\u00e0 revestit de fang. Foto: projecte TRANSCOMB (ICAC).\" width=\"790\" height=\"593\" srcset=\"https:\/\/icac.cat\/wp-content\/uploads\/2021\/06\/3-ICAC_TransComb_Calafell_Construccio-de-la-llar-5-1024x768.jpg 1024w, https:\/\/icac.cat\/wp-content\/uploads\/2021\/06\/3-ICAC_TransComb_Calafell_Construccio-de-la-llar-5-400x300.jpg 400w\" sizes=\"(max-width: 790px) 100vw, 790px\" \/><figcaption id=\"caption-attachment-54444\" class=\"wp-caption-text\">Imatge d\u2019una llar constru\u00efda amb toves, en un espai interior, que queda\u202fsobreaixecada\u202frespecte del nivell de paviment. Est\u00e0 delimitada per una revora, i el conjunt est\u00e0 revestit de fang. Foto: projecte TRANSCOMB (ICAC).<\/figcaption><\/figure>\n<div class=\"destacat-entrevista dreta\">\n<div class=\"small-text\">\n<p>La Ciutadella Ib\u00e8rica de Calafell \u00e9s l&#8217;escenari de la construcci\u00f3 experimental i posada en funcionament d&#8217;estructures de combusti\u00f3 protohist\u00f2riques, els dies 14 a 18 de juny.<\/p>\n<\/div>\n<\/div>\n<p><strong><span data-contrast=\"auto\">Del 14 al 18 de juny es posaran en funcionament les estructures<\/span><\/strong><span data-contrast=\"auto\">, utilitzant diversos combustibles (diferents fustes i vegetals, fems d\u2019ovella i de vaca&#8230;), es far\u00e0 un registre regular de diferents variables, com les temperatures assolides, el temps de durada de la combusti\u00f3, o de les variacions que s\u2019observin segons l\u2019estructura. Tamb\u00e9 es faran proves de cocci\u00f3 d\u2019aliments amb diversos sistemes.<\/span><\/p>\n<p><span data-contrast=\"auto\">Tant les llars com el forn s\u2019han constru\u00eft utilitzant com a material b\u00e0sic la terra (molt argilosa) barrejada amb aigua i, en ocasions, amb palla. En algun cas, sota de la capa de terra (que \u00e9s la superf\u00edcie de construcci\u00f3) s\u2019hi ha dipositat cer\u00e0mica fragmentada, c\u00f2dols o una capa de cada element. S\u2019interpreta que aquests materials tenien la finalitat de mantenir m\u00e9s temps l\u2019escalfor; aquest \u00e9s un dels punts que s\u2019intenta verificar amb l\u2019experimentaci\u00f3.<\/span><span data-ccp-props=\"{&quot;335551550&quot;:6,&quot;335551620&quot;:6,&quot;335559738&quot;:120,&quot;335559739&quot;:120,&quot;335559740&quot;:288}\">\u00a0<\/span><\/p>\n<p><span data-contrast=\"auto\">Amb els resultats de l\u2019experimentaci\u00f3, aviat veurem\u00a0<\/span><b><span data-contrast=\"auto\">quines difer\u00e8ncies es poden observar en el funcionament d\u2019aquestes estructures<\/span><\/b><span data-contrast=\"auto\">, i quina informaci\u00f3 obtenim sobre les llars arqueol\u00f2giques i els sistemes de cuina a l\u2019edat del ferro.<\/span><\/p>\n<div class=\"highlight-block\">\n<p style=\"text-align: center;\"><span data-contrast=\"auto\">El\u00a0<\/span><b><span data-contrast=\"auto\">divendres 18 de juny<\/span><\/b><span data-contrast=\"auto\">\u00a0es\u00a0far\u00e0 una difusi\u00f3 del projecte a la Ciutadella\u00a0Ib\u00e8rica de Calafell\u00a0<\/span><i><span data-contrast=\"auto\">in situ<\/span><\/i><span data-contrast=\"auto\">, a c\u00e0rrec de la investigadora Carme\u00a0Belarte\u00a0(ICREA-ICAC), en el marc de les\u00a0<\/span><a href=\"http:\/\/www.arqueoxarxa.cat\/Agenda\/Jornades-Europees-d-Arqueologia-2021\"><span data-contrast=\"none\"><span data-ccp-charstyle=\"Hyperlink\">Jornades Europees d\u2019Arqueologia<\/span><\/span><\/a><span data-contrast=\"auto\">.<\/span><span data-ccp-props=\"{&quot;335551550&quot;:2,&quot;335551620&quot;:2,&quot;335559738&quot;:120,&quot;335559739&quot;:120,&quot;335559740&quot;:288}\">\u00a0<\/span><\/p>\n<p style=\"text-align: center;\"><span data-contrast=\"auto\">Acc\u00e9s gratu\u00eft. Visita guiada. D\u201911.00 h a 13.00 h.<\/span><span data-ccp-props=\"{&quot;335551550&quot;:2,&quot;335551620&quot;:2,&quot;335559738&quot;:120,&quot;335559739&quot;:120,&quot;335559740&quot;:288}\">\u00a0<\/span><\/p>\n<\/div>\n<figure id=\"attachment_54443\" aria-describedby=\"caption-attachment-54443\" style=\"width: 790px\" class=\"wp-caption aligncenter\"><img loading=\"lazy\" class=\"size-large wp-image-54443\" src=\"https:\/\/icac.cat\/wp-content\/uploads\/2021\/06\/1-ICAC_TransComb_Calafell_Construccio-de-la-llar-1-1024x768.jpg\" alt=\"Construcci\u00f3 experimental d\u2019una llar protohist\u00f2rica, en un espai exterior, fent servir una capa de fang dipositada directament sobre el s\u00f2l i en un espai exterior. Foto: projecte TRANSCOMB (ICAC).\" width=\"790\" height=\"593\" srcset=\"https:\/\/icac.cat\/wp-content\/uploads\/2021\/06\/1-ICAC_TransComb_Calafell_Construccio-de-la-llar-1-1024x768.jpg 1024w, https:\/\/icac.cat\/wp-content\/uploads\/2021\/06\/1-ICAC_TransComb_Calafell_Construccio-de-la-llar-1-400x300.jpg 400w\" sizes=\"(max-width: 790px) 100vw, 790px\" \/><figcaption id=\"caption-attachment-54443\" class=\"wp-caption-text\">Construcci\u00f3 experimental d\u2019una llar protohist\u00f2rica, en un espai exterior, fent servir una capa de fang dipositada directament sobre el s\u00f2l i en un espai exterior. Foto: projecte TRANSCOMB (ICAC).<\/figcaption><\/figure>\n<h6><span style=\"color: #993300;\"><b><span data-contrast=\"none\">Llars, foc i argila<\/span><\/b><\/span><\/h6>\n<p><span data-contrast=\"auto\">Al llarg\u00a0de l\u2019edat del ferro (aproximadament tot el\u00a0primer mil\u00b7lenni aC) a la Mediterr\u00e0nia,\u00a0les estructures\u00a0de combusti\u00f3\u00a0eren de tipus similars en una \u00e0mplia \u00e0rea geogr\u00e0fica.\u00a0La informaci\u00f3 arqueol\u00f2gica disponible permet\u00a0distingir\u00a0entre\u00a0<\/span><b><span data-contrast=\"auto\">llars\u00a0de foc<\/span><\/b><span data-contrast=\"auto\">\u00a0(estructures obertes\u00a0en les quals el foc es feia a nivell de terra sota una superf\u00edcie d\u2019argila)\u00a0<\/span><b><span data-contrast=\"auto\">i forns<\/span><\/b><span data-contrast=\"auto\">\u00a0(construccions normalment\u00a0sobreaixecades\u00a0i\u00a0tancades per una volta).<\/span><span data-ccp-props=\"{&quot;335551550&quot;:6,&quot;335551620&quot;:6,&quot;335559738&quot;:120,&quot;335559739&quot;:120,&quot;335559740&quot;:288}\">\u00a0<\/span><\/p>\n<p><span data-contrast=\"auto\">Al mateix temps, en el cas de les llars\u00a0podem\u00a0distingir\u00a0entre diversos tipus: constru\u00efdes dins una cubeta poc fonda, amb preparaci\u00f3 de fragments de cer\u00e0mica o de c\u00f2dols (o d\u2019ambdues coses), o b\u00e9 directament sobre el paviment; en alguns casos estan\u00a0sobreaixecades, o b\u00e9 tenen estan delimitades amb una revora de fang, i excepcionalment estan fetes amb toves.<\/span><span data-ccp-props=\"{&quot;335551550&quot;:6,&quot;335551620&quot;:6,&quot;335559738&quot;:120,&quot;335559739&quot;:120,&quot;335559740&quot;:288}\">\u00a0<\/span><\/p>\n<p><span data-contrast=\"auto\">S\u2019interpreta que aquesta variabilitat t\u00e9 relaci\u00f3 amb aspectes funcionals, per\u00f2 ara per ara no es pot assegurar la relaci\u00f3 entre aquestes variacions i els usos de les estructures.<\/span><span data-ccp-props=\"{&quot;335551550&quot;:6,&quot;335551620&quot;:6,&quot;335559738&quot;:120,&quot;335559739&quot;:120,&quot;335559740&quot;:288}\">\u00a0<\/span><\/p>\n<p><span data-contrast=\"auto\">Els resultats de la fase experimental del\u00a0<\/span><a href=\"https:\/\/icac.cat\/recerca\/projectes-de-recerca\/projecte\/estudio-transdisciplinar-y-experimental-de-estructuras-de-combustion-en-el-mediterraneo-occidental-durante-la-protohistoria-1er-milenio-a-c-pid2019-104661gb-i00-aei\/\"><span data-contrast=\"none\"><span data-ccp-charstyle=\"Hyperlink\">projecte\u00a0<\/span><span data-ccp-charstyle=\"Hyperlink\">TransComb<\/span><\/span><\/a><span data-contrast=\"auto\">\u00a0es contrastaran amb els resultats de les anal\u00edtiques de la recollida de mostres, i permetr\u00e0 aportar nova informaci\u00f3 sobre l\u2019organitzaci\u00f3 social de l\u2019\u00e8poca.\u00a0<\/span><span data-ccp-props=\"{&quot;335551550&quot;:6,&quot;335551620&quot;:6,&quot;335559738&quot;:120,&quot;335559739&quot;:120,&quot;335559740&quot;:288}\">\u00a0<\/span><\/p>\n<p><span data-contrast=\"auto\">Podeu trobar m\u00e9s informaci\u00f3\u00a0<\/span><a href=\"https:\/\/icac.cat\/actualitat\/noticies\/2020\/llars-foc-i-argila-un-estudi-transdisciplinari-sobre-les-estructures-de-combustio-en-la-protohistoria\/\"><span data-contrast=\"none\"><span data-ccp-charstyle=\"Hyperlink\">aqu\u00ed<\/span><\/span><\/a><span data-contrast=\"none\"><span data-ccp-charstyle=\"Hyperlink\">.<\/span><\/span><\/p>\n<figure id=\"attachment_54446\" aria-describedby=\"caption-attachment-54446\" style=\"width: 790px\" class=\"wp-caption aligncenter\"><img loading=\"lazy\" class=\"size-large wp-image-54446\" src=\"https:\/\/icac.cat\/wp-content\/uploads\/2021\/06\/2-ICAC_TransComb_Calafell_Construccio-de-la-llar-3-1024x768.jpg\" alt=\"Construcci\u00f3 experimental d\u2019una llar protohist\u00f2rica, en un espai interior, excavant una cubeta de pocs cent\u00edmetres de fond\u00e0ria i reblerta amb capes de fang i c\u00f2dols. Foto: projecte TRANSCOMB (ICAC).\" width=\"790\" height=\"593\" srcset=\"https:\/\/icac.cat\/wp-content\/uploads\/2021\/06\/2-ICAC_TransComb_Calafell_Construccio-de-la-llar-3-1024x768.jpg 1024w, https:\/\/icac.cat\/wp-content\/uploads\/2021\/06\/2-ICAC_TransComb_Calafell_Construccio-de-la-llar-3-400x300.jpg 400w\" sizes=\"(max-width: 790px) 100vw, 790px\" \/><figcaption id=\"caption-attachment-54446\" class=\"wp-caption-text\">Construcci\u00f3 experimental d\u2019una llar protohist\u00f2rica, en un espai interior, excavant una cubeta de pocs cent\u00edmetres de fond\u00e0ria i reblerta amb capes de fang i c\u00f2dols. Foto: projecte TRANSCOMB (ICAC).<\/figcaption><\/figure>\n<hr \/>\n<div class=\"highlight-block\">\n<p><span class=\"TextRun SCXW95752009 BCX0\" lang=\"CA-ES\" xml:lang=\"CA-ES\" data-contrast=\"none\"><span class=\"NormalTextRun SCXW95752009 BCX0\" data-ccp-parastyle=\"Normal (Web)\">L\u2019Institut Catal\u00e0 d\u2019Arqueologia Cl\u00e0ssica \u00e9s un<strong> centre CERCA<\/strong> creat com a consorci el 2003 per la Generalitat de Catalunya i la Universitat Rovira i Virgili. T\u00e9 la seu a Tarragona, ciutat reconeguda com a Patrimoni Mundial per la UNESCO l\u2019any 2000, i est\u00e0 especialitzat en la recerca i formaci\u00f3 avan\u00e7ada en arqueologia cl\u00e0ssica.<\/span><\/span><\/p>\n<\/div>\n<h6><b><span data-contrast=\"none\">Contacte i entrevistes:<\/span><\/b><span data-ccp-props=\"{&quot;335551550&quot;:6,&quot;335551620&quot;:6,&quot;335559738&quot;:240,&quot;335559739&quot;:120,&quot;335559740&quot;:288}\">\u00a0<\/span><\/h6>\n<p><b><span data-contrast=\"none\"><a href=\"https:\/\/icac.cat\/qui-som\/personal\/cbelarte\/\" target=\"_blank\" rel=\"noopener\">Maria Carme\u00a0Belarte\u00a0Franco<\/a><\/span><\/b><span data-contrast=\"auto\">,\u00a0professora\u00a0ICREA\u00a0i\u00a0investigadora\u00a0de l\u2019ICAC,\u00a0directora\u00a0del projecte\u00a0TransComb\u00a0(<\/span><a href=\"mailto:cbelarte@icac.cat\"><span data-contrast=\"none\"><span data-ccp-charstyle=\"Hyperlink\">cbelarte@icac.cat<\/span><\/span><\/a><span data-contrast=\"auto\">).<\/span><span data-ccp-props=\"{&quot;335551550&quot;:6,&quot;335551620&quot;:6,&quot;335559738&quot;:120,&quot;335559739&quot;:120,&quot;335559740&quot;:276}\">\u00a0<\/span><\/p>\n<p><b><span data-contrast=\"none\">Josep Pou<\/span><\/b><span data-contrast=\"auto\">,\u00a0<\/span><span data-contrast=\"auto\">arque\u00f2leg\u00a0municipal i director de la Ciutadella\u00a0Ib\u00e8rica\u00a0de Calafell.<\/span><span data-ccp-props=\"{&quot;335551550&quot;:6,&quot;335551620&quot;:6,&quot;335559738&quot;:120,&quot;335559739&quot;:120,&quot;335559740&quot;:276}\">\u00a0<\/span><\/p>\n<p><b><span data-contrast=\"none\">ICAC Comunicaci\u00f3:\u00a0<\/span><\/b><span data-contrast=\"auto\">680.619.185 (<\/span><a href=\"https:\/\/icaccat0-my.sharepoint.com\/personal\/mlerga_icac_cat\/Documents\/PROJECTES\/AQUEDUCTES\/Nota%20de%20Premsa%20ICAC_gener%202021\/comunicacio@icac.cat\"><span data-contrast=\"none\"><span data-ccp-charstyle=\"Hyperlink\">comunicacio@icac.cat<\/span><\/span><\/a><span data-contrast=\"auto\">)<\/span><span data-ccp-props=\"{&quot;335551550&quot;:6,&quot;335551620&quot;:6,&quot;335559738&quot;:120,&quot;335559739&quot;:120,&quot;335559740&quot;:276}\">\u00a0<\/span><\/p>\n<p>&nbsp;<\/p>\n<p>&nbsp;<\/p>\n","protected":false},"excerpt":{"rendered":"<p>Del 14 al 18 de juny, l\u2019equip del projecte\u00a0TransComb\u00a0posar\u00e0\u00a0en funcionament\u00a0a la Ciutadella de Calafell un conjunt de set estructures de combusti\u00f3 protohist\u00f2riques, utilitzant diversos combustibles (fustes i vegetals, fems d\u2019ovella i de vaca&#8230;)\u00a0i fent proves de cocci\u00f3 d\u2019aliments. Durant tot el primer mil\u00b7lenni aC\u00a0(i seguint una tradici\u00f3 que remunta al neol\u00edtic),\u00a0les llars tenen un element [&hellip;]<\/p>\n","protected":false},"author":160,"featured_media":54438,"comment_status":"closed","ping_status":"closed","sticky":false,"template":"","format":"standard","meta":{"_genesis_hide_title":false,"_genesis_hide_breadcrumbs":false,"_genesis_hide_singular_image":false,"_genesis_hide_footer_widgets":false,"_genesis_custom_body_class":"","_genesis_custom_post_class":"","_genesis_layout":""},"categories":[184,183,188,186,182,185],"tags":[466,319,286,723],"_links":{"self":[{"href":"https:\/\/icac.cat\/en\/wp-json\/wp\/v2\/posts\/54437"}],"collection":[{"href":"https:\/\/icac.cat\/en\/wp-json\/wp\/v2\/posts"}],"about":[{"href":"https:\/\/icac.cat\/en\/wp-json\/wp\/v2\/types\/post"}],"author":[{"embeddable":true,"href":"https:\/\/icac.cat\/en\/wp-json\/wp\/v2\/users\/160"}],"replies":[{"embeddable":true,"href":"https:\/\/icac.cat\/en\/wp-json\/wp\/v2\/comments?post=54437"}],"version-history":[{"count":5,"href":"https:\/\/icac.cat\/en\/wp-json\/wp\/v2\/posts\/54437\/revisions"}],"predecessor-version":[{"id":73808,"href":"https:\/\/icac.cat\/en\/wp-json\/wp\/v2\/posts\/54437\/revisions\/73808"}],"wp:featuredmedia":[{"embeddable":true,"href":"https:\/\/icac.cat\/en\/wp-json\/wp\/v2\/media\/54438"}],"wp:attachment":[{"href":"https:\/\/icac.cat\/en\/wp-json\/wp\/v2\/media?parent=54437"}],"wp:term":[{"taxonomy":"category","embeddable":true,"href":"https:\/\/icac.cat\/en\/wp-json\/wp\/v2\/categories?post=54437"},{"taxonomy":"post_tag","embeddable":true,"href":"https:\/\/icac.cat\/en\/wp-json\/wp\/v2\/tags?post=54437"}],"curies":[{"name":"wp","href":"https:\/\/api.w.org\/{rel}","templated":true}]}}