{"id":54906,"date":"2021-07-13T11:13:00","date_gmt":"2021-07-13T09:13:00","guid":{"rendered":"http:\/\/www.icac.cat\/?p=54906"},"modified":"2023-02-15T17:42:24","modified_gmt":"2023-02-15T16:42:24","slug":"inici-costa-de-la-serra-2021","status":"publish","type":"post","link":"https:\/\/icac.cat\/en\/actualitat\/noticies\/2021\/inici-costa-de-la-serra-2021\/","title":{"rendered":"En marxa els treballs d\u2019excavaci\u00f3 al jaciment de Costa de la Serra (La Secuita, Tarragona)"},"content":{"rendered":"<h6><span class=\"TextRun SCXW1324818 BCX0\" lang=\"CA-ES\" xml:lang=\"CA-ES\" data-contrast=\"none\"><span class=\"NormalTextRun SCXW1324818 BCX0\" data-ccp-charstyle=\"Strong\">Una nova campanya de treballs arqueol\u00f2gics\u00a0<\/span><\/span><span class=\"TextRun SCXW1324818 BCX0\" lang=\"CA-ES\" xml:lang=\"CA-ES\" data-contrast=\"none\"><span class=\"NormalTextRun SCXW1324818 BCX0\" data-ccp-charstyle=\"Strong\">al fort\u00ed\u00a0<\/span><span class=\"SpellingError SCXW1324818 BCX0\" data-ccp-charstyle=\"Strong\">tardorepublic\u00e0\u00a0<\/span><span class=\"NormalTextRun SCXW1324818 BCX0\" data-ccp-charstyle=\"Strong\">de la Costa de la Serra (La Secuita, Tarragon\u00e8s).<\/span><\/span><\/h6>\n<p>Del 28 de juny al 16 de juliol s\u2019hi duu a terme una intervenci\u00f3 programada amb un petit equip de camp format per investigadors de l\u2019ICAC, estudiants del <a href=\"https:\/\/icac.cat\/formacio\/master-en-arqueologia-classica\/\" target=\"_blank\" rel=\"noopener\">M\u00e0ster interuniversitari en Arqueologia Cl\u00e0ssica<\/a> (URV-UAB-ICAC), dels graus d\u2019Hist\u00f2ria i d\u2019Hist\u00f2ria de l\u2019Art i Arqueologia de la Universitat Rovira i Virgili, i voluntaris.<\/p>\n<p><span data-contrast=\"none\"><span data-ccp-parastyle=\"Normal (Web)\">El jaciment de la Costa de la Serra es troba al municipi de La Secuita, a uns 13 km al nord de la ciutat de Tarragona. \u00c9s\u202f<\/span><\/span><b><span data-contrast=\"none\"><span data-ccp-charstyle=\"Strong\">un petit fort\u00ed rom\u00e0\u00a0<\/span><span data-ccp-charstyle=\"Strong\">tardorepublic\u00e0<\/span><\/span><\/b><span data-contrast=\"none\"><span data-ccp-parastyle=\"Normal (Web)\">, que es data entre finals del segle II aC i principis del segle I aC.\u00a0<\/span><\/span><span data-contrast=\"none\"><span data-ccp-parastyle=\"Normal (Web)\">Des del 2014, l\u2019ICAC hi porta a terme intervencions arqueol\u00f2giques, que han revelat l\u2019exist\u00e8ncia d\u2019un assentament militar que fou destru\u00eft intencionadament en el moment del seu abandonament.<\/span><\/span><\/p>\n<div class=\"highlight-block\">\n<p>La campanya 2021 (l\u2019\u00faltim any del projecte de recerca quadriennal) se centrar\u00e0 en completar el coneixement de la zona meridional del jaciment, donant continu\u00eftat als treballs de 2020.<span data-ccp-props=\"{&quot;201341983&quot;:0,&quot;335559739&quot;:180,&quot;335559740&quot;:240}\">\u00a0<\/span><\/p>\n<\/div>\n<p>El fort\u00ed hauria estat en \u00fas durant poc temps, molt probablement durant la\u00a0<a href=\"https:\/\/ca.wikipedia.org\/wiki\/Guerra_de_Sertori\">guerra de Sertori (80-72 aC)<\/a>. S\u2019hi han documentat diversos\u00a0<strong>llen\u00e7os de muralla<\/strong>, aix\u00ed com alguns murs que haurien format part de barracons. Tamb\u00e9, tres\u00a0<strong>cisternes<\/strong>\u00a0per a la recollida d\u2019aig\u00fces pluvials, amb un sistema de canalitzaci\u00f3 parcialment cobert per lloses, vinculat probablement a la gesti\u00f3 de l\u2019aigua.<\/p>\n<p><span data-contrast=\"none\"><span data-ccp-parastyle=\"Normal (Web)\">La recerca en aquest jaciment forma part d\u2019un\u202f<\/span><\/span><a href=\"https:\/\/icac.cat\/recerca\/projectes-de-recerca\/projecte\/formes-docupacio-del-territori-i-evolucio-del-poblament-a-la-cessetania-occidental-durant-la-protohistoria\/\"><span data-contrast=\"none\"><span data-ccp-charstyle=\"Hyperlink\">projecte quadriennal (2018-2021)<\/span><\/span><\/a><span data-contrast=\"none\"><span data-ccp-parastyle=\"Normal (Web)\">, dirigit per\u202f<\/span><\/span><a href=\"https:\/\/icac.cat\/qui-som\/personal\/cbelarte\/\"><b><span data-contrast=\"none\"><span data-ccp-charstyle=\"Hyperlink\">Maria Carme Belarte<\/span><\/span><\/b><\/a><span data-contrast=\"none\"><span data-ccp-parastyle=\"Normal (Web)\">\u202fi\u202f<\/span><\/span><a href=\"https:\/\/icac.cat\/qui-som\/personal\/jcanela\/\"><b><span data-contrast=\"none\"><span data-ccp-charstyle=\"Hyperlink\">Joan\u00a0<\/span><span data-ccp-charstyle=\"Hyperlink\">Canela<\/span><\/span><\/b><\/a><span data-contrast=\"none\"><span data-ccp-parastyle=\"Normal (Web)\">, sobre\u202f<\/span><\/span><b><span data-contrast=\"none\"><span data-ccp-charstyle=\"Strong\">la\u00a0<\/span><span data-ccp-charstyle=\"Strong\">Cesset\u00e0nia<\/span><span data-ccp-charstyle=\"Strong\">\u00a0occidental durant la protohist\u00f2ria<\/span><\/span><\/b><span data-contrast=\"none\"><span data-ccp-parastyle=\"Normal (Web)\">\u202fi que, alhora, \u00e9s\u202fla continuaci\u00f3 d\u2019un projecte anterior sobre la mateixa tem\u00e0tica. Les excavacions pr\u00f2piament dites a la Costa de la Serra van comen\u00e7ar el 2015 i, des de llavors, s\u2019hi ha fet una campanya anual, amb diversos equips de treball, sota la direcci\u00f3 de\u202f<\/span><\/span><a href=\"https:\/\/icac.cat\/qui-som\/personal\/cbelarte\/\"><span data-contrast=\"none\"><span data-ccp-charstyle=\"Hyperlink\">Maria Carme Belarte<\/span><\/span><\/a><span data-contrast=\"none\"><span data-ccp-parastyle=\"Normal (Web)\">,\u202f<\/span><\/span><a href=\"https:\/\/icac.cat\/qui-som\/personal\/jcanela\/\"><span data-contrast=\"none\"><span data-ccp-charstyle=\"Hyperlink\">Joan\u00a0<\/span><span data-ccp-charstyle=\"Hyperlink\">Canela<\/span><\/span><\/a><span data-contrast=\"none\"><span data-ccp-parastyle=\"Normal (Web)\">,\u202f<\/span><\/span><a href=\"https:\/\/icac.cat\/qui-som\/personal\/jlopez\/\"><span data-contrast=\"none\"><span data-ccp-charstyle=\"Hyperlink\">Jordi L\u00f3pez<\/span><\/span><\/a><span data-contrast=\"none\"><span data-ccp-parastyle=\"Normal (Web)\">\u202fi\u202f<\/span><\/span><a href=\"https:\/\/icac.cat\/qui-som\/personal\/notero\/\"><span data-contrast=\"none\"><span data-ccp-charstyle=\"Hyperlink\">N\u00faria Otero<\/span><\/span><\/a><span data-contrast=\"none\"><span data-ccp-parastyle=\"Normal (Web)\">.<\/span><\/span><span data-ccp-props=\"{&quot;134233117&quot;:true,&quot;134233118&quot;:true,&quot;201341983&quot;:0,&quot;335559739&quot;:180,&quot;335559740&quot;:240}\">\u00a0<\/span><\/p>\n<div class=\"destacat-entrevista dreta\">\n<div class=\"small-text\">\n<p>Un dels voluntaris que forma part de l\u2019equip, Marc Dalmau, ve\u00ed de l\u2019Argilaga i antic alumne del m\u00e0ster en Arqueologia Cl\u00e0ssica, \u00e9s qui va descobrir el jaciment.<\/p>\n<\/div>\n<\/div>\n<p>En total, <strong>l\u2019equip est\u00e0 format per deu persones<\/strong>; a banda dels investigadors que porten la direcci\u00f3 dels treballs (investigadors de l\u2019ICAC o adscrits a l\u2019ICAC:\u00a0<a href=\"https:\/\/icac.cat\/qui-som\/personal\/cbelarte\/\">Maria Carme Belarte<\/a>,\u00a0<a href=\"https:\/\/icac.cat\/qui-som\/personal\/jcanela\/\">Joan Canela<\/a> i\u00a0<a href=\"https:\/\/icac.cat\/qui-som\/personal\/jlopez\/\">Jordi L\u00f3pez<\/a>), hi participen dos estudiants del\u00a0<a href=\"https:\/\/icac.cat\/formacio\/master-en-arqueologia-classica\/\">m\u00e0ster interuniversitari d\u2019Arqueologia Cl\u00e0ssica<\/a>\u00a0(Toni Corrales i Ferran Pir\u00f3), dos arque\u00f2legs que s\u00f3n antics alumnes del mateix\u00a0<a href=\"https:\/\/icac.cat\/formacio\/master-en-arqueologia-classica\/\">m\u00e0ster\u00a0<\/a>(Marc Dalmau i Graciella Pereda) i dos estudiants dels graus d\u2019Hist\u00f2ria i d\u2019Hist\u00f2ria de l\u2019Art i Arqueologia de la Universitat Rovira i Virgili.<\/p>\n<div class=\"highlight-block\">\n<p><span data-contrast=\"none\">Els treballs\u00a0de 2020 van permetre corroborar els resultats preliminars obtinguts en la intervenci\u00f3 de 2019, amb la\u202f<\/span><b><span data-contrast=\"none\">descoberta d\u2019un sistema defensiu<\/span><\/b><span data-contrast=\"none\">\u202fm\u00e9s complex del que es podria preveure a partir de les excavacions dutes a terme entre 2015 i 2017.<\/span><\/p>\n<\/div>\n<p><span data-contrast=\"none\"><span data-ccp-parastyle=\"Normal (Web)\">La intervenci\u00f3 de 2020 va permetre constatar tamb\u00e9 que <strong>el tancament meridional del jaciment estaria defensat per\u202funa doble muralla<\/strong>, amb dos murs d\u2019aproximadament 1 m d\u2019amplada que discorrerien de forma paral\u00b7lela durant 50 m.<\/span><\/span><\/p>\n<figure id=\"attachment_48599\" aria-describedby=\"caption-attachment-48599\" style=\"width: 790px\" class=\"wp-caption aligncenter\"><img loading=\"lazy\" class=\"size-large wp-image-48599\" src=\"https:\/\/icac.cat\/wp-content\/uploads\/2020\/08\/Costa-de-la-Serra-2020-1-1024x768.jpg\" alt=\"Fotografia general de la fa\u00e7ana sud de la fortificaci\u00f3, on es pot observar el tra\u00e7at de la doble muralla que discorre paral\u00b7lela en direcci\u00f3 sud-oest\/nord-est. Els treballs de la campanya 2020 s\u2019han centrat en l\u2019extrem est (dreta).\" width=\"790\" height=\"593\" srcset=\"https:\/\/icac.cat\/wp-content\/uploads\/2020\/08\/Costa-de-la-Serra-2020-1-1024x768.jpg 1024w, https:\/\/icac.cat\/wp-content\/uploads\/2020\/08\/Costa-de-la-Serra-2020-1-400x300.jpg 400w\" sizes=\"(max-width: 790px) 100vw, 790px\" \/><figcaption id=\"caption-attachment-48599\" class=\"wp-caption-text\">Fotografia general de la fa\u00e7ana sud de la fortificaci\u00f3, on es pot observar el tra\u00e7at de la doble muralla que discorre paral\u00b7lela en direcci\u00f3 sud-oest\/nord-est. Els treballs de la campanya 2020 s\u2019han centrat en l\u2019extrem est (dreta).<\/figcaption><\/figure>\n<p><span data-contrast=\"none\"><span data-ccp-parastyle=\"Normal (Web)\">Si b\u00e9 el jaciment est\u00e0 molt arrasat i conserva molt poca estratigrafia, amb el conjunt de treballs arqueol\u00f2gics que s\u2019hi faran\u202f<\/span><\/span><b><span data-contrast=\"none\"><span data-ccp-charstyle=\"Strong\">ser\u00e0 possible restituir la planta i estructura de l\u2019edifici<\/span><\/span><\/b><span data-contrast=\"none\"><span data-ccp-parastyle=\"Normal (Web)\">, que correspon a un model d\u2019assentament caracter\u00edstic del per\u00edode\u00a0<\/span><span data-ccp-parastyle=\"Normal (Web)\">romano<\/span><span data-ccp-parastyle=\"Normal (Web)\">-republic\u00e0 al nord-est peninsular.<\/span><\/span><\/p>\n<div class=\"highlight-block\">\n<p><span data-contrast=\"none\"><span data-ccp-parastyle=\"Normal (Web)\">A m\u00e9s de la subvenci\u00f3 del Departament de Cultura de la Generalitat (a trav\u00e9s del projecte quadriennal),\u202f<\/span><\/span><b><span data-contrast=\"none\"><span data-ccp-charstyle=\"Strong\">els treballs compten amb el suport econ\u00f2mic de l\u2019Ajuntament de la Secuita<\/span><\/span><\/b><span data-contrast=\"none\"><span data-ccp-parastyle=\"Normal (Web)\">.<\/span><\/span><\/p>\n<\/div>\n<p><span data-ccp-props=\"{&quot;134233117&quot;:true,&quot;134233118&quot;:true,&quot;201341983&quot;:0,&quot;335559739&quot;:180,&quot;335559740&quot;:240}\">\u00a0<\/span><\/p>\n","protected":false},"excerpt":{"rendered":"<p>Una nova campanya de treballs arqueol\u00f2gics\u00a0al fort\u00ed\u00a0tardorepublic\u00e0\u00a0de la Costa de la Serra (La Secuita, Tarragon\u00e8s). Del 28 de juny al 16 de juliol s\u2019hi duu a terme una intervenci\u00f3 programada amb un petit equip de camp format per investigadors de l\u2019ICAC, estudiants del M\u00e0ster interuniversitari en Arqueologia Cl\u00e0ssica (URV-UAB-ICAC), dels graus d\u2019Hist\u00f2ria i d\u2019Hist\u00f2ria de [&hellip;]<\/p>\n","protected":false},"author":160,"featured_media":54914,"comment_status":"closed","ping_status":"closed","sticky":false,"template":"","format":"standard","meta":{"_genesis_hide_title":false,"_genesis_hide_breadcrumbs":false,"_genesis_hide_singular_image":false,"_genesis_hide_footer_widgets":false,"_genesis_custom_body_class":"","_genesis_custom_post_class":"","_genesis_layout":""},"categories":[184,183,188,186,182,1],"tags":[466,647,766],"_links":{"self":[{"href":"https:\/\/icac.cat\/en\/wp-json\/wp\/v2\/posts\/54906"}],"collection":[{"href":"https:\/\/icac.cat\/en\/wp-json\/wp\/v2\/posts"}],"about":[{"href":"https:\/\/icac.cat\/en\/wp-json\/wp\/v2\/types\/post"}],"author":[{"embeddable":true,"href":"https:\/\/icac.cat\/en\/wp-json\/wp\/v2\/users\/160"}],"replies":[{"embeddable":true,"href":"https:\/\/icac.cat\/en\/wp-json\/wp\/v2\/comments?post=54906"}],"version-history":[{"count":5,"href":"https:\/\/icac.cat\/en\/wp-json\/wp\/v2\/posts\/54906\/revisions"}],"predecessor-version":[{"id":82632,"href":"https:\/\/icac.cat\/en\/wp-json\/wp\/v2\/posts\/54906\/revisions\/82632"}],"wp:featuredmedia":[{"embeddable":true,"href":"https:\/\/icac.cat\/en\/wp-json\/wp\/v2\/media\/54914"}],"wp:attachment":[{"href":"https:\/\/icac.cat\/en\/wp-json\/wp\/v2\/media?parent=54906"}],"wp:term":[{"taxonomy":"category","embeddable":true,"href":"https:\/\/icac.cat\/en\/wp-json\/wp\/v2\/categories?post=54906"},{"taxonomy":"post_tag","embeddable":true,"href":"https:\/\/icac.cat\/en\/wp-json\/wp\/v2\/tags?post=54906"}],"curies":[{"name":"wp","href":"https:\/\/api.w.org\/{rel}","templated":true}]}}