{"id":6121,"date":"2014-10-01T11:21:37","date_gmt":"2014-10-01T11:21:37","guid":{"rendered":"http:\/\/www.icac.cat\/?post_type=post&#038;p=6121"},"modified":"2015-07-06T16:58:23","modified_gmt":"2015-07-06T16:58:23","slug":"seminari-sobre-locupacio-de-la-hispania-conquerida-el-30-doctubre","status":"publish","type":"post","link":"https:\/\/icac.cat\/en\/actualitat\/noticies\/2014\/seminari-sobre-locupacio-de-la-hispania-conquerida-el-30-doctubre\/","title":{"rendered":"Seminari sobre l&#8217;ocupaci\u00f3 de la Hisp\u00e0nia conquerida el 30 d&#8217;octubre"},"content":{"rendered":"<p>&nbsp;<\/p>\n<p>&nbsp;<\/p>\n<p style=\"text-align: right;\">&nbsp;<\/p>\n<p style=\"text-align: right;\"><em>Vista del jaciment romanorepublic\u00e0 <\/em><em>de <\/em><\/p>\n<p style=\"text-align: right;\"><em>Puig Castellar (Biosca, la Segarra).<\/em><\/p>\n<p style=\"text-align: justify;\"><strong><a href=\"https:\/\/icac.cat\/wp-content\/uploads\/images\/foto_doc\/seminaris\/ocupacio.JPG\" target=\"_blank\"><img loading=\"lazy\" style=\"float: right;\" src=\"https:\/\/icac.cat\/wp-content\/uploads\/images\/foto_doc\/seminaris\/ocupacio.JPG\" alt=\"\" width=\"250\" height=\"188\"><\/a><\/strong><\/p>\n<p><a href=\"https:\/\/icac.cat\/wp-content\/uploads\/images\/pdf_doc\/seminaris\/14ocupac.pdf\" target=\"_blank\"><strong>&#8220;Les estrat\u00e8gies d\u2019ocupaci\u00f3 dels territoris conquerits a les prov\u00edncies hispanes els segles II-I aC: primers assentaments de control i models d\u2019implantaci\u00f3&#8221;<\/strong><\/a> \u00e9s el t\u00edtol del seminari internacional que tindr\u00e0 lloc a l&#8217;ICAC el <strong>30 d&#8217;octubre<\/strong>.<\/p>\n<p>Amb coordinaci\u00f3 d&#8217;<a href=\"https:\/\/icac.cat\/?author=21\" target=\"_blank\"><strong>Esther Rodrigo <\/strong><\/a>(ICAC-UAB), hi intervindran una vintena d&#8217;experts:<\/p>\n<p>&nbsp;<\/p>\n<p>Joan G\u00f3mez Pallar\u00e8s (ICAC), Rui Mataloto (Municipio de Redondo), Pere Castanyer, Marta Santos i Joaquim Tremoleda (MAC Emp\u00faries), Josep Burch (UdG), Josep Guitart (UAB-ICAC), Albert Mart\u00edn (Ajuntament de Cabrera de Mar), Arnau Garcia (ICAC), Joaquim Pera (UAB), C\u00e9sar Carreras (UAB), N\u00faria Roman\u00ed (UAB), N\u00faria Padr\u00f3s (UAB), David Asensio (UB\/UAB), Francisco Jos\u00e9 Cantero, Ramon Cardona (CEL), Jordi Morer (ROCS, SL), Borja Gil (ROCS, SL), Josep Pou (Ajuntament de Calafell), Laro S\u00e1nchez (ROCS, SL), Oriol Olesti (UAB), Joan Oller (UAB), Jordi Morera (Arque\u00f2legs.cat) i Jose Antonio M\u00ednguez (UVA).<\/p>\n<p>&nbsp;<\/p>\n<p>&nbsp;La inscripci\u00f3 a aquest seminari \u00e9s gratu\u00efta i est\u00e0 oberta a tots els p\u00fablics, per\u00f2 cal <a href=\"https:\/\/icac.cat\/wp-content\/uploads\/images\/pdf_doc\/seminaris\/14ocupac.pdf\" target=\"_blank\"><strong>confirmar<\/strong> <\/a>la pla\u00e7a.<\/p>\n<p><\/p>\n","protected":false},"excerpt":{"rendered":"<p><a href=\"https:\/\/icac.cat\/wp-content\/uploads\/images\/foto_doc\/seminaris\/ocupacio.JPG\" target=\"_blank\"><img loading=\"lazy\" style=\"float: right;\" src=\"https:\/\/icac.cat\/wp-content\/uploads\/images\/foto_doc\/seminaris\/ocupacio.JPG\" alt=\"\" width=\"100\" height=\"75\"><\/a>&#8220;Les estrat\u00e8gies d\u2019ocupaci\u00f3 dels territoris conquerits a les prov\u00edncies hispanes els segles II-I aC&#8221; \u00e9s el t\u00edtol del seminari internacional que tindr\u00e0 lloc a l&#8217;ICAC.<\/p>\n","protected":false},"author":1,"featured_media":0,"comment_status":"closed","ping_status":"closed","sticky":false,"template":"","format":"standard","meta":{"_genesis_hide_title":false,"_genesis_hide_breadcrumbs":false,"_genesis_hide_singular_image":false,"_genesis_hide_footer_widgets":false,"_genesis_custom_body_class":"","_genesis_custom_post_class":"","_genesis_layout":""},"categories":[1],"tags":[],"_links":{"self":[{"href":"https:\/\/icac.cat\/en\/wp-json\/wp\/v2\/posts\/6121"}],"collection":[{"href":"https:\/\/icac.cat\/en\/wp-json\/wp\/v2\/posts"}],"about":[{"href":"https:\/\/icac.cat\/en\/wp-json\/wp\/v2\/types\/post"}],"author":[{"embeddable":true,"href":"https:\/\/icac.cat\/en\/wp-json\/wp\/v2\/users\/1"}],"replies":[{"embeddable":true,"href":"https:\/\/icac.cat\/en\/wp-json\/wp\/v2\/comments?post=6121"}],"version-history":[{"count":1,"href":"https:\/\/icac.cat\/en\/wp-json\/wp\/v2\/posts\/6121\/revisions"}],"predecessor-version":[{"id":8583,"href":"https:\/\/icac.cat\/en\/wp-json\/wp\/v2\/posts\/6121\/revisions\/8583"}],"wp:attachment":[{"href":"https:\/\/icac.cat\/en\/wp-json\/wp\/v2\/media?parent=6121"}],"wp:term":[{"taxonomy":"category","embeddable":true,"href":"https:\/\/icac.cat\/en\/wp-json\/wp\/v2\/categories?post=6121"},{"taxonomy":"post_tag","embeddable":true,"href":"https:\/\/icac.cat\/en\/wp-json\/wp\/v2\/tags?post=6121"}],"curies":[{"name":"wp","href":"https:\/\/api.w.org\/{rel}","templated":true}]}}