{"id":6239,"date":"2014-12-17T08:42:49","date_gmt":"2014-12-17T08:42:49","guid":{"rendered":"http:\/\/www.icac.cat\/?post_type=post&#038;p=6239"},"modified":"2015-07-06T16:58:22","modified_gmt":"2015-07-06T16:58:22","slug":"lliurats-els-diplomes-del-curs-bojos-per-larqueologia","status":"publish","type":"post","link":"https:\/\/icac.cat\/en\/actualitat\/noticies\/2014\/lliurats-els-diplomes-del-curs-bojos-per-larqueologia\/","title":{"rendered":"Lliurats els diplomes del curs Bojos per l\u2019arqueologia"},"content":{"rendered":"<p class=\"MsoNormal\">&nbsp;<\/p>\n<p class=\"MsoNormal\">&nbsp;<\/p>\n<p class=\"MsoNormal\">&nbsp;<\/p>\n<p class=\"MsoNormal\">&nbsp;Dissabte <strong>13 de desembre a les 10 del mat\u00ed<\/strong> es va fer el lliurement de diplomes a l\u2019edifici de la Pia Almoina, a Girona. \u00c9s la seu de l\u2019<a href=\"http:\/\/www.icrpc.cat\/\" target=\"_blank\"><strong>Institut Catal\u00e0 de Recerca en Patrimoni Cultural (ICRPC)<\/strong><\/a>, un dels tres centres que han col\u00b7laborat en el curs Bojos per l\u2019Arqueologia d\u2019aquest 2014. Els altres dos s\u00f3n l\u2019<strong>Institut Catal\u00e0 d\u2019Arqueologia Cl\u00e0ssica (ICAC)<\/strong> i l\u2019<a href=\"http:\/\/www.iphes.cat\/\" target=\"_blank\"><strong>Institut Catal\u00e0 de Paleoecologia Humana i Evoluci\u00f3 Social (IPHES)<\/strong><\/a>.<\/p>\n<p class=\"MsoNormal\">&nbsp;<\/p>\n<p class=\"MsoNormal\">En total s\u00f3n 20 els alumnes que han particpat a l\u2019activitat, promoguda per la Fundaci\u00f3 Catalunya-la Pedrera.<\/p>\n<p class=\"MsoNormal\">&nbsp;<\/p>\n<p class=\"MsoNormal\"><strong><strong><a href=\"https:\/\/icac.cat\/wp-content\/uploads\/images\/foto_doc\/bojos15\/dipl1.jpg\" target=\"_blank\"><img style=\"display: block; margin-left: auto; margin-right: auto;\" src=\"https:\/\/icac.cat\/wp-content\/uploads\/images\/foto_doc\/bojos15\/dipl1.jpg\" alt=\"\" width=\"300\"><\/a><\/strong><\/strong><\/p>\n<p class=\"MsoNormal\" style=\"text-align: center;\"><em>Joaquim Nadal (esquerra) i Llu\u00eds Farr\u00e9s.<\/em><\/p>\n<p class=\"MsoNormal\">&nbsp;<\/p>\n<p class=\"MsoNormal\">&nbsp;<\/p>\n<p class=\"MsoNormal\"><strong>Joaquim Nadal<\/strong>, director de l\u2019ICRPC i professor de la Universitat de Girona, en representaci\u00f3 dels tres directors dels centres de recerca esmentats, va tancar el curs, amb un discurs entorn la import\u00e0ncia de la formaci\u00f3 per despertar les vocacions de les persones. L\u2019IPHES est\u00e0 dirigit per Eudald Carbonell i l\u2019ICAC, per Joan G\u00f3mez Pallar\u00e8s.&nbsp; <br \/><br class=\"MsoNormal\"><\/p>\n<p class=\"MsoNormal\">A continuaci\u00f3, <strong>Llu\u00eds Farr\u00e9s<\/strong>, director de recerca i coneixement de la Fundaci\u00f3 Catalunya-La Pedrera, va dur a terme l\u2019acte de lliurament de diplomes. Va destacar l\u2019\u00e8xit del curs i la import\u00e0ncia de donar a con\u00e8ixer la recerca en humanitats.<\/p>\n<p>Finalment, l\u2019acte va finalitzar amb una confer\u00e8ncia de <strong>S\u00edlvia Aulet<\/strong>, professora de la Universitat de Girona.<\/p>\n<p class=\"MsoNormal\"><span style=\"mso-spacerun: yes;\">&nbsp;<\/span><\/p>\n<p class=\"MsoNormal\">&nbsp;<\/p>\n<p class=\"MsoNormal\"><strong><strong><a href=\"https:\/\/icac.cat\/wp-content\/uploads\/images\/foto_doc\/bojos15\/dipl3.jpg\" target=\"_blank\"><img src=\"https:\/\/icac.cat\/wp-content\/uploads\/images\/foto_doc\/bojos15\/dipl2.jpg\" alt=\"\" width=\"250\">&nbsp;&nbsp;&nbsp; <img src=\"https:\/\/icac.cat\/wp-content\/uploads\/images\/foto_doc\/bojos15\/dipl3.jpg\" alt=\"\" width=\"250\"><\/a><\/strong><\/strong><\/p>\n<p class=\"MsoNormal\"><strong><strong>&nbsp;<\/strong><\/strong><\/p>\n<p class=\"MsoNormal\">&nbsp;<\/p>\n<p class=\"MsoNormal\">El Curs Bojos per l\u2019Arqueologia s\u2019emmarca en el programa <a href=\"http:\/\/www.fundaciocatalunya-lapedrera.com\/ca\/bojos-ciencia\" target=\"_blank\"><strong>Bojos per la ci\u00e8ncia 2015<\/strong><\/a> que impulsa la <a href=\"http:\/\/www.fundaciocatalunya-lapedrera.com\" target=\"_blank\"><strong>Fundaci\u00f3 Catalunya-La Pedrera<\/strong><\/a> i en les sinergies establertes entre l\u2019ICAC, l\u2019IPHES i l\u2019ICRPC, especialitzats en evoluci\u00f3 humana, arqueologia i patrimoni.<\/p>\n<p class=\"MsoNormal\">&nbsp;<\/p>\n<p>&nbsp;<\/p>\n<p>&nbsp;<\/p>\n<p>&nbsp;<\/p>\n<h5>Not\u00edcies relacionades<\/h5>\n<p>&nbsp;<\/p>\n<p><a href=\"https:\/\/icac.cat\/?p=6236\" target=\"_blank\"><strong>Lliurament de diplomes del curs Bojos per l\u2019arqueologia&nbsp;<\/strong> <\/a><\/p>\n<p>&nbsp;<\/p>\n<p><a href=\"https:\/\/icac.cat\/?p=6064\" target=\"_blank\"><strong>Bojos per l&#8217;Arqueologia: inscripcions obertes de la segona edici\u00f3 <\/strong><\/a><\/p>\n<p>&nbsp;<\/p>\n<p><a href=\"https:\/\/icac.cat\/?p=5985\" target=\"_blank\"><strong>Bojos per l&#8217;arqueologia: \u00faltima sessi\u00f3 a l&#8217;ICAC<\/strong> <\/a><\/p>\n<p>&nbsp;<\/p>\n<p>Entrevista a dos alumnes del Bojos per l&#8217;Arqueologia del curs 2013\/2014, Cl\u00e0udia Manso i Pau Crous:&nbsp; <a href=\"https:\/\/icac.cat\/?p=5991\" target=\"_blank\"><strong>&#8220;L\u2019arqueologia est\u00e0 molt mitificada, per\u00f2 no m\u2019ha decebut&#8221;<\/strong><\/a><\/p>\n<p>&nbsp;<\/p>\n<p>&nbsp;<\/p>\n","protected":false},"excerpt":{"rendered":"<p>L&#8217;acte va ser el dissabte 13 de desembre a Girona, a la seu de l\u2019Institut Catal\u00e0 de Recerca en Patrimoni Cultural.<\/p>\n","protected":false},"author":1,"featured_media":0,"comment_status":"closed","ping_status":"closed","sticky":false,"template":"","format":"standard","meta":{"_genesis_hide_title":false,"_genesis_hide_breadcrumbs":false,"_genesis_hide_singular_image":false,"_genesis_hide_footer_widgets":false,"_genesis_custom_body_class":"","_genesis_custom_post_class":"","_genesis_layout":""},"categories":[1],"tags":[],"_links":{"self":[{"href":"https:\/\/icac.cat\/en\/wp-json\/wp\/v2\/posts\/6239"}],"collection":[{"href":"https:\/\/icac.cat\/en\/wp-json\/wp\/v2\/posts"}],"about":[{"href":"https:\/\/icac.cat\/en\/wp-json\/wp\/v2\/types\/post"}],"author":[{"embeddable":true,"href":"https:\/\/icac.cat\/en\/wp-json\/wp\/v2\/users\/1"}],"replies":[{"embeddable":true,"href":"https:\/\/icac.cat\/en\/wp-json\/wp\/v2\/comments?post=6239"}],"version-history":[{"count":1,"href":"https:\/\/icac.cat\/en\/wp-json\/wp\/v2\/posts\/6239\/revisions"}],"predecessor-version":[{"id":8550,"href":"https:\/\/icac.cat\/en\/wp-json\/wp\/v2\/posts\/6239\/revisions\/8550"}],"wp:attachment":[{"href":"https:\/\/icac.cat\/en\/wp-json\/wp\/v2\/media?parent=6239"}],"wp:term":[{"taxonomy":"category","embeddable":true,"href":"https:\/\/icac.cat\/en\/wp-json\/wp\/v2\/categories?post=6239"},{"taxonomy":"post_tag","embeddable":true,"href":"https:\/\/icac.cat\/en\/wp-json\/wp\/v2\/tags?post=6239"}],"curies":[{"name":"wp","href":"https:\/\/api.w.org\/{rel}","templated":true}]}}