{"id":73678,"date":"2021-12-01T10:34:07","date_gmt":"2021-12-01T09:34:07","guid":{"rendered":"https:\/\/icac.cat\/?p=73678"},"modified":"2021-12-13T09:01:15","modified_gmt":"2021-12-13T08:01:15","slug":"icac-research-project-on-the-roman-aqueducts-of-tarraco-xi-tarraco-award","status":"publish","type":"post","link":"https:\/\/icac.cat\/en\/actualitat\/noticies\/2021\/icac-research-project-on-the-roman-aqueducts-of-tarraco-xi-tarraco-award\/","title":{"rendered":"ICAC research project on the Roman aqueducts of Tarraco, XI Tarraco Award"},"content":{"rendered":"<h6>The ICAC research project on the Roman aqueducts of Tarraco, led by <a href=\"http:\/\/icac.cat\/en\/who-are-we\/staff\/jlopez\/\" target=\"_blank\" rel=\"noopener\">Jordi L\u00f3pez Vilar<\/a>, has been awarded by the Tarragona City Council with the Tarraco Award, in recognition of its work in publicizing this important piece of the archaeological site of Tarraco.<\/h6>\n<p>Tarragona City Council welcomed November 30, 2021, the <strong>XI Tarraco Award event<\/strong>, on the day of the 21st anniversary of the Tarraco Declaration of World Heritage. The Mayor of Tarragona, Pau Ricom\u00e0, wanted to recognize the research team on the Roman aqueducts of Tarraco.<\/p>\n<p>This award distinguishes those actions that allow the conservation, preservation, and dissemination of the city heritage, both those that refer to the Roman historical complex and the other tangible and intangible universal heritage sites recognized by UNESCO in Tarragona.<\/p>\n<div class=\"destacat-entrevista dreta\">\n<div class=\"small-text\">\n<p>Knowledge of the hydraulic network of Roman Tarragona before starting the ICAC project led by Jordi L\u00f3pez Vilar was precarious<\/p>\n<\/div>\n<\/div>\n<p>The main purpose of the project was to locate, describe and map in detail each visible section of the aqueducts, define their layout, and draw up a document that would allow their real protection and their future enhancement. The state of knowledge of this hydraulic work was quite precarious since its course is imprecise in many places.<\/p>\n<div class=\"highlight-block\">\n<p>With this award, the city of Tarragona wants to recognize the work of the human team behind this project and recognize the work of the Catalan Institute of Classical Archaeology with its contribution to the generation of scientific knowledge and in its actions favouring heritage.<\/p>\n<\/div>\n<div class=\"destacat-entrevista dreta\">\n<div class=\"small-text\">\n<p>Knowing how our ancestors coped with water scarcity is a major issue<\/p>\n<\/div>\n<\/div>\n<p>In his speech, <a href=\"http:\/\/icac.cat\/en\/who-are-we\/staff\/jlopez\/\" target=\"_blank\" rel=\"noopener\"><strong>Jordi L\u00f3pez Vilar<\/strong> <\/a>wanted to thank the distinction and to mention the human team involved in the project, as well as the collaboration and funding of the institutions that have made it possible. As L\u00f3pez explained, \u201cwater is one of the most valuable resources everywhere, and especially in the Mediterranean region, which has traditionally faced the vital issue of access. Knowing how our ancestors coped with water scarcity is a major issue\u201d.<\/p>\n<figure id=\"attachment_73612\" aria-describedby=\"caption-attachment-73612\" style=\"width: 790px\" class=\"wp-caption aligncenter\"><a href=\"https:\/\/icac.cat\/wp-content\/uploads\/2021\/12\/XI-Premi-Tarraco_acte-lliurament_02.jpg\"><img loading=\"lazy\" class=\"size-large wp-image-73612\" src=\"https:\/\/icac.cat\/wp-content\/uploads\/2021\/12\/XI-Premi-Tarraco_acte-lliurament_02-1024x632.jpg\" alt=\"\" width=\"790\" height=\"488\" srcset=\"https:\/\/icac.cat\/wp-content\/uploads\/2021\/12\/XI-Premi-Tarraco_acte-lliurament_02-1024x632.jpg 1024w, https:\/\/icac.cat\/wp-content\/uploads\/2021\/12\/XI-Premi-Tarraco_acte-lliurament_02-400x247.jpg 400w, https:\/\/icac.cat\/wp-content\/uploads\/2021\/12\/XI-Premi-Tarraco_acte-lliurament_02-768x474.jpg 768w, https:\/\/icac.cat\/wp-content\/uploads\/2021\/12\/XI-Premi-Tarraco_acte-lliurament_02-1536x948.jpg 1536w, https:\/\/icac.cat\/wp-content\/uploads\/2021\/12\/XI-Premi-Tarraco_acte-lliurament_02-2048x1263.jpg 2048w\" sizes=\"(max-width: 790px) 100vw, 790px\" \/><\/a><figcaption id=\"caption-attachment-73612\" class=\"wp-caption-text\">The Mayor of Tarragona, Pau Ricom\u00e0, and Herm\u00e1n Pinedo, together with other members of the Tarragona City Council, at the XI Tarraco Award event, with Jordi L\u00f3pez Vilar and Josep Maria Palet, director of the ICAC. Photo: David Aymerich.<\/figcaption><\/figure>\n<h6><\/h6>\n<h5>The award-winning project aims to contribute to the real and future protection of the Roman aqueducts of Tarraco<\/h5>\n<p>Two millennia ago, Romans built great hydraulic infrastructure for the first time in Spain. The remains of this valuable cultural heritage related to collective water are scattered throughout the Camp de Tarragona area, composing a mosaic that has contributed to the configuration of the landscape<\/p>\n<p>However, knowledge of the hydraulic network of Roman Tarragona before starting the ICAC project led by <a href=\"http:\/\/icac.cat\/en\/who-are-we\/staff\/jlopez\/\" target=\"_blank\" rel=\"noopener\">Jordi L\u00f3pez Vilar<\/a> was really precarious. We only knew of the approximate layout of two aqueducts and some specific sections, especially those closest to the city of Tarragona. This widespread ignorance has led to such a lack of protection that in the last 40 years hundreds of meters have been snatched uncontrollably in forest clearings, major infrastructure works, housing developments, etc. This destruction has led to a loss of scientific information and archaeological heritage.<\/p>\n<div class=\"highlight-block\">\n<p>Therefore, the main objective of the project was to locate, describe and map in detail each and every visible section of the aqueducts, define their layout and prepare a document that would allow their real protection and future enhancement.<\/p>\n<\/div>\n<p>&nbsp;<\/p>\n<figure id=\"attachment_73536\" aria-describedby=\"caption-attachment-73536\" style=\"width: 790px\" class=\"wp-caption aligncenter\"><a href=\"https:\/\/icac.cat\/wp-content\/uploads\/2021\/11\/Aqueductes-romans-de-Tarraco-campanya-2021.jpg\"><img loading=\"lazy\" class=\"size-large wp-image-73536\" src=\"https:\/\/icac.cat\/wp-content\/uploads\/2021\/11\/Aqueductes-romans-de-Tarraco-campanya-2021-1024x768.jpg\" alt=\"\" width=\"790\" height=\"593\" srcset=\"https:\/\/icac.cat\/wp-content\/uploads\/2021\/11\/Aqueductes-romans-de-Tarraco-campanya-2021-1024x768.jpg 1024w, https:\/\/icac.cat\/wp-content\/uploads\/2021\/11\/Aqueductes-romans-de-Tarraco-campanya-2021-400x300.jpg 400w, https:\/\/icac.cat\/wp-content\/uploads\/2021\/11\/Aqueductes-romans-de-Tarraco-campanya-2021-768x576.jpg 768w, https:\/\/icac.cat\/wp-content\/uploads\/2021\/11\/Aqueductes-romans-de-Tarraco-campanya-2021-1536x1152.jpg 1536w, https:\/\/icac.cat\/wp-content\/uploads\/2021\/11\/Aqueductes-romans-de-Tarraco-campanya-2021.jpg 1600w\" sizes=\"(max-width: 790px) 100vw, 790px\" \/><\/a><figcaption id=\"caption-attachment-73536\" class=\"wp-caption-text\">Members of the team of the research project The Roman aqueducts of Tarraco (ICAC) in the 2021 campaign, municipality of Vallmoll (Alt Camp). Photo: ICAC.<\/figcaption><\/figure>\n<p>Archaeological work is been carried out by a multidisciplinary team made up of ten people who belong to different institutions: the Catalan Institute of Classical Archeology, the Rovira i Virgili University, and the Autonomous University of Barcelona. Jordi L\u00f3pez especially wanted to highlight the work done by Josep Zaragoza, Joan Canela and Anna Guti\u00e9rrez Garcia-Moreno in the archaeological surveys, Josep Maria Puche in the complex topographic work, and Llu\u00eds Casas in the analytics. EMATSA, the Royal Archaeological Society of Tarragona, and the Gai\u00e0 Study Center have also collaborated on the project.<\/p>\n<p>Funding:\u00a0Consorci d&#8217;Aig\u00fces de Tarragona, Fundaci\u00f3 Privada M\u00fatua Catalana, Secuita City Council, Els Pallaresos City Council, Generalitat de Catalunya.<\/p>\n<figure id=\"attachment_73158\" aria-describedby=\"caption-attachment-73158\" style=\"width: 790px\" class=\"wp-caption aligncenter\"><a href=\"https:\/\/icac.cat\/wp-content\/uploads\/2021\/11\/ICAC_NdP-Pont-del-Diable_imatge-destacada-scaled.jpg\"><img loading=\"lazy\" class=\"size-large wp-image-73158\" src=\"https:\/\/icac.cat\/wp-content\/uploads\/2021\/11\/ICAC_NdP-Pont-del-Diable_imatge-destacada-1024x768.jpg\" alt=\"\" width=\"790\" height=\"593\" srcset=\"https:\/\/icac.cat\/wp-content\/uploads\/2021\/11\/ICAC_NdP-Pont-del-Diable_imatge-destacada-1024x768.jpg 1024w, https:\/\/icac.cat\/wp-content\/uploads\/2021\/11\/ICAC_NdP-Pont-del-Diable_imatge-destacada-400x300.jpg 400w, https:\/\/icac.cat\/wp-content\/uploads\/2021\/11\/ICAC_NdP-Pont-del-Diable_imatge-destacada-768x576.jpg 768w, https:\/\/icac.cat\/wp-content\/uploads\/2021\/11\/ICAC_NdP-Pont-del-Diable_imatge-destacada-1536x1152.jpg 1536w, https:\/\/icac.cat\/wp-content\/uploads\/2021\/11\/ICAC_NdP-Pont-del-Diable_imatge-destacada-2048x1536.jpg 2048w\" sizes=\"(max-width: 790px) 100vw, 790px\" \/><\/a><figcaption id=\"caption-attachment-73158\" class=\"wp-caption-text\">The latest ICAC research has shown the existence of an aqueduct before the <em>Pont de les Ferres<\/em> was built and that, therefore, this famous Roman construction was not essential for the water supply of the ancient Tarraco. Photo: ICAC.<\/figcaption><\/figure>\n<p>&nbsp;<\/p>\n<hr \/>\n<p>El projecte <a href=\"https:\/\/icac.cat\/recerca\/projectes-de-recerca\/projecte\/auqua-augusta\/\" target=\"_blank\" rel=\"noopener\"><em>Els aq\u00fceductes romans de T\u00e0rraco<\/em><\/a> (Projecte Quadriennal, Generalitat de Catalunya, CLT009\/18\/00098) est\u00e0 dirigit per <a href=\"https:\/\/icac.cat\/qui-som\/personal\/jlopez\/\" target=\"_blank\" rel=\"noopener\">Jordi L\u00f3pez Vilar<\/a>, investigador de l\u2019ICAC, i est\u00e0 finan\u00e7at pel Consorci d\u2019Aig\u00fces de Tarragona, l\u2019Institut Catal\u00e0 d\u2019Arqueologia Cl\u00e0ssica, la Fundaci\u00f3 Privada M\u00fatua Catalana, l\u2019Ajuntament dels Pallaresos i la Generalitat de Catalunya.<\/p>\n<p>&nbsp;<\/p>\n<div data-carousel-extra='{\"blog_id\":1,\"permalink\":\"https:\\\/\\\/icac.cat\\\/en\\\/actualitat\\\/noticies\\\/2021\\\/icac-research-project-on-the-roman-aqueducts-of-tarraco-xi-tarraco-award\\\/\"}' id='gallery-1' class='gallery galleryid-73678 gallery-columns-4 gallery-size-medium'><figure class='gallery-item'>\n\t\t\t<div class='gallery-icon landscape'>\n\t\t\t\t<a href='https:\/\/icac.cat\/en\/logo-icac-lt-2\/'><img data-attachment-id=\"63975\" data-orig-file=\"https:\/\/icac.cat\/wp-content\/uploads\/2015\/09\/logo-ICAC-lt.png\" data-orig-size=\"230,125\" data-comments-opened=\"0\" data-image-meta=\"{&quot;aperture&quot;:&quot;0&quot;,&quot;credit&quot;:&quot;&quot;,&quot;camera&quot;:&quot;&quot;,&quot;caption&quot;:&quot;&quot;,&quot;created_timestamp&quot;:&quot;0&quot;,&quot;copyright&quot;:&quot;&quot;,&quot;focal_length&quot;:&quot;0&quot;,&quot;iso&quot;:&quot;0&quot;,&quot;shutter_speed&quot;:&quot;0&quot;,&quot;title&quot;:&quot;&quot;,&quot;orientation&quot;:&quot;0&quot;}\" data-image-title=\"logo-ICAC-lt\" data-image-description=\"\" data-medium-file=\"https:\/\/icac.cat\/wp-content\/uploads\/2015\/09\/logo-ICAC-lt.png\" data-large-file=\"https:\/\/icac.cat\/wp-content\/uploads\/2015\/09\/logo-ICAC-lt.png\" width=\"230\" height=\"125\" src=\"https:\/\/icac.cat\/wp-content\/uploads\/2015\/09\/logo-ICAC-lt.png\" class=\"attachment-medium size-medium\" alt=\"\" loading=\"lazy\" \/><\/a>\n\t\t\t<\/div><\/figure><figure class='gallery-item'>\n\t\t\t<div class='gallery-icon landscape'>\n\t\t\t\t<a href='https:\/\/icac.cat\/en\/escut-els-pallaresos_logo-2\/'><img data-attachment-id=\"73192\" data-orig-file=\"https:\/\/icac.cat\/wp-content\/uploads\/2021\/11\/Escut-Els-Pallaresos_logo.png\" data-orig-size=\"225,225\" data-comments-opened=\"0\" data-image-meta=\"{&quot;aperture&quot;:&quot;0&quot;,&quot;credit&quot;:&quot;&quot;,&quot;camera&quot;:&quot;&quot;,&quot;caption&quot;:&quot;&quot;,&quot;created_timestamp&quot;:&quot;0&quot;,&quot;copyright&quot;:&quot;&quot;,&quot;focal_length&quot;:&quot;0&quot;,&quot;iso&quot;:&quot;0&quot;,&quot;shutter_speed&quot;:&quot;0&quot;,&quot;title&quot;:&quot;&quot;,&quot;orientation&quot;:&quot;0&quot;,&quot;keywords&quot;:&quot;Array&quot;}\" data-image-title=\"Escut Els Pallaresos_logo\" data-image-description=\"\" data-medium-file=\"https:\/\/icac.cat\/wp-content\/uploads\/2021\/11\/Escut-Els-Pallaresos_logo.png\" data-large-file=\"https:\/\/icac.cat\/wp-content\/uploads\/2021\/11\/Escut-Els-Pallaresos_logo.png\" width=\"225\" height=\"225\" src=\"https:\/\/icac.cat\/wp-content\/uploads\/2021\/11\/Escut-Els-Pallaresos_logo.png\" class=\"attachment-medium size-medium\" alt=\"\" loading=\"lazy\" srcset=\"https:\/\/icac.cat\/wp-content\/uploads\/2021\/11\/Escut-Els-Pallaresos_logo.png 225w, https:\/\/icac.cat\/wp-content\/uploads\/2021\/11\/Escut-Els-Pallaresos_logo-120x120.png 120w\" sizes=\"(max-width: 225px) 100vw, 225px\" \/><\/a>\n\t\t\t<\/div><\/figure><figure class='gallery-item'>\n\t\t\t<div class='gallery-icon landscape'>\n\t\t\t\t<a href='https:\/\/icac.cat\/en\/actualitat\/noticies\/2021\/new-milestone-for-the-heritage-and-archaeology-project-in-the-roman-town-of-mas-dels-frares-constanti-tarragona\/logo-dpt-cultura-2\/'><img data-attachment-id=\"72582\" data-orig-file=\"https:\/\/icac.cat\/wp-content\/uploads\/2021\/07\/Logo-Dpt-Cultura.jpg\" data-orig-size=\"454,104\" data-comments-opened=\"0\" data-image-meta=\"{&quot;aperture&quot;:&quot;0&quot;,&quot;credit&quot;:&quot;&quot;,&quot;camera&quot;:&quot;&quot;,&quot;caption&quot;:&quot;&quot;,&quot;created_timestamp&quot;:&quot;0&quot;,&quot;copyright&quot;:&quot;&quot;,&quot;focal_length&quot;:&quot;0&quot;,&quot;iso&quot;:&quot;0&quot;,&quot;shutter_speed&quot;:&quot;0&quot;,&quot;title&quot;:&quot;&quot;,&quot;orientation&quot;:&quot;0&quot;}\" data-image-title=\"Logo Dpt Cultura\" data-image-description=\"\" data-medium-file=\"https:\/\/icac.cat\/wp-content\/uploads\/2021\/07\/Logo-Dpt-Cultura-400x92.jpg\" data-large-file=\"https:\/\/icac.cat\/wp-content\/uploads\/2021\/07\/Logo-Dpt-Cultura.jpg\" width=\"400\" height=\"92\" src=\"https:\/\/icac.cat\/wp-content\/uploads\/2021\/07\/Logo-Dpt-Cultura-400x92.jpg\" class=\"attachment-medium size-medium\" alt=\"\" loading=\"lazy\" srcset=\"https:\/\/icac.cat\/wp-content\/uploads\/2021\/07\/Logo-Dpt-Cultura-400x92.jpg 400w, https:\/\/icac.cat\/wp-content\/uploads\/2021\/07\/Logo-Dpt-Cultura.jpg 454w\" sizes=\"(max-width: 400px) 100vw, 400px\" \/><\/a>\n\t\t\t<\/div><\/figure><figure class='gallery-item'>\n\t\t\t<div class='gallery-icon landscape'>\n\t\t\t\t<a href='https:\/\/icac.cat\/en\/cat-logo-web-2\/'><img data-attachment-id=\"73195\" data-orig-file=\"https:\/\/icac.cat\/wp-content\/uploads\/2021\/11\/CAT-logo-web.png\" data-orig-size=\"408,123\" data-comments-opened=\"0\" data-image-meta=\"{&quot;aperture&quot;:&quot;0&quot;,&quot;credit&quot;:&quot;&quot;,&quot;camera&quot;:&quot;&quot;,&quot;caption&quot;:&quot;&quot;,&quot;created_timestamp&quot;:&quot;0&quot;,&quot;copyright&quot;:&quot;&quot;,&quot;focal_length&quot;:&quot;0&quot;,&quot;iso&quot;:&quot;0&quot;,&quot;shutter_speed&quot;:&quot;0&quot;,&quot;title&quot;:&quot;&quot;,&quot;orientation&quot;:&quot;0&quot;,&quot;keywords&quot;:&quot;Array&quot;}\" data-image-title=\"CAT logo web\" data-image-description=\"\" data-medium-file=\"https:\/\/icac.cat\/wp-content\/uploads\/2021\/11\/CAT-logo-web-400x121.png\" data-large-file=\"https:\/\/icac.cat\/wp-content\/uploads\/2021\/11\/CAT-logo-web.png\" width=\"400\" height=\"121\" src=\"https:\/\/icac.cat\/wp-content\/uploads\/2021\/11\/CAT-logo-web-400x121.png\" class=\"attachment-medium size-medium\" alt=\"\" loading=\"lazy\" srcset=\"https:\/\/icac.cat\/wp-content\/uploads\/2021\/11\/CAT-logo-web-400x121.png 400w, https:\/\/icac.cat\/wp-content\/uploads\/2021\/11\/CAT-logo-web.png 408w\" sizes=\"(max-width: 400px) 100vw, 400px\" \/><\/a>\n\t\t\t<\/div><\/figure>\n\t\t<\/div>\n\n<p>&nbsp;<\/p>\n<h5>Not\u00edcies relacionades:<\/h5>\n<p><a href=\"https:\/\/icac.cat\/actualitat\/noticies\/2021\/investigadors-de-licac-identifiquen-el-primitiu-aqueducte-de-tarraco-que-duia-laigua-del-riu-francoli-sense-necessitat-del-pont-de-les-ferreres\/\" target=\"_blank\" rel=\"noopener\">\u00abInvestigadors de l\u2019ICAC identifiquen el primitiu aq\u00fceducte de T\u00e0rraco, que duia l\u2019aigua del riu Francol\u00ed sense necessitat del Pont de les Ferreres\u00bb<\/a>, <em>ICAC<\/em>, 11 de novembre de 2021.<\/p>\n<p><a href=\"https:\/\/icac.cat\/actualitat\/noticies\/2021\/possible-forn-roma-relacionat-amb-la-construccio-de-laqueducte-roma-del-francoli\/\">\u00abPossible forn rom\u00e0 relacionat amb la construcci\u00f3 de l\u2019aq\u00fceducte rom\u00e0 del Francol\u00ed\u00bb,<\/a> <em>ICAC<\/em>, 3 de maig de 2021.<\/p>\n<p><a href=\"https:\/\/icac.cat\/actualitat\/noticies\/2021\/comencen-les-prospeccions-arqueologiques-a-laqueducte-roma-del-francoli\/\">\u00abComencen les prospeccions arqueol\u00f2giques a l\u2019aq\u00fceducte rom\u00e0 del Francol\u00ed\u00bb<\/a>, <em>ICAC<\/em>, 22 de mar\u00e7 de 2021.<\/p>\n<p><a href=\"https:\/\/icac.cat\/actualitat\/noticies\/2021\/els-romans-captaven-aigua-a-puigpelat-a-mes-del-riu-gaia-les-noves-excavacions-confirmen-la-connexio-de-dos-aqueductes-diferents\/\">\u00abEls romans captaven aigua a Puigpelat, a m\u00e9s del riu Gai\u00e0. Les noves excavacions confirmen la connexi\u00f3 de dos aq\u00fceductes diferents\u00bb<\/a>, <em>ICAC<\/em>, 14 de gener de 2021.<\/p>\n<p><a href=\"https:\/\/icac.cat\/actualitat\/noticies\/2019\/posem-al-descobert-un-nou-tram-de-laqueducte-del-gaia-al-terme-dels-pallaresos\/\">\u00abPosem al descobert un nou tram de l\u2019aq\u00fceducte del Gai\u00e0 al terme dels Pallaresos\u00bb<\/a>, <em>ICAC<\/em>, 15 de novembre de 2019.<\/p>\n<p><a href=\"https:\/\/icac.cat\/actualitat\/noticies\/2019\/nou-projecte-de-recerca-per-a-localitzar-i-documentar-laqueducte-del-gaia-el-mes-gran-construit-pels-romans-a-catalunya\/\">\u00abNou projecte de recerca per a localitzar i documentar l\u2019aq\u00fceducte del Gai\u00e0, el m\u00e9s gran constru\u00eft pels romans a Catalunya\u00bb<\/a>, <em>ICAC<\/em>, 7 de juny de 2019.<\/p>\n<p><a href=\"https:\/\/icac.cat\/actualitat\/noticies\/2018\/els-alcaldes-del-gaia-i-licac-suneixen-per-estudiar-els-aqueductes-romans\/\">\u00abEls alcaldes del Gai\u00e0 i l\u2019ICAC s\u2019uneixen per estudiar els aq\u00fceductes romans\u00bb<\/a>, <em>ICAC<\/em>, 23 de febrer de 2018.<\/p>\n<p>&nbsp;<\/p>\n<p>&nbsp;<\/p>\n","protected":false},"excerpt":{"rendered":"<p>The ICAC research project on the Roman aqueducts of Tarraco, led by Jordi L\u00f3pez Vilar, has been awarded by the Tarragona City Council with the Tarraco Award, in recognition of its work in publicizing this important piece of the archaeological site of Tarraco. Tarragona City Council welcomed November 30, 2021, the XI Tarraco Award event, [&hellip;]<\/p>\n","protected":false},"author":160,"featured_media":73606,"comment_status":"closed","ping_status":"closed","sticky":false,"template":"","format":"standard","meta":{"_genesis_hide_title":false,"_genesis_hide_breadcrumbs":false,"_genesis_hide_singular_image":false,"_genesis_hide_footer_widgets":false,"_genesis_custom_body_class":"","_genesis_custom_post_class":"","_genesis_layout":""},"categories":[322],"tags":[],"_links":{"self":[{"href":"https:\/\/icac.cat\/en\/wp-json\/wp\/v2\/posts\/73678"}],"collection":[{"href":"https:\/\/icac.cat\/en\/wp-json\/wp\/v2\/posts"}],"about":[{"href":"https:\/\/icac.cat\/en\/wp-json\/wp\/v2\/types\/post"}],"author":[{"embeddable":true,"href":"https:\/\/icac.cat\/en\/wp-json\/wp\/v2\/users\/160"}],"replies":[{"embeddable":true,"href":"https:\/\/icac.cat\/en\/wp-json\/wp\/v2\/comments?post=73678"}],"version-history":[{"count":5,"href":"https:\/\/icac.cat\/en\/wp-json\/wp\/v2\/posts\/73678\/revisions"}],"predecessor-version":[{"id":73741,"href":"https:\/\/icac.cat\/en\/wp-json\/wp\/v2\/posts\/73678\/revisions\/73741"}],"wp:featuredmedia":[{"embeddable":true,"href":"https:\/\/icac.cat\/en\/wp-json\/wp\/v2\/media\/73606"}],"wp:attachment":[{"href":"https:\/\/icac.cat\/en\/wp-json\/wp\/v2\/media?parent=73678"}],"wp:term":[{"taxonomy":"category","embeddable":true,"href":"https:\/\/icac.cat\/en\/wp-json\/wp\/v2\/categories?post=73678"},{"taxonomy":"post_tag","embeddable":true,"href":"https:\/\/icac.cat\/en\/wp-json\/wp\/v2\/tags?post=73678"}],"curies":[{"name":"wp","href":"https:\/\/api.w.org\/{rel}","templated":true}]}}