{"id":84431,"date":"2023-03-24T12:35:16","date_gmt":"2023-03-24T11:35:16","guid":{"rendered":"https:\/\/icac.cat\/?p=84431"},"modified":"2023-03-24T13:19:50","modified_gmt":"2023-03-24T12:19:50","slug":"costa-de-la-serra-2023","status":"publish","type":"post","link":"https:\/\/icac.cat\/en\/actualitat\/noticies\/2023\/costa-de-la-serra-2023\/","title":{"rendered":"Archaeological works in the Roman fort of Costa de la Serra (La Secuita, Tarragona) reveal the north wall of the site"},"content":{"rendered":"<div>\n<h6>El ICAC ha llevado a cabo una <a href=\"https:\/\/icac.cat\/es\/actualitat\/noticies\/2023\/inicio-costa-de-la-serra-2023\/\" target=\"_blank\" rel=\"noopener\">campa\u00f1a arqueol\u00f3gica en el yacimiento tardorrepublicano de Costa de la Serra<\/a> (La Secuita, Tarragona) con el objetivo de delimitar, excavar e interpretar una depresi\u00f3n de grandes dimensiones situada al norte del asentamiento.<\/h6>\n<p lang=\"ca-ES\">La intervenci\u00f3n ha contado con la participaci\u00f3n de investigadores y t\u00e9cnicos del ICAC y estudiantes del <a href=\"https:\/\/icac.cat\/es\/formacion\/master-arqueologia-clasica-aplicada\/\" target=\"_blank\" rel=\"noopener\">M\u00e1ster interuniversitario en Arqueolog\u00eda Cl\u00e1sica Aplicada (URV-ICAC-UAB)<\/a>, y ha contado con el apoyo econ\u00f3mico del <a href=\"https:\/\/www.lasecuita.cat\/\" target=\"_blank\" rel=\"noopener\">Ayuntamiento de la Secuita<\/a> y el <a href=\"https:\/\/cultura.gencat.cat\/ca\/inici\" target=\"_blank\" rel=\"noopener\">Departamento de Cultura de la Generalitat de Catalunya<\/a>.<\/p>\n<p lang=\"ca-ES\">El yacimiento de Costa de la Serra se excava desde 2015. Las diferentes campa\u00f1as arqueol\u00f3gicas han permitido identificar <strong>un asentamiento fortificado que data de entre el \u00faltimo tercio del siglo II a. C. y el primer tercio del siglo I a. C.<\/strong>\u00a0Fue con los trabajos de 2021 que se document\u00f3 por primera vez la gran depresi\u00f3n que este a\u00f1o se ha excavado: un gran agujero recortado en el terreno natural que, como primera hip\u00f3tesis, se plante\u00f3 que podr\u00eda tratarse de una cisterna de grandes dimensiones.<\/p>\n<figure id=\"attachment_84398\" aria-describedby=\"caption-attachment-84398\" style=\"width: 790px\" class=\"wp-caption aligncenter\"><img loading=\"lazy\" class=\"size-large wp-image-84398\" src=\"https:\/\/icac.cat\/wp-content\/uploads\/2023\/03\/Costa-de-la-Serra-2023_fi-de-campanya-2-1024x461.jpg\" alt=\"\" width=\"790\" height=\"356\" srcset=\"https:\/\/icac.cat\/wp-content\/uploads\/2023\/03\/Costa-de-la-Serra-2023_fi-de-campanya-2-1024x461.jpg 1024w, https:\/\/icac.cat\/wp-content\/uploads\/2023\/03\/Costa-de-la-Serra-2023_fi-de-campanya-2-400x180.jpg 400w, https:\/\/icac.cat\/wp-content\/uploads\/2023\/03\/Costa-de-la-Serra-2023_fi-de-campanya-2-768x346.jpg 768w, https:\/\/icac.cat\/wp-content\/uploads\/2023\/03\/Costa-de-la-Serra-2023_fi-de-campanya-2-1536x691.jpg 1536w, https:\/\/icac.cat\/wp-content\/uploads\/2023\/03\/Costa-de-la-Serra-2023_fi-de-campanya-2-2048x922.jpg 2048w\" sizes=\"(max-width: 790px) 100vw, 790px\" \/><figcaption id=\"caption-attachment-84398\" class=\"wp-caption-text\">Vista general de los miembros del equipo excavando dentro de la gran depresi\u00f3n localizada en la colina en la que se ubica el yacimiento. Foto: ICAC (CC 4.0).<\/figcaption><\/figure>\n<p lang=\"ca-ES\">Seg\u00fan las hip\u00f3tesis que barajan los investigadores, el fort\u00edn podr\u00eda estar relacionado con la conquista y pacificaci\u00f3n del noreste peninsular para, despu\u00e9s de cumplir su funci\u00f3n, ser desmontado de forma deliberada. El yacimiento fue descubierto por el arque\u00f3logo Marc Dalmau, vecino de Argilaga y antiguo alumno del anterior m\u00e1ster de Arqueolog\u00eda Cl\u00e1sica (URV-ICAC-UAB).<\/p>\n<p lang=\"ca-ES\">La reciente intervenci\u00f3n del ICAC ha permitido concretar que la depresi\u00f3n mide unos 20 m de di\u00e1metro, con una potencia m\u00e1xima de 3 m respecto a la cota de cultivo actual. <strong>Las tareas de delimitaci\u00f3n de la depresi\u00f3n han permitido poner al descubierto la muralla norte del asentamiento<\/strong>, hecha con sillares y piedras trabajadas de tama\u00f1o medio y con la misma orientaci\u00f3n que la fachada meridional. El hallazgo de este l\u00edmite del recinto ser\u00e1 de vital importancia para conocer las dimensiones aproximadas del fort\u00edn (en torno a los 2.000 m2) y proponer su restituci\u00f3n.<\/p>\n<p lang=\"ca-ES\">Por ello, el ICAC se plantea realizar <strong>nuevas intervenciones con el objetivo de comprobar el grado de conservaci\u00f3n de este sector de la muralla<\/strong> e intentar excavar los posibles restos arqueol\u00f3gicos en el interior del recinto.<\/p>\n<div data-carousel-extra='{\"blog_id\":1,\"permalink\":\"https:\\\/\\\/icac.cat\\\/en\\\/actualitat\\\/noticies\\\/2023\\\/costa-de-la-serra-2023\\\/\"}' class=\"tiled-gallery type-square\" data-original-width=\"790\"><div class=\"tiled-gallery-item\"><a border=\"0\" href=\"https:\/\/icac.cat\/en\/actualitat\/noticies\/2023\/costa-de-la-serra-2023\/costa-de-la-serra-2023_fi-de-campanya-3-2\/\"><img data-attachment-id=\"84403\" data-orig-file=\"https:\/\/icac.cat\/wp-content\/uploads\/2023\/03\/Costa-de-la-Serra-2023_fi-de-campanya-3-scaled-e1679656946190.jpg\" data-orig-size=\"2560,1920\" data-comments-opened=\"0\" data-image-meta=\"{&quot;aperture&quot;:&quot;0&quot;,&quot;credit&quot;:&quot;&quot;,&quot;camera&quot;:&quot;&quot;,&quot;caption&quot;:&quot;&quot;,&quot;created_timestamp&quot;:&quot;0&quot;,&quot;copyright&quot;:&quot;&quot;,&quot;focal_length&quot;:&quot;0&quot;,&quot;iso&quot;:&quot;0&quot;,&quot;shutter_speed&quot;:&quot;0&quot;,&quot;title&quot;:&quot;&quot;,&quot;orientation&quot;:&quot;0&quot;}\" data-image-title=\"Costa de la Serra 2023_fi de campanya (3)\" data-image-description=\"\" data-medium-file=\"https:\/\/icac.cat\/wp-content\/uploads\/2023\/03\/Costa-de-la-Serra-2023_fi-de-campanya-3-400x300.jpg\" data-large-file=\"https:\/\/icac.cat\/wp-content\/uploads\/2023\/03\/Costa-de-la-Serra-2023_fi-de-campanya-3-1024x768.jpg\" style=\"margin: 2px\" src=\"https:\/\/icac.cat\/wp-content\/uploads\/2023\/03\/Costa-de-la-Serra-2023_fi-de-campanya-3-scaled-e1679656946190-390x390.jpg\" width=390 height=390 title=\"Costa de la Serra 2023_fi de campanya (3)\" \/><\/a><div class=\"tiled-gallery-caption\"> Vista general de la intervenci\u00f3 un cop finalitzada l\u2019excavaci\u00f3, on es pot observar els 3 m de difer\u00e8ncia entre el s\u00f2l agr\u00edcola i el fons de la depressi\u00f3. <\/div><\/div><div class=\"tiled-gallery-item\"><a border=\"0\" href=\"https:\/\/icac.cat\/en\/actualitat\/noticies\/2023\/costa-de-la-serra-2023\/costa-de-la-serra-2023_fi-de-campanya-4-2\/\"><img data-attachment-id=\"84406\" data-orig-file=\"https:\/\/icac.cat\/wp-content\/uploads\/2023\/03\/Costa-de-la-Serra-2023_fi-de-campanya-4-scaled.jpg\" data-orig-size=\"2560,1920\" data-comments-opened=\"0\" data-image-meta=\"{&quot;aperture&quot;:&quot;0&quot;,&quot;credit&quot;:&quot;&quot;,&quot;camera&quot;:&quot;&quot;,&quot;caption&quot;:&quot;&quot;,&quot;created_timestamp&quot;:&quot;0&quot;,&quot;copyright&quot;:&quot;&quot;,&quot;focal_length&quot;:&quot;0&quot;,&quot;iso&quot;:&quot;0&quot;,&quot;shutter_speed&quot;:&quot;0&quot;,&quot;title&quot;:&quot;&quot;,&quot;orientation&quot;:&quot;0&quot;}\" data-image-title=\"Costa de la Serra 2023_fi de campanya (4)\" data-image-description=\"\" data-medium-file=\"https:\/\/icac.cat\/wp-content\/uploads\/2023\/03\/Costa-de-la-Serra-2023_fi-de-campanya-4-400x300.jpg\" data-large-file=\"https:\/\/icac.cat\/wp-content\/uploads\/2023\/03\/Costa-de-la-Serra-2023_fi-de-campanya-4-1024x768.jpg\" style=\"margin: 2px\" src=\"https:\/\/icac.cat\/wp-content\/uploads\/2023\/03\/Costa-de-la-Serra-2023_fi-de-campanya-4-scaled-390x390.jpg\" width=390 height=390 title=\"Costa de la Serra 2023_fi de campanya (4)\" \/><\/a><div class=\"tiled-gallery-caption\"> Vista general de la intervenci\u00f3 un cop finalitzada l\u2019excavaci\u00f3, on es pot observar els 3 m de difer\u00e8ncia entre el s\u00f2l agr\u00edcola i el fons de la depressi\u00f3. <\/div><\/div><\/div>\n<p lang=\"ca-ES\">Teniendo en cuenta que el recorte es demasiado irregular para tratarse de una balsa y que han aparecido varias marcas documentadas en la roca natural (posiblemente resultado de la extracci\u00f3n de piedra), los investigadores descartan la hip\u00f3tesis inicial de que se tratara de una cisterna y, con los nuevos resultados, interpretan que <strong>el uso del recorte estar\u00eda relacionado con el de cantera<\/strong>, para construir los edificios de asentamiento en el momento de su construcci\u00f3n. Posteriormente, este punto se habr\u00eda rellenado con el paso de tiempo, vertiendo principalmente tierra y objetos en desuso, como cer\u00e1micas rotas, y piedras.<\/p>\n<div class=\"highlight-block\">\n<p lang=\"ca-ES\">En el mismo espacio se ha documentado tambi\u00e9n una zona de car\u00e1cter industrial, con un m\u00ednimo de <strong>dos estructuras de combusti\u00f3n<\/strong>. Estos dos hornos excavados, de funci\u00f3n a\u00fan desconocida, son de similares caracter\u00edsticas: planta circular, secci\u00f3n esf\u00e9rica y revestimiento con arcilla endurecida en las paredes.<\/p>\n<\/div>\n<\/div>\n<figure id=\"attachment_84410\" aria-describedby=\"caption-attachment-84410\" style=\"width: 790px\" class=\"wp-caption aligncenter\"><img loading=\"lazy\" class=\"size-large wp-image-84410\" src=\"https:\/\/icac.cat\/wp-content\/uploads\/2023\/03\/Costa-de-la-Serra-2023_fi-de-campanya-5-1024x768.jpg\" alt=\"\" width=\"790\" height=\"593\" srcset=\"https:\/\/icac.cat\/wp-content\/uploads\/2023\/03\/Costa-de-la-Serra-2023_fi-de-campanya-5-1024x768.jpg 1024w, https:\/\/icac.cat\/wp-content\/uploads\/2023\/03\/Costa-de-la-Serra-2023_fi-de-campanya-5-400x300.jpg 400w, https:\/\/icac.cat\/wp-content\/uploads\/2023\/03\/Costa-de-la-Serra-2023_fi-de-campanya-5-768x576.jpg 768w, https:\/\/icac.cat\/wp-content\/uploads\/2023\/03\/Costa-de-la-Serra-2023_fi-de-campanya-5-1536x1152.jpg 1536w, https:\/\/icac.cat\/wp-content\/uploads\/2023\/03\/Costa-de-la-Serra-2023_fi-de-campanya-5-2048x1536.jpg 2048w\" sizes=\"(max-width: 790px) 100vw, 790px\" \/><figcaption id=\"caption-attachment-84410\" class=\"wp-caption-text\">Vista cenital del segundo horno documentado en la \u00faltima campa\u00f1a en Costa de la Serra, una vez finalizada su excavaci\u00f3n. Foto: ICAC (CC 4.0).<\/figcaption><\/figure>\n<div>\n<p lang=\"ca-ES\">La investigaci\u00f3n en el yacimiento de la Costa de la Sierra (La Secuita) forma parte del proyecto cuatrienal de la Generalidad de Catalu\u00f1a titulado <a href=\"http:\/\/icac.cat\/es\/recerca\/projectes-de-recerca\/projecte\/cessetania-occidental-quadriennal-clt009-22-00012\/\" target=\"_blank\" rel=\"noopener noreferrer\" data-auth=\"NotApplicable\" data-loopstyle=\"link\" data-safelink=\"true\" data-linkindex=\"2\"><span lang=\"ca-ES\" data-contrast=\"none\"><span data-ccp-charstyle=\"Hyperlink\">\u201c<\/span><span data-ccp-charstyle=\"Hyperlink\">El territori d<\/span><span data-ccp-charstyle=\"Hyperlink\">e\u00a0<\/span><span data-ccp-charstyle=\"Hyperlink\">Cesset\u00e0nia<\/span><span data-ccp-charstyle=\"Hyperlink\">\u00a0occidental al primer mil\u00b7lenni aC: del bronze final a la romanitzaci\u00f3<\/span><span data-ccp-charstyle=\"Hyperlink\">\u201d<\/span><\/span><\/a> \u00a0(CLT009\/22 \/00012), liderado por la Dra. <a href=\"http:\/\/icac.cat\/es\/quienes-somos\/personal\/cbelarte\/\" target=\"_blank\" rel=\"noopener noreferrer\" data-auth=\"NotApplicable\" data-safelink=\"true\" data-linkindex=\"3\"><span lang=\"ca-ES\" data-contrast=\"none\"><span data-ccp-charstyle=\"Hyperlink\">Maria\u00a0<\/span><span data-ccp-charstyle=\"Hyperlink\">Ca<\/span><span data-ccp-charstyle=\"Hyperlink\">rme\u00a0<\/span><span data-ccp-charstyle=\"Hyperlink\">B<\/span><span data-ccp-charstyle=\"Hyperlink\">el<\/span><span data-ccp-charstyle=\"Hyperlink\">arte<\/span><\/span><\/a> (ICREA-ICAC) y el Dr. <a href=\"http:\/\/icac.cat\/es\/quienes-somos\/personal\/jcanela\/\" target=\"_blank\" rel=\"noopener noreferrer\" data-auth=\"NotApplicable\" data-safelink=\"true\" data-linkindex=\"4\"><span lang=\"ca-ES\" data-contrast=\"none\"><span data-ccp-charstyle=\"Hyperlink\">J<\/span><span data-ccp-charstyle=\"Hyperlink\">oan\u00a0<\/span><span data-ccp-charstyle=\"Hyperlink\">C<\/span><span data-ccp-charstyle=\"Hyperlink\">a<\/span><span data-ccp-charstyle=\"Hyperlink\">nela<\/span><\/span><\/a> (ICAC).<\/p>\n<p lang=\"ca-ES\">\n<\/div>\n<figure id=\"attachment_84413\" aria-describedby=\"caption-attachment-84413\" style=\"width: 790px\" class=\"wp-caption aligncenter\"><img loading=\"lazy\" class=\"size-large wp-image-84413\" src=\"https:\/\/icac.cat\/wp-content\/uploads\/2023\/03\/Costa-de-la-Serra-2023_fi-de-campanya-6-1024x768.jpg\" alt=\"\" width=\"790\" height=\"593\" srcset=\"https:\/\/icac.cat\/wp-content\/uploads\/2023\/03\/Costa-de-la-Serra-2023_fi-de-campanya-6-1024x768.jpg 1024w, https:\/\/icac.cat\/wp-content\/uploads\/2023\/03\/Costa-de-la-Serra-2023_fi-de-campanya-6-400x300.jpg 400w, https:\/\/icac.cat\/wp-content\/uploads\/2023\/03\/Costa-de-la-Serra-2023_fi-de-campanya-6-768x576.jpg 768w, https:\/\/icac.cat\/wp-content\/uploads\/2023\/03\/Costa-de-la-Serra-2023_fi-de-campanya-6-1536x1152.jpg 1536w, https:\/\/icac.cat\/wp-content\/uploads\/2023\/03\/Costa-de-la-Serra-2023_fi-de-campanya-6-2048x1536.jpg 2048w\" sizes=\"(max-width: 790px) 100vw, 790px\" \/><figcaption id=\"caption-attachment-84413\" class=\"wp-caption-text\">Un fragmento del l\u00edmite norte del yacimiento, localizado en al sur de la gran depresi\u00f3n. Foto: ICAC (CC 4.0).<\/figcaption><\/figure>\n<div><\/div>\n","protected":false},"excerpt":{"rendered":"<p>El ICAC ha llevado a cabo una campa\u00f1a arqueol\u00f3gica en el yacimiento tardorrepublicano de Costa de la Serra (La Secuita, Tarragona) con el objetivo de delimitar, excavar e interpretar una depresi\u00f3n de grandes dimensiones situada al norte del asentamiento. La intervenci\u00f3n ha contado con la participaci\u00f3n de investigadores y t\u00e9cnicos del ICAC y estudiantes del [&hellip;]<\/p>\n","protected":false},"author":160,"featured_media":84396,"comment_status":"closed","ping_status":"closed","sticky":false,"template":"","format":"standard","meta":{"_genesis_hide_title":false,"_genesis_hide_breadcrumbs":false,"_genesis_hide_singular_image":false,"_genesis_hide_footer_widgets":false,"_genesis_custom_body_class":"","_genesis_custom_post_class":"","_genesis_layout":""},"categories":[328,342,334,330,333],"tags":[982,1022,1026,777],"_links":{"self":[{"href":"https:\/\/icac.cat\/en\/wp-json\/wp\/v2\/posts\/84431"}],"collection":[{"href":"https:\/\/icac.cat\/en\/wp-json\/wp\/v2\/posts"}],"about":[{"href":"https:\/\/icac.cat\/en\/wp-json\/wp\/v2\/types\/post"}],"author":[{"embeddable":true,"href":"https:\/\/icac.cat\/en\/wp-json\/wp\/v2\/users\/160"}],"replies":[{"embeddable":true,"href":"https:\/\/icac.cat\/en\/wp-json\/wp\/v2\/comments?post=84431"}],"version-history":[{"count":1,"href":"https:\/\/icac.cat\/en\/wp-json\/wp\/v2\/posts\/84431\/revisions"}],"predecessor-version":[{"id":84433,"href":"https:\/\/icac.cat\/en\/wp-json\/wp\/v2\/posts\/84431\/revisions\/84433"}],"wp:featuredmedia":[{"embeddable":true,"href":"https:\/\/icac.cat\/en\/wp-json\/wp\/v2\/media\/84396"}],"wp:attachment":[{"href":"https:\/\/icac.cat\/en\/wp-json\/wp\/v2\/media?parent=84431"}],"wp:term":[{"taxonomy":"category","embeddable":true,"href":"https:\/\/icac.cat\/en\/wp-json\/wp\/v2\/categories?post=84431"},{"taxonomy":"post_tag","embeddable":true,"href":"https:\/\/icac.cat\/en\/wp-json\/wp\/v2\/tags?post=84431"}],"curies":[{"name":"wp","href":"https:\/\/api.w.org\/{rel}","templated":true}]}}