{"id":84642,"date":"2023-04-03T12:09:03","date_gmt":"2023-04-03T10:09:03","guid":{"rendered":"https:\/\/icac.cat\/?p=84642"},"modified":"2023-04-03T13:26:29","modified_gmt":"2023-04-03T11:26:29","slug":"xvii-curs-arqueologia-iesso","status":"publish","type":"post","link":"https:\/\/icac.cat\/en\/actualitat\/noticies\/2023\/xvii-curs-arqueologia-iesso\/","title":{"rendered":"Nova edici\u00f3 del Curs d\u2019Arqueologia Ciutat romana de Iesso: inscripci\u00f3 oberta!"},"content":{"rendered":"<div class=\"et_pb_module et_pb_text et_pb_text_1 et_pb_text_align_left et_pb_bg_layout_light\">\n<div class=\"et_pb_text_inner\">\n<p>Del <strong>3 al 14 de juliol<\/strong> de 2023 tindr\u00e0 lloc la XVII edici\u00f3 del <a href=\"https:\/\/museudeguissona.cat\/curs-darqueologia-ciutat-romana-de-iesso\/\" target=\"_blank\" rel=\"noopener\"><strong>Curs d\u2019arqueologia Ciutat romana de <em>Iesso<\/em><\/strong><\/a>, que organitzen el <a href=\"https:\/\/museudeguissona.cat\/inici\/\" target=\"_blank\" rel=\"noopener\">Museu de Guissona<\/a> i la <a href=\"https:\/\/www.uab.cat\/web\/universitat-autonoma-de-barcelona-1345467950436.html\" target=\"_blank\" rel=\"noopener\">Universitat Aut\u00f2noma de Barcelona<\/a> amb la participaci\u00f3 de l&#8217;<a href=\"https:\/\/icac.cat\/\" target=\"_blank\" rel=\"noopener\">ICAC<\/a>, l&#8217;<a href=\"http:\/\/www.guissona.cat\/\" target=\"_blank\" rel=\"noopener\">Ajuntament de Guissona<\/a> i l&#8217;<a href=\"https:\/\/www.iec.cat\/activitats\/entrada.asp\" target=\"_blank\" rel=\"noopener\">Institut d&#8217;Estudis Catalans<\/a>, al <a href=\"https:\/\/museudeguissona.cat\/historia-recerca-parc-arqueologic\/\" target=\"_blank\" rel=\"noopener\">Parc Arqueol\u00f2gic de Guissona<\/a> (La Segarra).<\/p>\n<p>Durant dues setmanes persones estudiants, llicenciades, graduades o interessades en el m\u00f3n de l\u2019arqueologia podran participar en el proc\u00e9s d\u2019excavaci\u00f3 d\u2019una ciutat romana. El curs permetr\u00e0\u00a0 aprofundir en el m\u00e8tode de recerca arqueol\u00f2gica i en el coneixement de la implantaci\u00f3 de la cultura romana a la Catalunya interior.<\/p>\n<p>El programa del curs inclou\u00a0<strong>pr\u00e0ctiques<\/strong> de camp al parc arqueol\u00f2gic de\u00a0<em>Iesso <\/em>(Guissona),\u00a0<strong>confer\u00e8ncies<\/strong>,\u00a0<strong>visites<\/strong>\u00a0guiades a diferents espais i jaciments, i\u00a0<strong>activitats pr\u00e0ctiques<\/strong>\u00a0(com neteja i siglatge de material arqueol\u00f2gic).<\/p>\n<div class=\"highlight-block\">\n<p style=\"text-align: center;\">Del 3 al 14 de juliol, Guissona.<\/p>\n<p style=\"text-align: center;\">Consulta aqu\u00ed el <strong><a href=\"https:\/\/icac.cat\/wp-content\/uploads\/2023\/04\/XVII-Curs-darqueologia-programa.pdf\" target=\"_blank\" rel=\"noopener\">programa<\/a> <\/strong>complet del curs<\/p>\n<\/div>\n<h6><\/h6>\n<h5>Participa!<\/h5>\n<p><span class=\"JsGRdQ\">Per a participar al <\/span><span class=\"JsGRdQ\">XVII Curs d\u2019Arqueologia Ciutat romana de Iesso <\/span><span class=\"JsGRdQ\">cal omplir el <a href=\"https:\/\/museudeguissona.cat\/curs-darqueologia-ciutat-romana-de-iesso\/\" target=\"_blank\" rel=\"noopener\">formulari d&#8217;inscripci\u00f3<\/a> que trobareu a la <a href=\"https:\/\/museudeguissona.cat\/curs-darqueologia-ciutat-romana-de-iesso\/\" target=\"_blank\" rel=\"noopener\">web del Museu<\/a> i enviar\u00a0 l\u2019expedient acad\u00e8mic i el Curriculum Vitae a l\u2019adre\u00e7a museu@guissona.cat<\/span><span class=\"JsGRdQ\">, abans del <\/span><span class=\"JsGRdQ\"><strong>21 de maig<\/strong> de 2023<\/span><span class=\"JsGRdQ\">.\u00a0<\/span><span class=\"JsGRdQ\">L\u2019organitzaci\u00f3 del curs comunicar\u00e0 a les persones sol\u00b7licitants el resultat del proc\u00e9s de selecci\u00f3 <\/span><span class=\"JsGRdQ\">a principis de juny de 2023.<\/span><\/p>\n<p>El curs \u00e9s gratu\u00eft. Places limitades!<\/p>\n<div class=\"highlight-block\">\n<p style=\"text-align: center;\"><strong>El termini de preinscripci\u00f3 finalitza el 21 de maig!<\/strong><\/p>\n<p style=\"text-align: center;\">Consulta aqu\u00ed el <strong><a href=\"https:\/\/icac.cat\/wp-content\/uploads\/2023\/04\/XVII-Curs-darqueologia-programa.pdf\" target=\"_blank\" rel=\"noopener\">programa<\/a> <\/strong>complet del curs<\/p>\n<p style=\"text-align: center;\"><a href=\"https:\/\/museudeguissona.cat\/curs-darqueologia-ciutat-romana-de-iesso\/\" target=\"_blank\" rel=\"noopener\"><em>m\u00e9s informaci\u00f3<\/em><\/a><\/p>\n<\/div>\n<\/div>\n<h5><\/h5>\n<div class=\"et_pb_text_inner\">\n<div class=\"et_pb_module et_pb_text et_pb_text_1 et_pb_text_align_left et_pb_bg_layout_light\">\n<div class=\"et_pb_text_inner\">\n<p class=\"_04xlpA direction-ltr align-center para-style-heading3\"><span style=\"color: #433030; font-family: 'Noto Serif', serif; font-size: 20px; font-weight: bold;\">El Parc Arqueol\u00f2gic de la Ciutat Romana de Iesso (Guissona, la Segarra)<\/span><\/p>\n<\/div>\n<\/div>\n<\/div>\n<\/div>\n<p>Les primeres excavacions arqueol\u00f2giques es van realitzar l\u2019any 1933, tot i que ja al segle XVI, els erudits tenien identificada la ciutat de <em>Iesso<\/em>. La primera intervenci\u00f3 arqueol\u00f2gica, els anys trenta, va ser portada a terme pel Servei d\u2019Investigacions de l\u2019Institut d\u2019Estudis Catalans i dirigida per Josep Colomines. Es va tractar d\u2019una excavaci\u00f3 preventiva, arran de la troballa espor\u00e0dica de construccions i cer\u00e0miques antigues a la pla\u00e7a del Vell- Pla de Guissona que es van datar del bronze final i de la primera edat del ferro.<\/p>\n<p>Despr\u00e9s d\u2019aquesta excavaci\u00f3 hi va haver un llarg per\u00edode de gaireb\u00e9 40 anys, en qu\u00e8 no es van portar a terme excavacions sistem\u00e0tiques i \u00e9s el moment en qu\u00e8 habitants de Guissona van recollir peces diverses, algunes de gran valor arqueol\u00f2gic.<\/p>\n<p>L\u2019activitat arqueol\u00f2gica va tornar el 1975, arran d\u2019unes troballes en uns camps de conreu situats al nord de la poblaci\u00f3. Les restes descobertes es van interpretar com a part d\u2019un edifici termal d\u2019\u00e8poca romana, per\u00f2 l\u2019excavaci\u00f3 no va poder ser completada en aquell moment, i \u00e9s actualment quan s\u2019est\u00e0 treballant en aquesta zona. L\u2019excavaci\u00f3 els anys 70 va continuar en d\u2019altres punts del jaciment i aix\u00ed es van obtenir les primeres seq\u00fc\u00e8ncies estratigr\u00e0fiques i una primera aproximaci\u00f3 cronol\u00f2gica de la ciutat. A m\u00e9s, es va evidenciar que una part de la ciutat romana restava sota de zones no urbanitzades i camps de conreu.<\/p>\n<p><a href=\"https:\/\/museudeguissona.cat\/historia-recerca-parc-arqueologic\/\" target=\"_blank\" rel=\"noopener\"><em>M\u00e9s informaci\u00f3<\/em><\/a><\/p>\n<p><a href=\"https:\/\/icac.cat\/wp-content\/uploads\/2022\/06\/CursGuissona2022_3_EquipIesso-1.jpg\"><img loading=\"lazy\" class=\"aligncenter size-full wp-image-78340\" src=\"https:\/\/icac.cat\/wp-content\/uploads\/2022\/06\/CursGuissona2022_3_EquipIesso-1.jpg\" alt=\"\" width=\"765\" height=\"664\" srcset=\"https:\/\/icac.cat\/wp-content\/uploads\/2022\/06\/CursGuissona2022_3_EquipIesso-1.jpg 765w, https:\/\/icac.cat\/wp-content\/uploads\/2022\/06\/CursGuissona2022_3_EquipIesso-1-400x347.jpg 400w\" sizes=\"(max-width: 765px) 100vw, 765px\" \/><\/a><\/p>\n<p>&nbsp;<\/p>\n<div class=\"highlight-block\">\n<p style=\"text-align: center;\">Consulta aqu\u00ed el <strong><a href=\"https:\/\/icac.cat\/wp-content\/uploads\/2023\/04\/XVII-Curs-darqueologia-programa.pdf\" target=\"_blank\" rel=\"noopener\">programa<\/a> <\/strong>complet del curs<\/p>\n<\/div>\n<p>&nbsp;<\/p>\n","protected":false},"excerpt":{"rendered":"<p>Del 3 al 14 de juliol de 2023 tindr\u00e0 lloc la XVII edici\u00f3 del Curs d\u2019arqueologia Ciutat romana de Iesso, que organitzen el Museu de Guissona i la Universitat Aut\u00f2noma de Barcelona amb la participaci\u00f3 de l&#8217;ICAC, l&#8217;Ajuntament de Guissona i l&#8217;Institut d&#8217;Estudis Catalans, al Parc Arqueol\u00f2gic de Guissona (La Segarra). Durant dues setmanes persones [&hellip;]<\/p>\n","protected":false},"author":160,"featured_media":84647,"comment_status":"closed","ping_status":"closed","sticky":false,"template":"","format":"standard","meta":{"_genesis_hide_title":false,"_genesis_hide_breadcrumbs":false,"_genesis_hide_singular_image":false,"_genesis_hide_footer_widgets":false,"_genesis_custom_body_class":"","_genesis_custom_post_class":"","_genesis_layout":""},"categories":[183,188,182,1],"tags":[413,301,391],"_links":{"self":[{"href":"https:\/\/icac.cat\/en\/wp-json\/wp\/v2\/posts\/84642"}],"collection":[{"href":"https:\/\/icac.cat\/en\/wp-json\/wp\/v2\/posts"}],"about":[{"href":"https:\/\/icac.cat\/en\/wp-json\/wp\/v2\/types\/post"}],"author":[{"embeddable":true,"href":"https:\/\/icac.cat\/en\/wp-json\/wp\/v2\/users\/160"}],"replies":[{"embeddable":true,"href":"https:\/\/icac.cat\/en\/wp-json\/wp\/v2\/comments?post=84642"}],"version-history":[{"count":4,"href":"https:\/\/icac.cat\/en\/wp-json\/wp\/v2\/posts\/84642\/revisions"}],"predecessor-version":[{"id":84654,"href":"https:\/\/icac.cat\/en\/wp-json\/wp\/v2\/posts\/84642\/revisions\/84654"}],"wp:featuredmedia":[{"embeddable":true,"href":"https:\/\/icac.cat\/en\/wp-json\/wp\/v2\/media\/84647"}],"wp:attachment":[{"href":"https:\/\/icac.cat\/en\/wp-json\/wp\/v2\/media?parent=84642"}],"wp:term":[{"taxonomy":"category","embeddable":true,"href":"https:\/\/icac.cat\/en\/wp-json\/wp\/v2\/categories?post=84642"},{"taxonomy":"post_tag","embeddable":true,"href":"https:\/\/icac.cat\/en\/wp-json\/wp\/v2\/tags?post=84642"}],"curies":[{"name":"wp","href":"https:\/\/api.w.org\/{rel}","templated":true}]}}