{"id":93619,"date":"2024-06-04T10:49:18","date_gmt":"2024-06-04T08:49:18","guid":{"rendered":"https:\/\/icac.cat\/?p=93619"},"modified":"2024-06-04T12:37:39","modified_gmt":"2024-06-04T10:37:39","slug":"cultur-monts-project-babia","status":"publish","type":"post","link":"https:\/\/icac.cat\/en\/actualitat\/noticies\/2024\/cultur-monts-project-babia\/","title":{"rendered":"2nd meeting of the European project Cultur-Monts delves into the cultural mountain landscapes of the region of Babia (Le\u00f3n)"},"content":{"rendered":"<h6>From June 2 to 5, the second meeting of the European project Cultur-Monts, financed by the Interreg-Sudoe program and led by ICAC-CERCA, is being held in Babia (Le\u00f3n).<\/h6>\n<p>During these days, several members of the consortium that makes up the Cultur-Monts project combine <strong>internal work sessions<\/strong> (corresponding to the different work groups planned for the deployment of the project) with <strong>field trips to learn first-hand about the heritage<\/strong> on which they will work the Cantabrian <em>pilot window<\/em>.<\/p>\n<p>The hosts of the meeting are the partners of the <span data-contrast=\"none\"><a href=\"https:\/\/www.incipit.csic.es\/\" target=\"_blank\" rel=\"noopener\">Instituto de Ciencias del Patrimonio (INCIPIT-CSIC)<\/a><\/span> and the NGO <span data-contrast=\"none\"><a href=\"https:\/\/www.babiabiosfera.es\/\" target=\"_blank\" rel=\"noopener\">Asociaci\u00f3n de la Reserva de la Biosfera de Babia<\/a><\/span>, who are joining the members of the consortium in the discovery of the cultural mountain landscapes of the region of Babia, specifically those located in the municipalities of San Emiliano and Cabrillanes (Le\u00f3n).<\/p>\n<div class=\"destacat-entrevista dreta\">\n<div class=\"small-text\">\n<p><span data-contrast=\"none\">GT2 has the mission and challenge of promoting the recovery, enhancement, and reactivation of collective memory, traditional knowledge, and the knowledge of the senior population of the different pilot windows that the project has open.<\/span><\/p>\n<\/div>\n<\/div>\n<p>El objetivo central del 2\u00ba Encuentro Cultur-Monts es la puesta en marcha del Grupo de Tareas 2 (GT2), que pone el foco en el empoderamiento de las comunidades locales y del territorio. El encuentro servir\u00e1 tambi\u00e9n para realizar el seguimiento de las acciones encomendadas al GT1 y que pon\u00edan el acento en la puesta en valor de los elementos patrimoniales. Asimismo, se adelantar\u00e1 en la puesta en marcha de las acciones previstas en el GT3, que se focaliza en la transferencia intersectorial de los recursos creados hacia el territorio.<\/p>\n<p>The main purpose of the 2nd Cultur-Monts Meeting is the launch of Task Group 2 (GT2), which focuses on empowering local communities and the territory. The meeting will also lead to monitoring the actions entrusted to GT1 which emphasizes enhancement of heritage elements. Likewise, the working team will move forward with the implementation of the actions planned in GT3, which focuses on the intersectoral transfer of the resources created to the territory.<\/p>\n<p style=\"text-align: center;\">You can <a href=\"https:\/\/icac.cat\/wp-content\/uploads\/2024\/06\/ESP-Programa-Babia.pdf\" target=\"_blank\" rel=\"noopener\">check the meeting program here<\/a>.<\/p>\n<div class=\"highlight-block\">\n<p>The first day of the 2nd Cultur-Monts Meeting took place at Casa de la Parada, in the interpretation centre <a href=\"https:\/\/www.turismocastillayleon.com\/es\/arte-cultura-patrimonio\/espacios-culturales\/centro-interpretacion-mastin-leones-caballo-hispano-breton\" target=\"_blank\" rel=\"noopener\">Centro de Interpretaci\u00f3n del Hispano-Bret\u00f3n y del Mast\u00edn Leon\u00e9s<\/a>, with the welcome of the mayors of San Emiliano and Cabrillanes (Le\u00f3n).<\/p>\n<\/div>\n<div data-carousel-extra='{\"blog_id\":1,\"permalink\":\"https:\\\/\\\/icac.cat\\\/en\\\/actualitat\\\/noticies\\\/2024\\\/cultur-monts-project-babia\\\/\"}' class=\"tiled-gallery type-rectangular\" data-original-width=\"790\"><div class=\"gallery-row\" style=\"width: 785px; height: 291px;\"><div class=\"gallery-group images-1\" style=\"width: 393px; height: 295px;\"><div class=\"tiled-gallery-item tiled-gallery-item-large\"><a href=\"https:\/\/icac.cat\/en\/actualitat\/noticies\/2024\/cultur-monts-project-babia\/2a-trobada-cultur-monts_giap_juny-2024_alcaldes-1-2\/\"><img data-attachment-id=\"93579\" data-orig-file=\"https:\/\/icac.cat\/wp-content\/uploads\/2024\/06\/2a-trobada-cultur-monts_giap_juny-2024_alcaldes-1.jpg\" data-orig-size=\"2048,1536\" data-comments-opened=\"0\" data-image-meta=\"{&quot;aperture&quot;:&quot;0&quot;,&quot;credit&quot;:&quot;&quot;,&quot;camera&quot;:&quot;&quot;,&quot;caption&quot;:&quot;&quot;,&quot;created_timestamp&quot;:&quot;0&quot;,&quot;copyright&quot;:&quot;&quot;,&quot;focal_length&quot;:&quot;0&quot;,&quot;iso&quot;:&quot;0&quot;,&quot;shutter_speed&quot;:&quot;0&quot;,&quot;title&quot;:&quot;&quot;,&quot;orientation&quot;:&quot;0&quot;}\" data-image-title=\"2a trobada cultur monts_giap_juny 2024_alcaldes (1)\" data-image-description=\"\" data-medium-file=\"https:\/\/icac.cat\/wp-content\/uploads\/2024\/06\/2a-trobada-cultur-monts_giap_juny-2024_alcaldes-1-400x300.jpg\" data-large-file=\"https:\/\/icac.cat\/wp-content\/uploads\/2024\/06\/2a-trobada-cultur-monts_giap_juny-2024_alcaldes-1-1024x768.jpg\" src=\"https:\/\/icac.cat\/wp-content\/uploads\/2024\/06\/2a-trobada-cultur-monts_giap_juny-2024_alcaldes-1-389x291.jpg\" width=\"389\" height=\"291\" align=\"left\" title=\"2a trobada cultur monts_giap_juny 2024_alcaldes (1)\" \/><\/a><\/div><\/div><div class=\"gallery-group images-1\" style=\"width: 392px; height: 295px;\"><div class=\"tiled-gallery-item tiled-gallery-item-large\"><a href=\"https:\/\/icac.cat\/en\/actualitat\/noticies\/2024\/cultur-monts-project-babia\/2a-trobada-cultur-monts_giap_juny-2024_alcaldes-2-2\/\"><img data-attachment-id=\"93582\" data-orig-file=\"https:\/\/icac.cat\/wp-content\/uploads\/2024\/06\/2a-trobada-cultur-monts_giap_juny-2024_alcaldes-2.jpg\" data-orig-size=\"2048,1536\" data-comments-opened=\"0\" data-image-meta=\"{&quot;aperture&quot;:&quot;0&quot;,&quot;credit&quot;:&quot;&quot;,&quot;camera&quot;:&quot;&quot;,&quot;caption&quot;:&quot;&quot;,&quot;created_timestamp&quot;:&quot;0&quot;,&quot;copyright&quot;:&quot;&quot;,&quot;focal_length&quot;:&quot;0&quot;,&quot;iso&quot;:&quot;0&quot;,&quot;shutter_speed&quot;:&quot;0&quot;,&quot;title&quot;:&quot;&quot;,&quot;orientation&quot;:&quot;0&quot;}\" data-image-title=\"2a trobada cultur monts_giap_juny 2024_alcaldes (2)\" data-image-description=\"\" data-medium-file=\"https:\/\/icac.cat\/wp-content\/uploads\/2024\/06\/2a-trobada-cultur-monts_giap_juny-2024_alcaldes-2-400x300.jpg\" data-large-file=\"https:\/\/icac.cat\/wp-content\/uploads\/2024\/06\/2a-trobada-cultur-monts_giap_juny-2024_alcaldes-2-1024x768.jpg\" src=\"https:\/\/icac.cat\/wp-content\/uploads\/2024\/06\/2a-trobada-cultur-monts_giap_juny-2024_alcaldes-2-388x291.jpg\" width=\"388\" height=\"291\" align=\"left\" title=\"2a trobada cultur monts_giap_juny 2024_alcaldes (2)\" \/><\/a><\/div><\/div><\/div><\/div>\n<p>&nbsp;<\/p>\n<div class=\"destacat-entrevista dreta\">\n<div class=\"small-text\">\n<p><span data-contrast=\"auto\">The 2nd meeting of the Cultur-Monts project brought together eight of the beneficiaries, in addition to the mayors and managers of the territory interested in the deployment of the project.<\/span><\/p>\n<\/div>\n<\/div>\n<p>One of the field trips served to see the study window located in the region where the INCIPIT-CSIC team, one of the project partners, works. The workshop consisted of learning about the problems of the area and discussing the deployment of the project in this area.<\/p>\n<p>Another working session will launch the project&#8217;s Task Groups, especially GT2 coordinated by INCIPIT-CSIC which deals with working with local communities to carry out transfer in a key way to empowerment.<\/p>\n<div data-carousel-extra='{\"blog_id\":1,\"permalink\":\"https:\\\/\\\/icac.cat\\\/en\\\/actualitat\\\/noticies\\\/2024\\\/cultur-monts-project-babia\\\/\"}' class=\"tiled-gallery type-circle\" data-original-width=\"790\"><div class=\"tiled-gallery-item\"><a border=\"0\" href=\"https:\/\/icac.cat\/en\/actualitat\/noticies\/2024\/cultur-monts-project-babia\/2a-trobada-cultur-monts_giap_juny-2024_sortida-de-camp-3-2\/\"><img data-attachment-id=\"93597\" data-orig-file=\"https:\/\/icac.cat\/wp-content\/uploads\/2024\/06\/2a-trobada-cultur-monts_giap_juny-2024_sortida-de-camp-3.jpg\" data-orig-size=\"1600,1200\" data-comments-opened=\"0\" data-image-meta=\"{&quot;aperture&quot;:&quot;0&quot;,&quot;credit&quot;:&quot;&quot;,&quot;camera&quot;:&quot;&quot;,&quot;caption&quot;:&quot;&quot;,&quot;created_timestamp&quot;:&quot;0&quot;,&quot;copyright&quot;:&quot;&quot;,&quot;focal_length&quot;:&quot;0&quot;,&quot;iso&quot;:&quot;0&quot;,&quot;shutter_speed&quot;:&quot;0&quot;,&quot;title&quot;:&quot;&quot;,&quot;orientation&quot;:&quot;0&quot;}\" data-image-title=\"2a trobada cultur monts_giap_juny 2024_sortida de camp (3)\" data-image-description=\"\" data-medium-file=\"https:\/\/icac.cat\/wp-content\/uploads\/2024\/06\/2a-trobada-cultur-monts_giap_juny-2024_sortida-de-camp-3-400x300.jpg\" data-large-file=\"https:\/\/icac.cat\/wp-content\/uploads\/2024\/06\/2a-trobada-cultur-monts_giap_juny-2024_sortida-de-camp-3-1024x768.jpg\" style=\"margin: 2px\" src=\"https:\/\/icac.cat\/wp-content\/uploads\/2024\/06\/2a-trobada-cultur-monts_giap_juny-2024_sortida-de-camp-3-784x784.jpg\" width=784 height=784 title=\"2a trobada cultur monts_giap_juny 2024_sortida de camp (3)\" \/><\/a><\/div><div class=\"tiled-gallery-item\"><a border=\"0\" href=\"https:\/\/icac.cat\/en\/actualitat\/noticies\/2024\/cultur-monts-project-babia\/2a-trobada-cultur-monts_giap_juny-2024_sortida-de-camp-1-2\/\"><img data-attachment-id=\"93591\" data-orig-file=\"https:\/\/icac.cat\/wp-content\/uploads\/2024\/06\/2a-trobada-cultur-monts_giap_juny-2024_sortida-de-camp-1.jpg\" data-orig-size=\"1600,1200\" data-comments-opened=\"0\" data-image-meta=\"{&quot;aperture&quot;:&quot;0&quot;,&quot;credit&quot;:&quot;&quot;,&quot;camera&quot;:&quot;&quot;,&quot;caption&quot;:&quot;&quot;,&quot;created_timestamp&quot;:&quot;0&quot;,&quot;copyright&quot;:&quot;&quot;,&quot;focal_length&quot;:&quot;0&quot;,&quot;iso&quot;:&quot;0&quot;,&quot;shutter_speed&quot;:&quot;0&quot;,&quot;title&quot;:&quot;&quot;,&quot;orientation&quot;:&quot;0&quot;}\" data-image-title=\"2a trobada cultur monts_giap_juny 2024_sortida de camp (1)\" data-image-description=\"\" data-medium-file=\"https:\/\/icac.cat\/wp-content\/uploads\/2024\/06\/2a-trobada-cultur-monts_giap_juny-2024_sortida-de-camp-1-400x300.jpg\" data-large-file=\"https:\/\/icac.cat\/wp-content\/uploads\/2024\/06\/2a-trobada-cultur-monts_giap_juny-2024_sortida-de-camp-1-1024x768.jpg\" style=\"margin: 2px\" src=\"https:\/\/icac.cat\/wp-content\/uploads\/2024\/06\/2a-trobada-cultur-monts_giap_juny-2024_sortida-de-camp-1-259x259.jpg\" width=259 height=259 title=\"2a trobada cultur monts_giap_juny 2024_sortida de camp (1)\" \/><\/a><\/div><div class=\"tiled-gallery-item\"><a border=\"0\" href=\"https:\/\/icac.cat\/en\/actualitat\/noticies\/2024\/cultur-monts-project-babia\/2a-trobada-cultur-monts_giap_juny-2024_sortida-de-camp-2-2\/\"><img data-attachment-id=\"93594\" data-orig-file=\"https:\/\/icac.cat\/wp-content\/uploads\/2024\/06\/2a-trobada-cultur-monts_giap_juny-2024_sortida-de-camp-2.jpg\" data-orig-size=\"1600,1200\" data-comments-opened=\"0\" data-image-meta=\"{&quot;aperture&quot;:&quot;0&quot;,&quot;credit&quot;:&quot;&quot;,&quot;camera&quot;:&quot;&quot;,&quot;caption&quot;:&quot;&quot;,&quot;created_timestamp&quot;:&quot;0&quot;,&quot;copyright&quot;:&quot;&quot;,&quot;focal_length&quot;:&quot;0&quot;,&quot;iso&quot;:&quot;0&quot;,&quot;shutter_speed&quot;:&quot;0&quot;,&quot;title&quot;:&quot;&quot;,&quot;orientation&quot;:&quot;0&quot;}\" data-image-title=\"2a trobada cultur monts_giap_juny 2024_sortida de camp (2)\" data-image-description=\"\" data-medium-file=\"https:\/\/icac.cat\/wp-content\/uploads\/2024\/06\/2a-trobada-cultur-monts_giap_juny-2024_sortida-de-camp-2-400x300.jpg\" data-large-file=\"https:\/\/icac.cat\/wp-content\/uploads\/2024\/06\/2a-trobada-cultur-monts_giap_juny-2024_sortida-de-camp-2-1024x768.jpg\" style=\"margin: 2px\" src=\"https:\/\/icac.cat\/wp-content\/uploads\/2024\/06\/2a-trobada-cultur-monts_giap_juny-2024_sortida-de-camp-2-259x259.jpg\" width=259 height=259 title=\"2a trobada cultur monts_giap_juny 2024_sortida de camp (2)\" \/><\/a><\/div><div class=\"tiled-gallery-item\"><a border=\"0\" href=\"https:\/\/icac.cat\/en\/actualitat\/noticies\/2024\/cultur-monts-project-babia\/2a-trobada-cultur-monts_giap_juny-2024_sortida-de-camp-4-2\/\"><img data-attachment-id=\"93600\" data-orig-file=\"https:\/\/icac.cat\/wp-content\/uploads\/2024\/06\/2a-trobada-cultur-monts_giap_juny-2024_sortida-de-camp-4.jpg\" data-orig-size=\"1600,1200\" data-comments-opened=\"0\" data-image-meta=\"{&quot;aperture&quot;:&quot;0&quot;,&quot;credit&quot;:&quot;&quot;,&quot;camera&quot;:&quot;&quot;,&quot;caption&quot;:&quot;&quot;,&quot;created_timestamp&quot;:&quot;0&quot;,&quot;copyright&quot;:&quot;&quot;,&quot;focal_length&quot;:&quot;0&quot;,&quot;iso&quot;:&quot;0&quot;,&quot;shutter_speed&quot;:&quot;0&quot;,&quot;title&quot;:&quot;&quot;,&quot;orientation&quot;:&quot;0&quot;}\" data-image-title=\"2a trobada cultur monts_giap_juny 2024_sortida de camp (4)\" data-image-description=\"\" data-medium-file=\"https:\/\/icac.cat\/wp-content\/uploads\/2024\/06\/2a-trobada-cultur-monts_giap_juny-2024_sortida-de-camp-4-400x300.jpg\" data-large-file=\"https:\/\/icac.cat\/wp-content\/uploads\/2024\/06\/2a-trobada-cultur-monts_giap_juny-2024_sortida-de-camp-4-1024x768.jpg\" style=\"margin: 2px\" src=\"https:\/\/icac.cat\/wp-content\/uploads\/2024\/06\/2a-trobada-cultur-monts_giap_juny-2024_sortida-de-camp-4-259x259.jpg\" width=259 height=259 title=\"2a trobada cultur monts_giap_juny 2024_sortida de camp (4)\" \/><\/a><\/div><\/div>\n<p>Throughout the meeting, spaces for debate and joint reflection also arise. \u00c1ngel Gaspar, director of the <a href=\"https:\/\/patrimonionatural.org\/espacios-naturales\/parque-natural\/parque-natural-babia-y-luna\" target=\"_blank\" rel=\"noopener\">Parque Natural de Babia y Luna<\/a>, for example, has highlighted <strong>the importance of communication and collaboration between local institutions and academic agents<\/strong>.<\/p>\n<figure id=\"attachment_93586\" aria-describedby=\"caption-attachment-93586\" style=\"width: 790px\" class=\"wp-caption aligncenter\"><img loading=\"lazy\" class=\"wp-image-93586 size-large\" src=\"https:\/\/icac.cat\/wp-content\/uploads\/2024\/06\/2a-trobada-cultur-monts_giap_juny-2024_palet-1024x768.jpg\" alt=\"\" width=\"790\" height=\"593\" srcset=\"https:\/\/icac.cat\/wp-content\/uploads\/2024\/06\/2a-trobada-cultur-monts_giap_juny-2024_palet-1024x768.jpg 1024w, https:\/\/icac.cat\/wp-content\/uploads\/2024\/06\/2a-trobada-cultur-monts_giap_juny-2024_palet-400x300.jpg 400w, https:\/\/icac.cat\/wp-content\/uploads\/2024\/06\/2a-trobada-cultur-monts_giap_juny-2024_palet-768x576.jpg 768w, https:\/\/icac.cat\/wp-content\/uploads\/2024\/06\/2a-trobada-cultur-monts_giap_juny-2024_palet-1536x1152.jpg 1536w, https:\/\/icac.cat\/wp-content\/uploads\/2024\/06\/2a-trobada-cultur-monts_giap_juny-2024_palet.jpg 2048w\" sizes=\"(max-width: 790px) 100vw, 790px\" \/><figcaption id=\"caption-attachment-93586\" class=\"wp-caption-text\">Josep Maria Palet, director of ICAC-CERCA and leading researcher of the Cultur-Monts project, began the first internal work session with a presentation of the general framework of the project.<\/figcaption><\/figure>\n<p>&nbsp;<\/p>\n<p>The European project <a href=\"https:\/\/icac.cat\/recerca\/projectes-de-recerca\/projecte\/cultur-monts\/\" target=\"_blank\" rel=\"noopener\"><strong>Cultur-Monts<\/strong><\/a>, led by ICAC-CERCA with a consortium of ten beneficiary partners from Spain, France, and Portugal, was approved in the 1st call of the Interreg VI-B Sudoe program (2021-27) in December 2023. Entitled\u00a0<a href=\"https:\/\/icac.cat\/en\/recerca\/projectes-de-recerca\/projecte\/cultur-monts\/\">\u201cValorizaci\u00f3n de los paisajes culturales de monta\u00f1a: un recurso de desarrollo territorial sostenible\u201d<\/a> , the initiative was ranked first in specific objective 4.6, aimed at enhancing the role of culture and sustainable tourism in the economic development, social inclusion, and social innovation of rural territories in southwestern Europe.<\/p>\n<p><a href=\"https:\/\/icac.cat\/en\/actualitat\/noticies\/2024\/cultur-monts-1\/\"><em>More info<\/em><\/a>.<\/p>\n<p><img loading=\"lazy\" class=\"aligncenter size-large wp-image-93609\" src=\"https:\/\/icac.cat\/wp-content\/uploads\/2024\/06\/2a-trobada-cultur-monts_giap_juny-2024_flyer-ES-1024x576.png\" alt=\"\" width=\"790\" height=\"444\" srcset=\"https:\/\/icac.cat\/wp-content\/uploads\/2024\/06\/2a-trobada-cultur-monts_giap_juny-2024_flyer-ES-1024x576.png 1024w, https:\/\/icac.cat\/wp-content\/uploads\/2024\/06\/2a-trobada-cultur-monts_giap_juny-2024_flyer-ES-400x225.png 400w, https:\/\/icac.cat\/wp-content\/uploads\/2024\/06\/2a-trobada-cultur-monts_giap_juny-2024_flyer-ES-768x432.png 768w, https:\/\/icac.cat\/wp-content\/uploads\/2024\/06\/2a-trobada-cultur-monts_giap_juny-2024_flyer-ES-1536x864.png 1536w, https:\/\/icac.cat\/wp-content\/uploads\/2024\/06\/2a-trobada-cultur-monts_giap_juny-2024_flyer-ES.png 1600w\" sizes=\"(max-width: 790px) 100vw, 790px\" \/><\/p>\n<p>&nbsp;<\/p>\n<hr \/>\n<h6>About the Catalan Institute of Classical Archaeology (ICAC-CERCA)<\/h6>\n<p>The\u00a0<a href=\"https:\/\/icac.cat\/en\/\">Catalan Institute of Classical Archaeology (ICAC-CERCA)<\/a>\u00a0is\u00a0<strong>a CERCA center<\/strong>\u00a0established as a consortium in 2003 by the Government of Catalonia and the Rovira i Virgili University. It is a Catalan institution with an international scope, at the forefront of research and conservation of archaeological heritage. Its headquarters are located in Tarragona, a city recognized as a UNESCO World Heritage Site in the year 2000. Its researchers work to understand the past through the study of archaeological remains and promote the preservation of the historical legacy. We are CERCA!<\/p>\n<p>For more information, visit\u00a0<a href=\"http:\/\/www.icac.cat\/\" target=\"_new\" rel=\"noopener\">www.icac.cat<\/a>.<\/p>\n<p><img loading=\"lazy\" class=\"aligncenter size-large wp-image-80300\" src=\"https:\/\/icac.cat\/wp-content\/uploads\/2022\/10\/CERCA-MARCA-A-ENG-1024x401.jpg\" alt=\"\" width=\"790\" height=\"309\" srcset=\"https:\/\/icac.cat\/wp-content\/uploads\/2022\/10\/CERCA-MARCA-A-ENG-1024x401.jpg 1024w, https:\/\/icac.cat\/wp-content\/uploads\/2022\/10\/CERCA-MARCA-A-ENG-400x157.jpg 400w, https:\/\/icac.cat\/wp-content\/uploads\/2022\/10\/CERCA-MARCA-A-ENG-768x301.jpg 768w, https:\/\/icac.cat\/wp-content\/uploads\/2022\/10\/CERCA-MARCA-A-ENG-1536x602.jpg 1536w, https:\/\/icac.cat\/wp-content\/uploads\/2022\/10\/CERCA-MARCA-A-ENG.jpg 1830w\" sizes=\"(max-width: 790px) 100vw, 790px\" \/><\/p>\n<p><span data-ccp-props=\"{&quot;134233117&quot;:false,&quot;134233118&quot;:false,&quot;335551550&quot;:1,&quot;335551620&quot;:1,&quot;335557856&quot;:16777215,&quot;335559738&quot;:0,&quot;335559739&quot;:0}\">\u00a0<\/span><\/p>\n<p>&nbsp;<\/p>\n","protected":false},"excerpt":{"rendered":"<p>From June 2 to 5, the second meeting of the European project Cultur-Monts, financed by the Interreg-Sudoe program and led by ICAC-CERCA, is being held in Babia (Le\u00f3n). During these days, several members of the consortium that makes up the Cultur-Monts project combine internal work sessions (corresponding to the different work groups planned for the [&hellip;]<\/p>\n","protected":false},"author":160,"featured_media":93594,"comment_status":"closed","ping_status":"closed","sticky":false,"template":"","format":"standard","meta":{"_genesis_hide_title":false,"_genesis_hide_breadcrumbs":false,"_genesis_hide_singular_image":false,"_genesis_hide_footer_widgets":false,"_genesis_custom_body_class":"","_genesis_custom_post_class":"","_genesis_layout":""},"categories":[328,342,334,336,333],"tags":[839,560,428],"_links":{"self":[{"href":"https:\/\/icac.cat\/en\/wp-json\/wp\/v2\/posts\/93619"}],"collection":[{"href":"https:\/\/icac.cat\/en\/wp-json\/wp\/v2\/posts"}],"about":[{"href":"https:\/\/icac.cat\/en\/wp-json\/wp\/v2\/types\/post"}],"author":[{"embeddable":true,"href":"https:\/\/icac.cat\/en\/wp-json\/wp\/v2\/users\/160"}],"replies":[{"embeddable":true,"href":"https:\/\/icac.cat\/en\/wp-json\/wp\/v2\/comments?post=93619"}],"version-history":[{"count":3,"href":"https:\/\/icac.cat\/en\/wp-json\/wp\/v2\/posts\/93619\/revisions"}],"predecessor-version":[{"id":93622,"href":"https:\/\/icac.cat\/en\/wp-json\/wp\/v2\/posts\/93619\/revisions\/93622"}],"wp:featuredmedia":[{"embeddable":true,"href":"https:\/\/icac.cat\/en\/wp-json\/wp\/v2\/media\/93594"}],"wp:attachment":[{"href":"https:\/\/icac.cat\/en\/wp-json\/wp\/v2\/media?parent=93619"}],"wp:term":[{"taxonomy":"category","embeddable":true,"href":"https:\/\/icac.cat\/en\/wp-json\/wp\/v2\/categories?post=93619"},{"taxonomy":"post_tag","embeddable":true,"href":"https:\/\/icac.cat\/en\/wp-json\/wp\/v2\/tags?post=93619"}],"curies":[{"name":"wp","href":"https:\/\/api.w.org\/{rel}","templated":true}]}}