{"id":94089,"date":"2024-06-28T12:00:59","date_gmt":"2024-06-28T10:00:59","guid":{"rendered":"https:\/\/icac.cat\/?p=94089"},"modified":"2024-07-01T00:38:44","modified_gmt":"2024-06-30T22:38:44","slug":"valencia-la-vella-archaeology-course","status":"publish","type":"post","link":"https:\/\/icac.cat\/en\/actualitat\/noticies\/2024\/valencia-la-vella-archaeology-course\/","title":{"rendered":"The archaeological campaign of Val\u00e8ncia la Vella welcomes the VII edition of the Christian and Visigothic Archaeology course"},"content":{"rendered":"<h6>The archaeological campaign in Valencia &#8220;la Vella&#8221; peaks with the VII Practical Course on Christian and Visigothic Archaeology and a new edition of the Conference Cycle.<\/h6>\n<p>On June 28, the first part of the excavations at the Valencia &#8220;la Vella&#8221; site was completed. It took place from June 17 to 28 with the participation of the company <a href=\"https:\/\/www.globalmediterranea.es\/\" target=\"_blank\" rel=\"noopener\">Global Mediterranea<\/a>, to whom we are grateful for their involvement once again in this exceptional site.<\/p>\n<p>This is the ninth archaeological campaign we have carried out at the Valencia &#8220;la Vella&#8221; site, with the support of the <a href=\"http:\/\/www.ribarroja.es\/portal.portal.action\" target=\"_blank\" rel=\"noopener\">Riba-roja de T\u00faria City Council<\/a> and the <a href=\"https:\/\/www.dival.es\/es\/areadecultura\/content\/area-de-cultura\" target=\"_blank\" rel=\"noopener\">Department of Culture of the Diputaci\u00f3n de Valencia<\/a>.<\/p>\n<div class=\"destacat-entrevista dreta\">\n<div class=\"small-text\">\n<p>The ninth archaeological campaign in Val\u00e8ncia &#8220;la Vella&#8221; has included the participation of Newcastle University<\/p>\n<\/div>\n<\/div>\n<p>In this phase, the Late Antiquity and Christian Archaeology team from the <a href=\"https:\/\/icac.cat\/recerca\/grups-de-recerca\/mirmed-giac\/\">MIRMED<\/a> research group focused on machine excavation of a large area near the wall, where last year some stairs were found due to the existing slope at that point. This has allowed the identification of several spaces near the wall, with promising prospects for future excavation. Additionally, the presence of several walls of tens of meters in length and possible circulation areas raises questions about the functionality of this zone: military, productive, or residential.<\/p>\n<p><img loading=\"lazy\" class=\"aligncenter wp-image-94058 size-large\" src=\"https:\/\/icac.cat\/wp-content\/uploads\/2024\/06\/Valencia-la-Vella_campanya-2024-6-1024x768.jpg\" alt=\"\" width=\"790\" height=\"593\" srcset=\"https:\/\/icac.cat\/wp-content\/uploads\/2024\/06\/Valencia-la-Vella_campanya-2024-6-1024x768.jpg 1024w, https:\/\/icac.cat\/wp-content\/uploads\/2024\/06\/Valencia-la-Vella_campanya-2024-6-400x300.jpg 400w, https:\/\/icac.cat\/wp-content\/uploads\/2024\/06\/Valencia-la-Vella_campanya-2024-6-768x576.jpg 768w, https:\/\/icac.cat\/wp-content\/uploads\/2024\/06\/Valencia-la-Vella_campanya-2024-6-1536x1152.jpg 1536w, https:\/\/icac.cat\/wp-content\/uploads\/2024\/06\/Valencia-la-Vella_campanya-2024-6.jpg 2048w\" sizes=\"(max-width: 790px) 100vw, 790px\" \/><\/p>\n<p>&nbsp;<\/p>\n<p>Very close by, another survey was initiated, where a longitudinal cut of a large part of the natural rock was made to level the area, resulting in well-defined terraces following the area&#8217;s topography.<\/p>\n<p>In both zones, <strong>the team documented massive stone structures associated with archaeological levels containing paleo-Andalusian material<\/strong> (8th-9th centuries AD), which are of great interest for understanding what happened in Valencia &#8220;la Vella&#8221; after the fall of the Visigothic Kingdom.<\/p>\n<p>In the last days of the campaign, efforts focused on conditioning the site with mechanical means, removing agricultural soil, and marking new surveys.<\/p>\n<div data-carousel-extra='{\"blog_id\":1,\"permalink\":\"https:\\\/\\\/icac.cat\\\/en\\\/actualitat\\\/noticies\\\/2024\\\/valencia-la-vella-archaeology-course\\\/\"}' class=\"tiled-gallery type-square\" data-original-width=\"790\"><div class=\"tiled-gallery-item\"><a border=\"0\" href=\"https:\/\/icac.cat\/en\/actualitat\/noticies\/2024\/valencia-la-vella-archaeology-course\/valencia-la-vella_campanya-2024-5-2\/\"><img data-attachment-id=\"94063\" data-orig-file=\"https:\/\/icac.cat\/wp-content\/uploads\/2024\/06\/Valencia-la-Vella_campanya-2024-5.jpg\" data-orig-size=\"1536,2048\" data-comments-opened=\"0\" data-image-meta=\"{&quot;aperture&quot;:&quot;0&quot;,&quot;credit&quot;:&quot;&quot;,&quot;camera&quot;:&quot;&quot;,&quot;caption&quot;:&quot;&quot;,&quot;created_timestamp&quot;:&quot;0&quot;,&quot;copyright&quot;:&quot;&quot;,&quot;focal_length&quot;:&quot;0&quot;,&quot;iso&quot;:&quot;0&quot;,&quot;shutter_speed&quot;:&quot;0&quot;,&quot;title&quot;:&quot;&quot;,&quot;orientation&quot;:&quot;0&quot;}\" data-image-title=\"Valencia la Vella_campanya 2024 (5)\" data-image-description=\"\" data-medium-file=\"https:\/\/icac.cat\/wp-content\/uploads\/2024\/06\/Valencia-la-Vella_campanya-2024-5-400x533.jpg\" data-large-file=\"https:\/\/icac.cat\/wp-content\/uploads\/2024\/06\/Valencia-la-Vella_campanya-2024-5-768x1024.jpg\" style=\"margin: 2px\" src=\"https:\/\/icac.cat\/wp-content\/uploads\/2024\/06\/Valencia-la-Vella_campanya-2024-5-390x390.jpg\" width=390 height=390 title=\"Valencia la Vella_campanya 2024 (5)\" \/><\/a><\/div><div class=\"tiled-gallery-item\"><a border=\"0\" href=\"https:\/\/icac.cat\/en\/actualitat\/noticies\/2024\/valencia-la-vella-archaeology-course\/valencia-la-vella_campanya-2024-4-2\/\"><img data-attachment-id=\"94066\" data-orig-file=\"https:\/\/icac.cat\/wp-content\/uploads\/2024\/06\/Valencia-la-Vella_campanya-2024-4.jpg\" data-orig-size=\"1536,2048\" data-comments-opened=\"0\" data-image-meta=\"{&quot;aperture&quot;:&quot;0&quot;,&quot;credit&quot;:&quot;&quot;,&quot;camera&quot;:&quot;&quot;,&quot;caption&quot;:&quot;&quot;,&quot;created_timestamp&quot;:&quot;0&quot;,&quot;copyright&quot;:&quot;&quot;,&quot;focal_length&quot;:&quot;0&quot;,&quot;iso&quot;:&quot;0&quot;,&quot;shutter_speed&quot;:&quot;0&quot;,&quot;title&quot;:&quot;&quot;,&quot;orientation&quot;:&quot;0&quot;}\" data-image-title=\"Valencia la Vella_campanya 2024 (4)\" data-image-description=\"\" data-medium-file=\"https:\/\/icac.cat\/wp-content\/uploads\/2024\/06\/Valencia-la-Vella_campanya-2024-4-400x533.jpg\" data-large-file=\"https:\/\/icac.cat\/wp-content\/uploads\/2024\/06\/Valencia-la-Vella_campanya-2024-4-768x1024.jpg\" style=\"margin: 2px\" src=\"https:\/\/icac.cat\/wp-content\/uploads\/2024\/06\/Valencia-la-Vella_campanya-2024-4-390x390.jpg\" width=390 height=390 title=\"Valencia la Vella_campanya 2024 (4)\" \/><\/a><\/div><\/div>\n<p>&nbsp;<\/p>\n<p>The team has focused the excavation on a sector that provided very good results last year: <strong>sector 6100<\/strong>, very close to the 6th-century AD wall, where walls and a staircase began to be documented last year.<\/p>\n<blockquote><p>One of the objectives of these two weeks of the campaign has been to better understand the stratigraphic relationships of this area with the wall, as well as the functionality of the structures.<\/p><\/blockquote>\n<div class=\"highlight-block\">\n<p>From July 1 to 19, Val\u00e8ncia &#8220;la Vella&#8221; will host the VII edition of the Christian and Visigothic Archaeology Course (Riba-roja de T\u00faria, Valencia). Twelve students will participate, three of whom are from the University of Valencia.<\/p>\n<\/div>\n<p>The Val\u00e8ncia &#8220;la Vella&#8221; archaeology course is aimed at undergraduate or master&#8217;s students of history, archaeology, or related studies. During the course, excavation tasks, material classification, workshops, lectures, and visits to Late Antique sites in the area will be alternated.<\/p>\n<div data-carousel-extra='{\"blog_id\":1,\"permalink\":\"https:\\\/\\\/icac.cat\\\/en\\\/actualitat\\\/noticies\\\/2024\\\/valencia-la-vella-archaeology-course\\\/\"}' class=\"tiled-gallery type-square\" data-original-width=\"790\"><div class=\"tiled-gallery-item\"><a border=\"0\" href=\"https:\/\/icac.cat\/en\/actualitat\/noticies\/2024\/valencia-la-vella-archaeology-course\/valencia-la-vella_campanya-2024-8-2\/\"><img data-attachment-id=\"94070\" data-orig-file=\"https:\/\/icac.cat\/wp-content\/uploads\/2024\/06\/Valencia-la-Vella_campanya-2024-8.jpg\" data-orig-size=\"1137,1221\" data-comments-opened=\"0\" data-image-meta=\"{&quot;aperture&quot;:&quot;0&quot;,&quot;credit&quot;:&quot;&quot;,&quot;camera&quot;:&quot;&quot;,&quot;caption&quot;:&quot;&quot;,&quot;created_timestamp&quot;:&quot;0&quot;,&quot;copyright&quot;:&quot;&quot;,&quot;focal_length&quot;:&quot;0&quot;,&quot;iso&quot;:&quot;0&quot;,&quot;shutter_speed&quot;:&quot;0&quot;,&quot;title&quot;:&quot;&quot;,&quot;orientation&quot;:&quot;0&quot;}\" data-image-title=\"Valencia la Vella_campanya 2024 (8)\" data-image-description=\"\" data-medium-file=\"https:\/\/icac.cat\/wp-content\/uploads\/2024\/06\/Valencia-la-Vella_campanya-2024-8-400x430.jpg\" data-large-file=\"https:\/\/icac.cat\/wp-content\/uploads\/2024\/06\/Valencia-la-Vella_campanya-2024-8-954x1024.jpg\" style=\"margin: 2px\" src=\"https:\/\/icac.cat\/wp-content\/uploads\/2024\/06\/Valencia-la-Vella_campanya-2024-8-390x390.jpg\" width=390 height=390 title=\"Valencia la Vella_campanya 2024 (8)\" \/><\/a><\/div><div class=\"tiled-gallery-item\"><a border=\"0\" href=\"https:\/\/icac.cat\/en\/actualitat\/noticies\/2024\/valencia-la-vella-archaeology-course\/valencia-la-vella_campanya-2024-9-2\/\"><img data-attachment-id=\"94073\" data-orig-file=\"https:\/\/icac.cat\/wp-content\/uploads\/2024\/06\/Valencia-la-Vella_campanya-2024-9.jpg\" data-orig-size=\"1536,2048\" data-comments-opened=\"0\" data-image-meta=\"{&quot;aperture&quot;:&quot;0&quot;,&quot;credit&quot;:&quot;&quot;,&quot;camera&quot;:&quot;&quot;,&quot;caption&quot;:&quot;&quot;,&quot;created_timestamp&quot;:&quot;0&quot;,&quot;copyright&quot;:&quot;&quot;,&quot;focal_length&quot;:&quot;0&quot;,&quot;iso&quot;:&quot;0&quot;,&quot;shutter_speed&quot;:&quot;0&quot;,&quot;title&quot;:&quot;&quot;,&quot;orientation&quot;:&quot;0&quot;}\" data-image-title=\"Valencia la Vella_campanya 2024 (9)\" data-image-description=\"\" data-medium-file=\"https:\/\/icac.cat\/wp-content\/uploads\/2024\/06\/Valencia-la-Vella_campanya-2024-9-400x533.jpg\" data-large-file=\"https:\/\/icac.cat\/wp-content\/uploads\/2024\/06\/Valencia-la-Vella_campanya-2024-9-768x1024.jpg\" style=\"margin: 2px\" src=\"https:\/\/icac.cat\/wp-content\/uploads\/2024\/06\/Valencia-la-Vella_campanya-2024-9-390x390.jpg\" width=390 height=390 title=\"Valencia la Vella_campanya 2024 (9)\" \/><\/a><\/div><\/div>\n<p>&nbsp;<\/p>\n<p>These days will also see a <strong>new edition of the Conference Cycle organized by ICAC-CERCA and the Riba-roja de T\u00faria City Council<\/strong> as part of the VII Course on Christian and Visigothic Archaeology of Val\u00e8ncia &#8220;la Vella&#8221;. From July 2 to 18, the cycle will feature very interesting talks on various topics, given by experts in the Late Antique topic.<\/p>\n<p>The conferences are open to a general audience and will be held in the El Mol\u00ed Exhibition Hall (Riba-roja de T\u00faria Castle) in Riba-roja de T\u00faria. Free admission! You can check the schedule on this poster and in the <a href=\"https:\/\/icac.cat\/difusio\/activitats-de-licac\/agenda\/cicle-conferencies-valencia-la-vella\/\">ICAC-CERCA agenda<\/a>.<\/p>\n<p><img loading=\"lazy\" class=\"aligncenter wp-image-94048 size-large\" src=\"https:\/\/icac.cat\/wp-content\/uploads\/2024\/06\/Cicle-Conferencies-Valencia-la-Vella-2024_cartell-programacio-724x1024.jpg\" alt=\"\" width=\"724\" height=\"1024\" srcset=\"https:\/\/icac.cat\/wp-content\/uploads\/2024\/06\/Cicle-Conferencies-Valencia-la-Vella-2024_cartell-programacio-724x1024.jpg 724w, https:\/\/icac.cat\/wp-content\/uploads\/2024\/06\/Cicle-Conferencies-Valencia-la-Vella-2024_cartell-programacio-400x566.jpg 400w, https:\/\/icac.cat\/wp-content\/uploads\/2024\/06\/Cicle-Conferencies-Valencia-la-Vella-2024_cartell-programacio-768x1086.jpg 768w, https:\/\/icac.cat\/wp-content\/uploads\/2024\/06\/Cicle-Conferencies-Valencia-la-Vella-2024_cartell-programacio-1086x1536.jpg 1086w, https:\/\/icac.cat\/wp-content\/uploads\/2024\/06\/Cicle-Conferencies-Valencia-la-Vella-2024_cartell-programacio-1448x2048.jpg 1448w, https:\/\/icac.cat\/wp-content\/uploads\/2024\/06\/Cicle-Conferencies-Valencia-la-Vella-2024_cartell-programacio-scaled.jpg 1810w\" sizes=\"(max-width: 724px) 100vw, 724px\" \/><\/p>\n<p>&nbsp;<\/p>\n<div class=\"highlight-block\">\n<p>Finally, the archaeological campaign and the activities related to the Christian and Visigothic Archaeology Course in Val\u00e8ncia &#8220;la Vella&#8221; have encouraged us to organize a new <strong>open day at the site on July 17th<\/strong>. If you want to attend, please<a href=\"https:\/\/www.ribarojadeturiaturismo.com\/rt\/web_php\/index.php?contenido=esdev&amp;idEsdev=751\" target=\"_blank\" rel=\"noopener\"> register on the Riba-roja de T\u00faria Tourism website<\/a>. We look forward to seeing you there!<\/p>\n<\/div>\n<p>Follow the archaeological campaign&#8217;s activity on the <a href=\"https:\/\/www.instagram.com\/valencialavellaarq\/\" target=\"_blank\" rel=\"noopener\">social media of Val\u00e8ncia &#8220;la Vella&#8221;<\/a>!<\/p>\n<blockquote class=\"instagram-media\" style=\"background: #FFF; border: 0; border-radius: 3px; box-shadow: 0 0 1px 0 rgba(0,0,0,0.5),0 1px 10px 0 rgba(0,0,0,0.15); margin: 1px; max-width: 540px; min-width: 326px; padding: 0; width: calc(100% - 2px);\" data-instgrm-captioned=\"\" data-instgrm-permalink=\"https:\/\/www.instagram.com\/p\/C8ex6DttZ_u\/?utm_source=ig_embed&amp;utm_campaign=loading\" data-instgrm-version=\"14\">\n<div style=\"padding: 16px;\">\n<p>&nbsp;<\/p>\n<div style=\"display: flex; flex-direction: row; align-items: center;\">\n<div style=\"background-color: #f4f4f4; border-radius: 50%; flex-grow: 0; height: 40px; margin-right: 14px; width: 40px;\"><\/div>\n<div style=\"display: flex; flex-direction: column; flex-grow: 1; justify-content: center;\">\n<div style=\"background-color: #f4f4f4; border-radius: 4px; flex-grow: 0; height: 14px; margin-bottom: 6px; width: 100px;\"><\/div>\n<div style=\"background-color: #f4f4f4; border-radius: 4px; flex-grow: 0; height: 14px; width: 60px;\"><\/div>\n<\/div>\n<\/div>\n<div style=\"padding: 19% 0;\"><\/div>\n<div style=\"display: block; height: 50px; margin: 0 auto 12px; width: 50px;\"><\/div>\n<div style=\"padding-top: 8px;\">\n<div style=\"color: #3897f0; font-family: Arial,sans-serif; font-size: 14px; font-style: normal; font-weight: 550; line-height: 18px;\">View this post on Instagram<\/div>\n<\/div>\n<div style=\"padding: 12.5% 0;\"><\/div>\n<div style=\"display: flex; flex-direction: row; margin-bottom: 14px; align-items: center;\">\n<div>\n<div style=\"background-color: #f4f4f4; border-radius: 50%; height: 12.5px; width: 12.5px; transform: translateX(0px) translateY(7px);\"><\/div>\n<div style=\"background-color: #f4f4f4; height: 12.5px; transform: rotate(-45deg) translateX(3px) translateY(1px); width: 12.5px; flex-grow: 0; margin-right: 14px; margin-left: 2px;\"><\/div>\n<div style=\"background-color: #f4f4f4; border-radius: 50%; height: 12.5px; width: 12.5px; transform: translateX(9px) translateY(-18px);\"><\/div>\n<\/div>\n<div style=\"margin-left: 8px;\">\n<div style=\"background-color: #f4f4f4; border-radius: 50%; flex-grow: 0; height: 20px; width: 20px;\"><\/div>\n<div style=\"width: 0; height: 0; border-top: 2px solid transparent; border-left: 6px solid #f4f4f4; border-bottom: 2px solid transparent; transform: translateX(16px) translateY(-4px) rotate(30deg);\"><\/div>\n<\/div>\n<div style=\"margin-left: auto;\">\n<div style=\"width: 0px; border-top: 8px solid #F4F4F4; border-right: 8px solid transparent; transform: translateY(16px);\"><\/div>\n<div style=\"background-color: #f4f4f4; flex-grow: 0; height: 12px; width: 16px; transform: translateY(-4px);\"><\/div>\n<div style=\"width: 0; height: 0; border-top: 8px solid #F4F4F4; border-left: 8px solid transparent; transform: translateY(-4px) translateX(8px);\"><\/div>\n<\/div>\n<\/div>\n<div style=\"display: flex; flex-direction: column; flex-grow: 1; justify-content: center; margin-bottom: 24px;\">\n<div style=\"background-color: #f4f4f4; border-radius: 4px; flex-grow: 0; height: 14px; margin-bottom: 6px; width: 224px;\"><\/div>\n<div style=\"background-color: #f4f4f4; border-radius: 4px; flex-grow: 0; height: 14px; width: 144px;\"><\/div>\n<\/div>\n<p>&nbsp;<\/p>\n<p style=\"color: #c9c8cd; font-family: Arial,sans-serif; font-size: 14px; line-height: 17px; margin-bottom: 0; margin-top: 8px; overflow: hidden; padding: 8px 0 7px; text-align: center; text-overflow: ellipsis; white-space: nowrap;\"><a style=\"color: #c9c8cd; font-family: Arial,sans-serif; font-size: 14px; font-style: normal; font-weight: normal; line-height: 17px; text-decoration: none;\" href=\"https:\/\/www.instagram.com\/p\/C8ex6DttZ_u\/?utm_source=ig_embed&amp;utm_campaign=loading\" target=\"_blank\" rel=\"noopener\">A post shared by Val\u00e8ncia la Vella (@valencialavellaarq)<\/a><\/p>\n<\/div>\n<\/blockquote>\n<p><script async src=\"\/\/www.instagram.com\/embed.js\"><\/script><\/p>\n<p>&nbsp;<\/p>\n<div id=\"x_x_x_Signature\">\n<hr \/>\n<h6>About the Catalan Institute of Classical Archaeology (ICAC-CERCA)<\/h6>\n<p>The\u00a0<a href=\"https:\/\/icac.cat\/en\/\">Catalan Institute of Classical Archaeology (ICAC-CERCA)<\/a>\u00a0is\u00a0<strong>a CERCA center<\/strong>\u00a0established as a consortium in 2003 by the Government of Catalonia and the Rovira i Virgili University. It is a Catalan institution with an international scope, at the forefront of research and conservation of archaeological heritage. Its headquarters are in Tarragona, a city recognized as a UNESCO World Heritage Site in 2000. Its researchers work to understand the past through the study of archaeological remains and promote the preservation of the historical legacy. We are CERCA!<\/p>\n<p>For more information, visit\u00a0<a href=\"http:\/\/www.icac.cat\/\" target=\"_new\" rel=\"noopener\">www.icac.cat<\/a>.<\/p>\n<p><img loading=\"lazy\" class=\"aligncenter size-medium wp-image-80280\" src=\"https:\/\/icac.cat\/wp-content\/uploads\/2022\/10\/CERCA-MARCA-A-400x157.jpg\" sizes=\"(max-width: 400px) 100vw, 400px\" srcset=\"https:\/\/icac.cat\/wp-content\/uploads\/2022\/10\/CERCA-MARCA-A-400x157.jpg 400w, https:\/\/icac.cat\/wp-content\/uploads\/2022\/10\/CERCA-MARCA-A-1024x401.jpg 1024w, https:\/\/icac.cat\/wp-content\/uploads\/2022\/10\/CERCA-MARCA-A-768x301.jpg 768w, https:\/\/icac.cat\/wp-content\/uploads\/2022\/10\/CERCA-MARCA-A-1536x602.jpg 1536w, https:\/\/icac.cat\/wp-content\/uploads\/2022\/10\/CERCA-MARCA-A.jpg 1830w\" alt=\"\" width=\"400\" height=\"157\" \/><\/p>\n<\/div>\n<p>&nbsp;<\/p>\n<p>&nbsp;<\/p>\n","protected":false},"excerpt":{"rendered":"<p>The archaeological campaign in Valencia &#8220;la Vella&#8221; peaks with the VII Practical Course on Christian and Visigothic Archaeology and a new edition of the Conference Cycle. On June 28, the first part of the excavations at the Valencia &#8220;la Vella&#8221; site was completed. It took place from June 17 to 28 with the participation of [&hellip;]<\/p>\n","protected":false},"author":160,"featured_media":94055,"comment_status":"closed","ping_status":"closed","sticky":false,"template":"","format":"standard","meta":{"_genesis_hide_title":false,"_genesis_hide_breadcrumbs":false,"_genesis_hide_singular_image":false,"_genesis_hide_footer_widgets":false,"_genesis_custom_body_class":"","_genesis_custom_post_class":"","_genesis_layout":""},"categories":[328,342,334,336,333],"tags":[1203,1169,876,1026,875],"_links":{"self":[{"href":"https:\/\/icac.cat\/en\/wp-json\/wp\/v2\/posts\/94089"}],"collection":[{"href":"https:\/\/icac.cat\/en\/wp-json\/wp\/v2\/posts"}],"about":[{"href":"https:\/\/icac.cat\/en\/wp-json\/wp\/v2\/types\/post"}],"author":[{"embeddable":true,"href":"https:\/\/icac.cat\/en\/wp-json\/wp\/v2\/users\/160"}],"replies":[{"embeddable":true,"href":"https:\/\/icac.cat\/en\/wp-json\/wp\/v2\/comments?post=94089"}],"version-history":[{"count":3,"href":"https:\/\/icac.cat\/en\/wp-json\/wp\/v2\/posts\/94089\/revisions"}],"predecessor-version":[{"id":94092,"href":"https:\/\/icac.cat\/en\/wp-json\/wp\/v2\/posts\/94089\/revisions\/94092"}],"wp:featuredmedia":[{"embeddable":true,"href":"https:\/\/icac.cat\/en\/wp-json\/wp\/v2\/media\/94055"}],"wp:attachment":[{"href":"https:\/\/icac.cat\/en\/wp-json\/wp\/v2\/media?parent=94089"}],"wp:term":[{"taxonomy":"category","embeddable":true,"href":"https:\/\/icac.cat\/en\/wp-json\/wp\/v2\/categories?post=94089"},{"taxonomy":"post_tag","embeddable":true,"href":"https:\/\/icac.cat\/en\/wp-json\/wp\/v2\/tags?post=94089"}],"curies":[{"name":"wp","href":"https:\/\/api.w.org\/{rel}","templated":true}]}}