{"id":107072,"date":"2026-04-30T12:32:00","date_gmt":"2026-04-30T10:32:00","guid":{"rendered":"https:\/\/icac.cat\/?p=107072"},"modified":"2026-04-30T12:32:09","modified_gmt":"2026-04-30T10:32:09","slug":"inscripcion-abierta-a-la-viii-edicion-del-curso-de-arqueologia-visigoda-en-valencia-la-vella","status":"publish","type":"post","link":"https:\/\/icac.cat\/es\/actualitat\/noticies\/2026\/inscripcion-abierta-a-la-viii-edicion-del-curso-de-arqueologia-visigoda-en-valencia-la-vella\/","title":{"rendered":"Inscripci\u00f3n abierta a la VIII edici\u00f3n del Curso de Arqueolog\u00eda Visigoda en Val\u00e8ncia la Vella"},"content":{"rendered":"<p>Se ha abierto el plazo de inscripci\u00f3n a la <strong>VIII edici\u00f3n del Curso pr\u00e1ctico de arqueolog\u00eda cristiana y visigoda<\/strong>, organizado por el ICAC junto con el Ayuntamiento de Riba-roja de T\u00faria.<\/p>\n<div>\n<p>El curso se llevar\u00e1 a cabo del <strong>29 de junio al 17 de julio<\/strong> en el yacimiento de Val\u00e8ncia la Vella (Riba-roja de T\u00faria, Valencia) y est\u00e1 dirigido principalmente a estudiantes de grado o m\u00e1ster en Historia, Arqueolog\u00eda u otras disciplinas afines.<\/p>\n<div class=\"highlight-block\">\n<p style=\"text-align: center;\">El curso combinar\u00e1 tareas de excavaci\u00f3n, prospecci\u00f3n, clasificaci\u00f3n de materiales, talleres, conferencias y visitas a yacimientos tardoantiguos de la zona.<\/p>\n<\/div>\n<h5>Informaci\u00f3n pr\u00e1ctica<\/h5>\n<ul>\n<li><strong>N\u00famero de plazas:<\/strong> 12 estudiantes de arqueolog\u00eda, historia o similares (grado o posgrado). Cinco plazas est\u00e1n reservadas para estudiantes de la Universitat de Val\u00e8ncia.<\/li>\n<li><strong>Plazo de inscripci\u00f3n:<\/strong> hasta el 20 de mayo de 2026.<\/li>\n<li><strong>Cuota de inscripci\u00f3n:<\/strong> 100 \u20ac (incluye seguro y alojamiento completo. La manutenci\u00f3n est\u00e1 cubierta durante los d\u00edas de trabajo).<\/li>\n<li><strong>Material:<\/strong> cada estudiante debe llevar botas de seguridad, guantes, protecci\u00f3n solar, repelente de mosquitos y ropa de cama.<\/li>\n<\/ul>\n<div class=\"highlight-block\">\n<p style=\"text-align: center;\">Descarga el <a href=\"https:\/\/icac.cat\/wp-content\/uploads\/2026\/04\/Diptic-cast_2026-1.pdf\">d\u00edptico en PDF<\/a><br \/>\nConsulta el <a href=\"https:\/\/icac.cat\/wp-content\/uploads\/2026\/04\/Programa-VLV-2026Cas.pdf\">programa provisional<\/a><br \/>\nInscr\u00edbete <a href=\"https:\/\/icac.cat\/wp-content\/uploads\/2026\/04\/fitxa-inscripcio-curs-Riba-Roja_cast11.docx\">aqu\u00ed<\/a><\/p>\n<\/div>\n<h5>El yacimiento de Val\u00e8ncia \u00abla Vella\u00bb<\/h5>\n<p><a href=\"https:\/\/www.comunitatvalenciana.com\/es\/valencia\/riba-roja-de-turia\/monumentos\/yacimiento-visigodo-valencia-la-vella\" target=\"_blank\" rel=\"noopener\">Val\u00e8ncia \u00abla Vella\u00bb<\/a> es un yacimiento de \u00e9poca visigoda del municipio de <strong>Riba-roja de T\u00faria<\/strong>, situado a unos 16 km de la ciudad de Valencia. Se trata de un enclave amurallado ubicado en lo alto de una colina, en un entorno espectacular sobre el r\u00edo T\u00faria, a unos 2 km del palacio del Pla de Nadal y dentro del Parque Natural del r\u00edo T\u00faria.<\/p>\n<p>Desde 2016, el <a href=\"http:\/\/www.ribarroja.es\/portal.portal.action\">Ayuntamiento de Riba-roja de T\u00faria<\/a> (Camp de T\u00faria, Valencia) promueve un proyecto de investigaci\u00f3n arqueol\u00f3gica, conservaci\u00f3n y difusi\u00f3n patrimonial desarrollado por el <strong>Institut Catal\u00e0 d\u2019Arqueologia Cl\u00e0ssica<\/strong>, bajo la direcci\u00f3n del investigador <a href=\"https:\/\/icac.cat\/qui-som\/personal\/jmmacias\/\" target=\"_blank\" rel=\"noopener\">Josep Maria Macias<\/a>, con el apoyo de la <a href=\"https:\/\/www.dival.es\/es\">Diputaci\u00f3n de Valencia<\/a> y de la <a href=\"https:\/\/www.gva.es\/va\/inicio\/presentacion\">Generalitat Valenciana<\/a>.<\/p>\n<div class=\"destacat-entrevista dreta\">\n<div class=\"small-text\">\n<p>Val\u00e8ncia \u00abla Vella\u00bb es una <strong>fundaci\u00f3n <em>ex novo<\/em><\/strong> que destaca por sus murallas, que rodean una colina fluvial de entre <strong>20\/40 m de altura<\/strong>, reforzadas por numerosas torres.<\/p>\n<\/div>\n<\/div>\n<p>El yacimiento es conocido desde el siglo XIV y, en parte debido a su nombre, hab\u00eda sido asociado a un asentamiento prerromano y romano: <em>Pallantia.<\/em> Sin embargo, las excavaciones realizadas en los a\u00f1os setenta del siglo pasado, motivadas por una destrucci\u00f3n parcial del yacimiento, demostraron una cronolog\u00eda tardoantigua.<\/p>\n<p>Durante d\u00e9cadas, Val\u00e8ncia \u00abla Vella\u00bb qued\u00f3 al margen del inter\u00e9s cient\u00edfico. En la actualidad sigue siendo una ciudad desconocida y sin nombre, un yacimiento arqueol\u00f3gico por descubrir, aunque <strong>las excavaciones confirman de forma s\u00f3lida su gran valor, potencial cultural y relevancia hist\u00f3rica<\/strong>. Se trata de una ciudad visigoda levantada \u201crepentinamente\u201d a 16 km de Valentia durante la segunda mitad del siglo VI, dominando la v\u00eda fluvial del r\u00edo T\u00faria.<\/p>\n<\/div>\n","protected":false},"excerpt":{"rendered":"<p>Se ha abierto el plazo de inscripci\u00f3n a la VIII edici\u00f3n del Curso pr\u00e1ctico de arqueolog\u00eda cristiana y visigoda, organizado por el ICAC junto con el Ayuntamiento de Riba-roja de T\u00faria. El curso se llevar\u00e1 a cabo del 29 de junio al 17 de julio en el yacimiento de Val\u00e8ncia la Vella (Riba-roja de T\u00faria, [&hellip;]<\/p>\n","protected":false},"author":231,"featured_media":107037,"comment_status":"closed","ping_status":"closed","sticky":false,"template":"","format":"standard","meta":{"_genesis_hide_title":false,"_genesis_hide_breadcrumbs":false,"_genesis_hide_singular_image":false,"_genesis_hide_footer_widgets":false,"_genesis_custom_body_class":"","_genesis_custom_post_class":"","_genesis_layout":""},"categories":[331,335],"tags":[],"_links":{"self":[{"href":"https:\/\/icac.cat\/es\/wp-json\/wp\/v2\/posts\/107072"}],"collection":[{"href":"https:\/\/icac.cat\/es\/wp-json\/wp\/v2\/posts"}],"about":[{"href":"https:\/\/icac.cat\/es\/wp-json\/wp\/v2\/types\/post"}],"author":[{"embeddable":true,"href":"https:\/\/icac.cat\/es\/wp-json\/wp\/v2\/users\/231"}],"replies":[{"embeddable":true,"href":"https:\/\/icac.cat\/es\/wp-json\/wp\/v2\/comments?post=107072"}],"version-history":[{"count":3,"href":"https:\/\/icac.cat\/es\/wp-json\/wp\/v2\/posts\/107072\/revisions"}],"predecessor-version":[{"id":107077,"href":"https:\/\/icac.cat\/es\/wp-json\/wp\/v2\/posts\/107072\/revisions\/107077"}],"wp:featuredmedia":[{"embeddable":true,"href":"https:\/\/icac.cat\/es\/wp-json\/wp\/v2\/media\/107037"}],"wp:attachment":[{"href":"https:\/\/icac.cat\/es\/wp-json\/wp\/v2\/media?parent=107072"}],"wp:term":[{"taxonomy":"category","embeddable":true,"href":"https:\/\/icac.cat\/es\/wp-json\/wp\/v2\/categories?post=107072"},{"taxonomy":"post_tag","embeddable":true,"href":"https:\/\/icac.cat\/es\/wp-json\/wp\/v2\/tags?post=107072"}],"curies":[{"name":"wp","href":"https:\/\/api.w.org\/{rel}","templated":true}]}}