{"id":20079,"date":"2016-05-05T09:48:32","date_gmt":"2016-05-05T07:48:32","guid":{"rendered":"http:\/\/www.icac.cat\/?p=20079"},"modified":"2016-05-05T10:10:49","modified_gmt":"2016-05-05T08:10:49","slug":"x-curs-darqueologia-de-guissona-aquest-juliol","status":"publish","type":"post","link":"https:\/\/icac.cat\/es\/actualitat\/noticies\/2016\/x-curs-darqueologia-de-guissona-aquest-juliol\/","title":{"rendered":"X Curs d\u2019arqueologia de Guissona aquest juliol"},"content":{"rendered":"<p>Aquest estiu s&#8217;organitza novament el <a href=\"http:\/\/museudeguissona.cat\/ca\/curs-darqueologia.html\" target=\"_blank\">Curs d\u2019arqueologia de Guissona Ciutat romana de Iesso<\/a>.<\/p>\n<p>Aquesta desena edici\u00f3 del curs t\u00e9 lloc <strong>del dilluns 4 al divendres 15 de juliol<\/strong> en aquest municipi de la Segarra. La preinscripci\u00f3 est\u00e0 oberta fins al <strong>31 de maig<\/strong>.<\/p>\n<p>Durant quinze dies estudiants, llicenciats i interessats en l\u2019arqueologia podran participar en el prov\u00e9s d&#8217;excavaci\u00f3 d\u2019una ciutat romana i aprofundir en la recerca i el proc\u00e9s de romanitzaci\u00f3 de la Catalunya interior.<\/p>\n<p>El curs consisteix en pr\u00e0ctiques de camp al parc arqueol\u00f2gic de la ciutat romana de <em>Iesso<\/em>, a m\u00e9s d&#8217;activitats complement\u00e0ries i cient\u00edfiques, com ara confer\u00e8ncies.<\/p>\n<p>Coorganitzat per l&#8217;ICAC, de l&#8217;Institut hi participen a part del <a href=\"https:\/\/icac.cat\/qui-som\/personal\/jguitart\/\">Josep Guitart<\/a>, director d&#8217;arqueologia de la ciutat romana de Iesso:<a href=\"https:\/\/icac.cat\/qui-som\/personal\/erodrigo\/\"> Esther Rodrigo<\/a> i <a href=\"https:\/\/icac.cat\/qui-som\/personal\/nromani\/\">N\u00faria Roman\u00ed<\/a> com a professores i <a href=\"https:\/\/icac.cat\/qui-som\/personal\/acortes\/\">Ada Cort\u00e9s<\/a> i <a href=\"https:\/\/icac.cat\/qui-som\/personal\/jmmacias\/\">Josep M. Macias<\/a> com a conferenciants.<\/p>\n<ul>\n<li>Preu: 150 \u20ac (inclou: asseguran\u00e7a, allotjament, esmorzar, dinar, trasllats al jaciment, classes pr\u00e0ctiques i te\u00f2riques, confer\u00e8ncies i visites culturals)<\/li>\n<li>Places limitades<\/li>\n<li>Organitza: Patronat d\u2019Arqueologia de Guissona, Universitat Aut\u00f2noma de Barcelona, Institut Catal\u00e0 d\u2019Arqueologia Cl\u00e0ssica.<\/li>\n<li>M\u00e9s informaci\u00f3: <a href=\"http:\/\/museudeguissona.cat\/ca\/curs-darqueologia.html\" target=\"_blank\">Museu de Guissona<\/a><\/li>\n<\/ul>\n<p><a href=\"https:\/\/icac.cat\/wp-content\/uploads\/2016\/05\/43_iesso16_cartell.jpg\"><img loading=\"lazy\" class=\"alignnone wp-image-20087 size-large\" src=\"https:\/\/icac.cat\/wp-content\/uploads\/2016\/05\/43_iesso16_cartell-724x1024.jpg\" alt=\"43_iesso16_cartell\" width=\"724\" height=\"1024\" srcset=\"https:\/\/icac.cat\/wp-content\/uploads\/2016\/05\/43_iesso16_cartell.jpg 724w, https:\/\/icac.cat\/wp-content\/uploads\/2016\/05\/43_iesso16_cartell-400x566.jpg 400w\" sizes=\"(max-width: 724px) 100vw, 724px\" \/><\/a><\/p>\n","protected":false},"excerpt":{"rendered":"<p>El curs t\u00e9 lloc del dilluns 4 al divendres 15 de juliol. La preinscripci\u00f3 est\u00e0 oberta fins al 31 de maig.<\/p>\n","protected":false},"author":49,"featured_media":20080,"comment_status":"closed","ping_status":"closed","sticky":false,"template":"","format":"standard","meta":{"_genesis_hide_title":false,"_genesis_hide_breadcrumbs":false,"_genesis_hide_singular_image":false,"_genesis_hide_footer_widgets":false,"_genesis_custom_body_class":"","_genesis_custom_post_class":"","_genesis_layout":""},"categories":[183],"tags":[300,301],"_links":{"self":[{"href":"https:\/\/icac.cat\/es\/wp-json\/wp\/v2\/posts\/20079"}],"collection":[{"href":"https:\/\/icac.cat\/es\/wp-json\/wp\/v2\/posts"}],"about":[{"href":"https:\/\/icac.cat\/es\/wp-json\/wp\/v2\/types\/post"}],"author":[{"embeddable":true,"href":"https:\/\/icac.cat\/es\/wp-json\/wp\/v2\/users\/49"}],"replies":[{"embeddable":true,"href":"https:\/\/icac.cat\/es\/wp-json\/wp\/v2\/comments?post=20079"}],"version-history":[{"count":5,"href":"https:\/\/icac.cat\/es\/wp-json\/wp\/v2\/posts\/20079\/revisions"}],"predecessor-version":[{"id":20088,"href":"https:\/\/icac.cat\/es\/wp-json\/wp\/v2\/posts\/20079\/revisions\/20088"}],"wp:featuredmedia":[{"embeddable":true,"href":"https:\/\/icac.cat\/es\/wp-json\/wp\/v2\/media\/20080"}],"wp:attachment":[{"href":"https:\/\/icac.cat\/es\/wp-json\/wp\/v2\/media?parent=20079"}],"wp:term":[{"taxonomy":"category","embeddable":true,"href":"https:\/\/icac.cat\/es\/wp-json\/wp\/v2\/categories?post=20079"},{"taxonomy":"post_tag","embeddable":true,"href":"https:\/\/icac.cat\/es\/wp-json\/wp\/v2\/tags?post=20079"}],"curies":[{"name":"wp","href":"https:\/\/api.w.org\/{rel}","templated":true}]}}