{"id":20813,"date":"2016-06-29T12:57:33","date_gmt":"2016-06-29T10:57:33","guid":{"rendered":"http:\/\/www.icac.cat\/?p=20813"},"modified":"2016-06-29T12:58:33","modified_gmt":"2016-06-29T10:58:33","slug":"fotografiar-el-patrimoni-arqueologic","status":"publish","type":"post","link":"https:\/\/icac.cat\/es\/actualitat\/noticies\/2016\/fotografiar-el-patrimoni-arqueologic\/","title":{"rendered":"Fotografiar el patrimoni arqueol\u00f2gic"},"content":{"rendered":"<p>Els fot\u00f2grafs <strong>Manel R. Granell<\/strong> i <strong>Rafael L\u00f3pez-Monn\u00e9<\/strong> parlen de fotografiar el patrimoni arqueol\u00f2gic en l&#8217;\u00faltim <a href=\"http:\/\/www.tarragonaradio.cat\/seccio\/toquem_pedra\/1\/838\" target=\"_blank\"><em>Toquem pedra<\/em><\/a>, el programa de divulgaci\u00f3 de l&#8217;arqueologia de l&#8217;ICAC a Tarragona R\u00e0dio. Els convidats s\u00f3n els encarregats de la fotografia del festival Tarraco Viva, entre altres projectes.<\/p>\n","protected":false},"excerpt":{"rendered":"<p>Els fot\u00f2grafs Manel R. Granell i Rafael L\u00f3pez-Monn\u00e9 en parlen en el programa de r\u00e0dio &#8216;Toquem pedra&#8217;. <\/p>\n","protected":false},"author":49,"featured_media":20815,"comment_status":"closed","ping_status":"closed","sticky":false,"template":"","format":"standard","meta":{"_genesis_hide_title":false,"_genesis_hide_breadcrumbs":false,"_genesis_hide_singular_image":false,"_genesis_hide_footer_widgets":false,"_genesis_custom_body_class":"","_genesis_custom_post_class":"","_genesis_layout":""},"categories":[184],"tags":[],"_links":{"self":[{"href":"https:\/\/icac.cat\/es\/wp-json\/wp\/v2\/posts\/20813"}],"collection":[{"href":"https:\/\/icac.cat\/es\/wp-json\/wp\/v2\/posts"}],"about":[{"href":"https:\/\/icac.cat\/es\/wp-json\/wp\/v2\/types\/post"}],"author":[{"embeddable":true,"href":"https:\/\/icac.cat\/es\/wp-json\/wp\/v2\/users\/49"}],"replies":[{"embeddable":true,"href":"https:\/\/icac.cat\/es\/wp-json\/wp\/v2\/comments?post=20813"}],"version-history":[{"count":3,"href":"https:\/\/icac.cat\/es\/wp-json\/wp\/v2\/posts\/20813\/revisions"}],"predecessor-version":[{"id":20818,"href":"https:\/\/icac.cat\/es\/wp-json\/wp\/v2\/posts\/20813\/revisions\/20818"}],"wp:featuredmedia":[{"embeddable":true,"href":"https:\/\/icac.cat\/es\/wp-json\/wp\/v2\/media\/20815"}],"wp:attachment":[{"href":"https:\/\/icac.cat\/es\/wp-json\/wp\/v2\/media?parent=20813"}],"wp:term":[{"taxonomy":"category","embeddable":true,"href":"https:\/\/icac.cat\/es\/wp-json\/wp\/v2\/categories?post=20813"},{"taxonomy":"post_tag","embeddable":true,"href":"https:\/\/icac.cat\/es\/wp-json\/wp\/v2\/tags?post=20813"}],"curies":[{"name":"wp","href":"https:\/\/api.w.org\/{rel}","templated":true}]}}