{"id":36160,"date":"2018-10-31T11:47:12","date_gmt":"2018-10-31T10:47:12","guid":{"rendered":"http:\/\/www.icac.cat\/es\/?p=36160"},"modified":"2018-10-31T13:32:51","modified_gmt":"2018-10-31T12:32:51","slug":"congreso-internacional-las-villas-romanas-bajoimperiales-de-hispania","status":"publish","type":"post","link":"https:\/\/icac.cat\/es\/actualitat\/noticies\/2018\/congreso-internacional-las-villas-romanas-bajoimperiales-de-hispania\/","title":{"rendered":"Congreso Internacional \u00abLas villas romanas bajoimperiales de Hispania\u00bb"},"content":{"rendered":"<p>La investigadora del ICAC <a href=\"https:\/\/icac.cat\/es\/quienes-somos\/personal\/mprevosti\/\" target=\"_blank\"><strong>Marta Prevosti<\/strong><\/a> participa en el Congreso Internacional <a href=\"https:\/\/www.villaromanalaolmeda.com\/villa\/todos\/eventos\/congreso-internacional-villas-romanas-bajoimperiales-hispania\" target=\"_blank\">\u00abLas villas romanas bajoimperiales de Hispania\u00bb<\/a>, que se celebrar\u00e1 en Palencia del 15 al 17 de noviembre de 2018. La presentaci\u00f3n de Prevosti se titula <strong>\u00abLa vida cotidiana en las villas bajoimperiales hisp\u00e1nicas\u00bb<\/strong> (viernes 16 de noviembre, 16 h).<\/p>\n<p>El Congreso, organizado por el Servicio de Cultura de la Diputaci\u00f3n de Palencia, se dirije particularmente a especialistas del mundo romano bajoimperial. Contar\u00e1 con la participaci\u00f3n de expertos y expertas de prestigio internacional procedentes de universidades espa\u00f1olas y europeas. Pod\u00e9is consultar en el siguiente enlace el\u00a0<strong><a href=\"https:\/\/icac.cat\/wp-content\/uploads\/2018\/10\/CongresoVillasRomanas2018.pdf\">programa<\/a><\/strong> completo.<em><br \/>\n<\/em><\/p>\n<p>La iniciativa del congreso responde a la celebraci\u00f3n del 50 Aniversario del Descubrimiento de la <a href=\"https:\/\/www.villaromanalaolmeda.com\/villa\/olmeda\/presentacion\" target=\"_blank\">Villa Romana La Olmeda<\/a> (Pedrosa de la Vega, Palencia), un yacimiento arqueol\u00f3gico que Javier Cortes \u00c1lvarez de Miranda descubri\u00f3 en su propiedad de manera fortuita en 1968.<\/p>\n","protected":false},"excerpt":{"rendered":"<p>La investigadora del ICAC Marta Prevosti participa en el Congreso Internacional \u00abLas villas romanas bajoimperiales de Hispania\u00bb, que se celebrar\u00e1 en Palencia del 15 al 17 de noviembre de 2018. La presentaci\u00f3n de Prevosti se titula \u00abLa vida cotidiana en las villas bajoimperiales hisp\u00e1nicas\u00bb (viernes 16 de noviembre, 16 h). El Congreso, organizado por el [&hellip;]<\/p>\n","protected":false},"author":157,"featured_media":36146,"comment_status":"closed","ping_status":"closed","sticky":false,"template":"","format":"standard","meta":{"_genesis_hide_title":false,"_genesis_hide_breadcrumbs":false,"_genesis_hide_singular_image":false,"_genesis_hide_footer_widgets":false,"_genesis_custom_body_class":"","_genesis_custom_post_class":"","_genesis_layout":""},"categories":[329],"tags":[],"_links":{"self":[{"href":"https:\/\/icac.cat\/es\/wp-json\/wp\/v2\/posts\/36160"}],"collection":[{"href":"https:\/\/icac.cat\/es\/wp-json\/wp\/v2\/posts"}],"about":[{"href":"https:\/\/icac.cat\/es\/wp-json\/wp\/v2\/types\/post"}],"author":[{"embeddable":true,"href":"https:\/\/icac.cat\/es\/wp-json\/wp\/v2\/users\/157"}],"replies":[{"embeddable":true,"href":"https:\/\/icac.cat\/es\/wp-json\/wp\/v2\/comments?post=36160"}],"version-history":[{"count":2,"href":"https:\/\/icac.cat\/es\/wp-json\/wp\/v2\/posts\/36160\/revisions"}],"predecessor-version":[{"id":36173,"href":"https:\/\/icac.cat\/es\/wp-json\/wp\/v2\/posts\/36160\/revisions\/36173"}],"wp:featuredmedia":[{"embeddable":true,"href":"https:\/\/icac.cat\/es\/wp-json\/wp\/v2\/media\/36146"}],"wp:attachment":[{"href":"https:\/\/icac.cat\/es\/wp-json\/wp\/v2\/media?parent=36160"}],"wp:term":[{"taxonomy":"category","embeddable":true,"href":"https:\/\/icac.cat\/es\/wp-json\/wp\/v2\/categories?post=36160"},{"taxonomy":"post_tag","embeddable":true,"href":"https:\/\/icac.cat\/es\/wp-json\/wp\/v2\/tags?post=36160"}],"curies":[{"name":"wp","href":"https:\/\/api.w.org\/{rel}","templated":true}]}}