{"id":3666,"date":"2010-01-31T17:15:01","date_gmt":"2010-01-31T17:15:01","guid":{"rendered":"http:\/\/www.icac.cat\/?post_type=post&#038;p=3666"},"modified":"2015-07-06T16:58:48","modified_gmt":"2015-07-06T16:58:48","slug":"dret-i-arqueologia-segon-seminari-internacional-el-gener-del-2009","status":"publish","type":"post","link":"https:\/\/icac.cat\/es\/actualitat\/noticies\/2010\/dret-i-arqueologia-segon-seminari-internacional-el-gener-del-2009\/","title":{"rendered":"Dret i arqueologia: segon seminari internacional el gener del 2009"},"content":{"rendered":"<p><a href=\"https:\/\/icac.cat\/wp-content\/uploads\/images\/stories\/gal.leria\/seminaris\/seminaristripticnou.jpg\" target=\"_blank\"><img loading=\"lazy\" src=\"https:\/\/icac.cat\/wp-content\/uploads\/images\/stories\/gal.leria\/seminaris\/seminaristripticnou.jpg\" border=\"0\" alt=\"Seminaris Internacionals d'Arqueologia Cl\u00e0ssica\" width=\"170\" height=\"358\" align=\"right\"><\/a><\/p>\n<p>El segon cicle dels Seminaris Internacionals d&#8217;Arqueologia Cl\u00e0ssica, organitzats per cinquena edici\u00f3 per la URV, la UAB i l&#8217;ICAC, <strong>Dret rom\u00e0 i arqueologia<\/strong>, ha tingut lloc els dies 13, 14 i 15 de gener de 2009. Teresa Gim\u00e9nez Candela (UAB) n&#8217;\u00e9s al coordinadora cient\u00edfica. Ha constat de dotze confer\u00e8ncies i ha comptat amb els professors Felice Costabile (Universit\u00e0 di Catanzara\/Universit\u00e0 Mediterrania de Regio Calabria), Mich\u00e8le Ducos (Universit\u00e9 de Paris-Sorbonne, Par\u00eds IV), Jos\u00e9 Mart\u00ednez G\u00e1zquez (UAB) i Encarnaci\u00f3 Ricart (URV).<\/p>\n<\/p>\n<h5> <\/h5>\n<h5>Confer\u00e8ncia inaugural a c\u00e0rrec del professor Felice Costabile<\/h5>\n<p align=\"center\">\n<p align=\"center\">\n<p align=\"center\">Sota el t\u00edtol \u00abGli statuti delle citt\u00e0 romane\u00bb, el professor Felice Costabile de la Universit\u00e0 degli Studi Mediterranea di Reggio Calabria va fer la confer\u00e8ncia inaugural del segon seminari el dilluns 12 d&#8217;abril a les 19 hores a la Sala d&#8217;Actes de l&#8217;ICAC.<\/p>\n<p align=\"center\">\n<p align=\"center\">\n<p align=\"justify\"><a href=\"https:\/\/icac.cat\/wp-content\/uploads\/images\/stories\/gal.leria\/seminaris\/costabile1.jpg\" target=\"_blank\"><img loading=\"lazy\" src=\"https:\/\/icac.cat\/wp-content\/uploads\/images\/stories\/gal.leria\/seminaris\/costabile1.jpg\" border=\"0\" alt=\"Felice Costabile\" width=\"250\" height=\"188\"><\/a> <\/p>\n<p align=\"justify\">\n<p align=\"justify\"> <a href=\"https:\/\/icac.cat\/wp-content\/uploads\/images\/stories\/gal.leria\/seminaris\/costabile3.jpg\" target=\"_blank\"><img loading=\"lazy\" src=\"https:\/\/icac.cat\/wp-content\/uploads\/images\/stories\/gal.leria\/seminaris\/costabile3.jpg\" border=\"0\" alt=\"P\u00fablic sala d'actes ICAC\" width=\"250\" height=\"188\"><\/a> <a href=\"https:\/\/icac.cat\/wp-content\/uploads\/images\/stories\/gal.leria\/seminaris\/costabile2.jpg\" target=\"_blank\"><img loading=\"lazy\" src=\"https:\/\/icac.cat\/wp-content\/uploads\/images\/stories\/gal.leria\/seminaris\/costabile2.jpg\" border=\"0\" alt=\"Sala d'actes confer\u00e8ncia Costabile\" width=\"250\" height=\"188\"><\/a><\/p>\n<p align=\"justify\">\n<p align=\"justify\">\n<h6>Felice Costabile durant la seva confer\u00e8ncia. Imatge del p\u00fablic i de la taula, presidida per Isabel Rod\u00e0, directora de l&#8217;ICAC, i amb Teresa Gim\u00e9nez Candela (UAB), coordinadora cient\u00edfica del seminari.<\/h6>\n<p align=\"justify\">\n<p align=\"justify\">\n<p align=\"justify\"> <a href=\"https:\/\/icac.cat\/wp-content\/uploads\/images\/stories\/gal.leria\/seminaris\/gimenez.jpg\" target=\"_blank\"><img loading=\"lazy\" src=\"https:\/\/icac.cat\/wp-content\/uploads\/images\/stories\/gal.leria\/seminaris\/gimenez.jpg\" border=\"0\" alt=\"Teresa Gim\u00e9nez Candela\" width=\"240\" height=\"180\"><\/a> <a href=\"https:\/\/icac.cat\/wp-content\/uploads\/images\/stories\/gal.leria\/seminaris\/ducos.jpg\" target=\"_blank\"><img loading=\"lazy\" src=\"https:\/\/icac.cat\/wp-content\/uploads\/images\/stories\/gal.leria\/seminaris\/ducos.jpg\" border=\"0\" alt=\"Mich\u00e8le Ducos\" width=\"240\" height=\"180\"><\/a> <a href=\"https:\/\/icac.cat\/wp-content\/uploads\/images\/stories\/gal.leria\/seminaris\/martinez.jpg\" target=\"_blank\"><img loading=\"lazy\" src=\"https:\/\/icac.cat\/wp-content\/uploads\/images\/stories\/gal.leria\/seminaris\/martinez.jpg\" border=\"0\" alt=\"Jos\u00e9 Mart\u00ednez G\u00e1zquez\" width=\"240\" height=\"180\"><\/a><\/p>\n<p align=\"justify\">\n<h6>D&#8217;esquerra a dreta, Teresa Gim\u00e9nez Candela presentant el Felice Costabile, Mich\u00e8le Ducos durant la seva intervenci\u00f3 i Jos\u00e9 Mart\u00ednez G\u00e1zquez.<\/h6>\n<p align=\"justify\">\n<p align=\"justify\">\n<p align=\"justify\">\n<p align=\"justify\"> <a href=\"https:\/\/icac.cat\/wp-content\/uploads\/images\/stories\/gal.leria\/seminaris\/sala.jpg\" target=\"_blank\"><img loading=\"lazy\" src=\"https:\/\/icac.cat\/wp-content\/uploads\/images\/stories\/gal.leria\/seminaris\/sala.jpg\" border=\"0\" alt=\"Sala d'actes ICAC\" width=\"300\" height=\"225\"><\/a> <a href=\"https:\/\/icac.cat\/wp-content\/uploads\/images\/stories\/gal.leria\/seminaris\/ricart.jpg\" target=\"_blank\"><img loading=\"lazy\" src=\"https:\/\/icac.cat\/wp-content\/uploads\/images\/stories\/gal.leria\/seminaris\/ricart.jpg\" border=\"0\" alt=\"Encarnaci\u00f3 Sala\" width=\"169\" height=\"225\"><\/a><\/p>\n<p align=\"justify\">\n<h6> Aspecte de la Sala d&#8217;actes de l&#8217;ICAC. A la dreta, Encarnaci\u00f3 Ricart.<\/h6>\n<p align=\"justify\">\n<p align=\"justify\">\n<p>Els seminaris estan especialment pensats com a formaci\u00f3 complement\u00e0ria per als estudiants del M\u00e0ster oficial en arqueologia cl\u00e0ssica (UAB, URV i ICAC), per\u00f2 tamb\u00e9 s&#8217;adrecen als estudiants d\u2019arqueologia i est\u00e0 obert al p\u00fablic general. Els alumnes de la Facultat de Lletres de la URV podran sol\u00b7licitar la convalidaci\u00f3 per cr\u00e8dits de lliure elecci\u00f3 (cada seminari equival a un cr\u00e8dit i mig).<\/p>\n<p align=\"justify\">Pel que fa al tercer i \u00faltim seminari, titulat <strong>Arquitectura hel\u00b7len\u00edstica: de Rodes a Emp\u00faries<\/strong>, es dur\u00e0 a terme els dies 27, 28 i 29 d&#8217;abril de 2009. Els coordinadors cient\u00edfics s\u00f3n Jes\u00fas Carruesco (URV-ICAC) i Gemma Fortea (ICAC). La confer\u00e8ncia inaugural ser\u00e0 a c\u00e0rrec d&#8217;Enzo Lippolis (Universit\u00e0 La Sapienza di Roma), que tamb\u00e9 far\u00e0 cinc de les dotze confer\u00e8ncies.<\/p>\n<p>A continuaci\u00f3 trobareu la programaci\u00f3 de tots tres seminaris, el preu i la butlleta d&#8217;inscripci\u00f3. Per a m\u00e9s informaci\u00f3, podeu trucar al 977 24 91 33 (ext. 205) o escriure a <a href=\"mailto:info@icac.net\">info@icac.net<\/a><\/p>\n<p><img src=\"https:\/\/icac.cat\/wp-content\/uploads\/images\/pdf_button.png\" border=\"0\"> <a href=\"https:\/\/icac.cat\/wp-content\/uploads\/images\/stories\/pdf\/seminaris\/seminaris12i3.pdf\" target=\"_blank\">Primer, segon i tercer seminaris<\/a><\/p><\/p>\n","protected":false},"excerpt":{"rendered":"<p><a href=\"https:\/\/icac.cat\/wp-content\/uploads\/images\/stories\/gal.leria\/seminaris\/seminarisfotonova.jpg\" target=\"_blank\"> <img loading=\"lazy\" src=\"https:\/\/icac.cat\/wp-content\/uploads\/images\/stories\/gal.leria\/seminaris\/seminarisfotonova.jpg\" border=\"0\" alt=\"seminaris\" width=\"160\" height=\"131\" align=\"left\"> <\/a> Dins de la cinquena edici\u00f3 dels Seminaris Internacionals d&#8217;Arqueologia Cl\u00e0ssica, els dies 12, 13 i 14 de gener ha tingut lloc el seminari Dret rom\u00e0 i arqueologia. A l&#8217;abril es fa el tercer seminari, Arquitectura hel\u00b7len\u00edstica: de Rodes a Emp\u00faries.<\/p>\n","protected":false},"author":1,"featured_media":0,"comment_status":"closed","ping_status":"closed","sticky":false,"template":"","format":"standard","meta":{"_genesis_hide_title":false,"_genesis_hide_breadcrumbs":false,"_genesis_hide_singular_image":false,"_genesis_hide_footer_widgets":false,"_genesis_custom_body_class":"","_genesis_custom_post_class":"","_genesis_layout":""},"categories":[1],"tags":[],"_links":{"self":[{"href":"https:\/\/icac.cat\/es\/wp-json\/wp\/v2\/posts\/3666"}],"collection":[{"href":"https:\/\/icac.cat\/es\/wp-json\/wp\/v2\/posts"}],"about":[{"href":"https:\/\/icac.cat\/es\/wp-json\/wp\/v2\/types\/post"}],"author":[{"embeddable":true,"href":"https:\/\/icac.cat\/es\/wp-json\/wp\/v2\/users\/1"}],"replies":[{"embeddable":true,"href":"https:\/\/icac.cat\/es\/wp-json\/wp\/v2\/comments?post=3666"}],"version-history":[{"count":1,"href":"https:\/\/icac.cat\/es\/wp-json\/wp\/v2\/posts\/3666\/revisions"}],"predecessor-version":[{"id":9280,"href":"https:\/\/icac.cat\/es\/wp-json\/wp\/v2\/posts\/3666\/revisions\/9280"}],"wp:attachment":[{"href":"https:\/\/icac.cat\/es\/wp-json\/wp\/v2\/media?parent=3666"}],"wp:term":[{"taxonomy":"category","embeddable":true,"href":"https:\/\/icac.cat\/es\/wp-json\/wp\/v2\/categories?post=3666"},{"taxonomy":"post_tag","embeddable":true,"href":"https:\/\/icac.cat\/es\/wp-json\/wp\/v2\/tags?post=3666"}],"curies":[{"name":"wp","href":"https:\/\/api.w.org\/{rel}","templated":true}]}}