{"id":3848,"date":"2010-01-31T18:05:36","date_gmt":"2010-01-31T18:05:36","guid":{"rendered":"http:\/\/www.icac.cat\/?post_type=post&#038;p=3848"},"modified":"2015-07-06T16:58:47","modified_gmt":"2015-07-06T16:58:47","slug":"celebrat-el-iv-forum-auriga-durant-els-dies-8-i-9-de-novembre","status":"publish","type":"post","link":"https:\/\/icac.cat\/es\/actualitat\/noticies\/2010\/celebrat-el-iv-forum-auriga-durant-els-dies-8-i-9-de-novembre\/","title":{"rendered":"Celebrat el IV F\u00f2rum Auriga durant els dies 8 i 9 de novembre"},"content":{"rendered":"<p>A continuaci\u00f3 trobareu el resum de les comunicacions i algunes imatges gr\u00e0fiques del IV F\u00f2rum Auriga, titulat <strong>El centenari de l\u2019inici de les excavacions dels jaciments d\u2019Emp\u00faries (Alt Empord\u00e0) i R\u00fascino (Rossell\u00f3)<\/strong>. Aquesta trobada, que ha estat en homenatge a R\u00e9my Marichal, s&#8217;ha celebrat el cap de setmana del 8-9 de novembre en el marc de la Capital de la Cultura Catalana Perpiny\u00e0 2008.<\/p>\n<p><img src=\"https:\/\/icac.cat\/wp-content\/uploads\/images\/pdf_button.png\" border=\"0\"> <a href=\"https:\/\/icac.cat\/wp-content\/uploads\/images\/stories\/pdf\/forumauriga.pdf\" target=\"_blank\">IV F\u00f2rum Auriga<\/a><\/p>\n","protected":false},"excerpt":{"rendered":"<p><a href=\"https:\/\/icac.cat\/wp-content\/uploads\/images\/stories\/gal.leria\/aurigagrup.jpg\" target=\"_blank\"> <img loading=\"lazy\" src=\"https:\/\/icac.cat\/wp-content\/uploads\/images\/stories\/gal.leria\/aurigagrup.jpg\" border=\"0\" alt=\"IV F\u00f2rum Auriga\" width=\"240\" height=\"107\"> <\/a> La quarta edici\u00f3 del F\u00f2rum Auriga s&#8217;ha dut a terme a Perpiny\u00e0, Capital de la Cultura Catalana 2008.<\/p>\n","protected":false},"author":1,"featured_media":0,"comment_status":"closed","ping_status":"closed","sticky":false,"template":"","format":"standard","meta":{"_genesis_hide_title":false,"_genesis_hide_breadcrumbs":false,"_genesis_hide_singular_image":false,"_genesis_hide_footer_widgets":false,"_genesis_custom_body_class":"","_genesis_custom_post_class":"","_genesis_layout":""},"categories":[1],"tags":[],"_links":{"self":[{"href":"https:\/\/icac.cat\/es\/wp-json\/wp\/v2\/posts\/3848"}],"collection":[{"href":"https:\/\/icac.cat\/es\/wp-json\/wp\/v2\/posts"}],"about":[{"href":"https:\/\/icac.cat\/es\/wp-json\/wp\/v2\/types\/post"}],"author":[{"embeddable":true,"href":"https:\/\/icac.cat\/es\/wp-json\/wp\/v2\/users\/1"}],"replies":[{"embeddable":true,"href":"https:\/\/icac.cat\/es\/wp-json\/wp\/v2\/comments?post=3848"}],"version-history":[{"count":1,"href":"https:\/\/icac.cat\/es\/wp-json\/wp\/v2\/posts\/3848\/revisions"}],"predecessor-version":[{"id":9239,"href":"https:\/\/icac.cat\/es\/wp-json\/wp\/v2\/posts\/3848\/revisions\/9239"}],"wp:attachment":[{"href":"https:\/\/icac.cat\/es\/wp-json\/wp\/v2\/media?parent=3848"}],"wp:term":[{"taxonomy":"category","embeddable":true,"href":"https:\/\/icac.cat\/es\/wp-json\/wp\/v2\/categories?post=3848"},{"taxonomy":"post_tag","embeddable":true,"href":"https:\/\/icac.cat\/es\/wp-json\/wp\/v2\/tags?post=3848"}],"curies":[{"name":"wp","href":"https:\/\/api.w.org\/{rel}","templated":true}]}}