{"id":38506,"date":"2019-02-05T10:28:35","date_gmt":"2019-02-05T09:28:35","guid":{"rendered":"http:\/\/www.icac.cat\/es\/?p=38506"},"modified":"2019-02-08T08:48:27","modified_gmt":"2019-02-08T07:48:27","slug":"celebracion-del-dia-internacional-de-la-mujer-y-la-nina-en-la-ciencia","status":"publish","type":"post","link":"https:\/\/icac.cat\/es\/actualitat\/noticies\/2019\/celebracion-del-dia-internacional-de-la-mujer-y-la-nina-en-la-ciencia\/","title":{"rendered":"Celebraci\u00f3n del D\u00eda Internacional de la Mujer y la Ni\u00f1a en la Ciencia"},"content":{"rendered":"<p>El ICAC consolida este a\u00f1o su compromiso con el <strong>D\u00eda Internacional de la Mujer y la Ni\u00f1a en la Ciencia<\/strong>, que ya celebr\u00f3 en 2018 con distintas actividades.<\/p>\n<p>Desde el <a href=\"https:\/\/icac.cat\/es\/quienes-somos\/excelencia-en-rh\/igualdad-2\/\" target=\"_blank\">Comit\u00e9 de Igualda<\/a>d, el Instituto ha organizado distintas charlas divulgativas y se ha sumado a la iniciativa de la <a href=\"https:\/\/divulgatgn.wordpress.com\/\" target=\"_blank\">Asociaci\u00f3n de Divulgaci\u00f3n Cient\u00edfica del Camp de Tarragona<\/a>.<\/p>\n<h5>Encuentro con cient\u00edficas de Tarragona<\/h5>\n<p>El ICAC participa en uno de los<strong>\u00a0Encuentros<\/strong><strong>\u00a0con cient\u00edficas de Tarragona<\/strong>,<strong>\u00a0<\/strong>organizados por la Asociaci\u00f3n de Divulgaci\u00f3n Cient\u00edfica del Camp de Tarragona en motivo de la celebraci\u00f3n del 11 de febrero (<a href=\"https:\/\/icac.cat\/wp-content\/uploads\/2019\/02\/11-febrer_Ass-DivulgaTGN_programa-activitats-2019.pdf\" target=\"_blank\">programa de actividades<\/a>).<\/p>\n<div class=\"highlight-block\">\n<p>El lunes\u00a0<strong>11 de febrero a las 12h<\/strong>\u00a0en la Aula Magna del <strong>Campus Catalunya de la URV<\/strong>. Con la participaci\u00f3n de las investigadoras: Mar\u00eda Jos\u00e9 Figueras (rectora de la URV), <a href=\"https:\/\/icac.cat\/es\/quienes-somos\/personal\/agutierrez\/\" target=\"_blank\"><strong>Anna Guti\u00e9rrez <\/strong><\/a>(ICAC), Sonia Fern\u00e1ndez (IISPV) y S\u00edlvia de Lamo (URV). Modera: \u200bToni P\u00e9rez-Portabella.<\/p>\n<\/div>\n<p>&nbsp;<\/p>\n<h5>Charlas divulgativas en centros de secundaria<\/h5>\n<p>Las charlas organizadas por el ICAC las har\u00e1n las investigadoras <a href=\"https:\/\/icac.cat\/es\/quienes-somos\/personal\/lcolominas\/\" target=\"_blank\"><strong>L\u00eddia Colominas<\/strong><\/a>\u00a0y\u00a0<a href=\"https:\/\/icac.cat\/es\/quienes-somos\/personal\/msalagaray\/\" target=\"_blank\"><strong>Maite Salagaray<\/strong><\/a>.<\/p>\n<ul>\n<li><strong><em>Arqueolog\u00eda y desigualdades<\/em><\/strong>, a cargo de L\u00eddia Colominas. Mi\u00e9rcoles 6 de febrero, en el Instituto Josep Tapir\u00f3 (Reus).<\/li>\n<li><strong><em>El secreto del Dr. Barry<\/em><\/strong>, a cargo de Maite Salagaray. Lunes 11 de febrero, en el Instituto Sant Pere i Sant Pau (Tarragona).<\/li>\n<\/ul>\n<p>&nbsp;<\/p>\n<hr \/>\n<h6>El 15 de diciembre de 2015 la <strong>Asamblea General de las Naciones Unidas<\/strong>\u00a0proclam\u00f3 el 11 de febrero de cada a\u00f1o como el <a href=\"http:\/\/www.un.org\/es\/events\/women-and-girls-in-science-day\/index.shtml\" target=\"_blank\"><strong>D\u00eda Internacional de la Mujer y la Ni\u00f1a en la Ciencia<\/strong><\/a>.<\/h6>\n<blockquote><p>\u00abEn este D\u00eda Internacional, insto a que se asuma el compromiso de poner fin a los prejuicios, a que se invierta m\u00e1s en educaci\u00f3n en CTIM para todas las mujeres y las ni\u00f1as y a que se les ofrezcan oportunidades de mejorar sus perspectivas de carrera y su desarrollo profesional a m\u00e1s largo plazo, para que todas las personas puedan beneficiarse de sus innovadoras contribuciones en el futuro\u00bb. \u2014 <a href=\"https:\/\/www.un.org\/sg\/es\" target=\"_blank\">Secretario General, Ant\u00f3nio Guterres<\/a><\/p><\/blockquote>\n","protected":false},"excerpt":{"rendered":"<p>El ICAC consolida este a\u00f1o su compromiso con el D\u00eda Internacional de la Mujer y la Ni\u00f1a en la Ciencia, que ya celebr\u00f3 en 2018 con distintas actividades. Desde el Comit\u00e9 de Igualdad, el Instituto ha organizado distintas charlas divulgativas y se ha sumado a la iniciativa de la Asociaci\u00f3n de Divulgaci\u00f3n Cient\u00edfica del Camp [&hellip;]<\/p>\n","protected":false},"author":160,"featured_media":38638,"comment_status":"closed","ping_status":"closed","sticky":false,"template":"","format":"standard","meta":{"_genesis_hide_title":false,"_genesis_hide_breadcrumbs":false,"_genesis_hide_singular_image":false,"_genesis_hide_footer_widgets":false,"_genesis_custom_body_class":"","_genesis_custom_post_class":"","_genesis_layout":""},"categories":[329,343,332],"tags":[],"_links":{"self":[{"href":"https:\/\/icac.cat\/es\/wp-json\/wp\/v2\/posts\/38506"}],"collection":[{"href":"https:\/\/icac.cat\/es\/wp-json\/wp\/v2\/posts"}],"about":[{"href":"https:\/\/icac.cat\/es\/wp-json\/wp\/v2\/types\/post"}],"author":[{"embeddable":true,"href":"https:\/\/icac.cat\/es\/wp-json\/wp\/v2\/users\/160"}],"replies":[{"embeddable":true,"href":"https:\/\/icac.cat\/es\/wp-json\/wp\/v2\/comments?post=38506"}],"version-history":[{"count":3,"href":"https:\/\/icac.cat\/es\/wp-json\/wp\/v2\/posts\/38506\/revisions"}],"predecessor-version":[{"id":38509,"href":"https:\/\/icac.cat\/es\/wp-json\/wp\/v2\/posts\/38506\/revisions\/38509"}],"wp:featuredmedia":[{"embeddable":true,"href":"https:\/\/icac.cat\/es\/wp-json\/wp\/v2\/media\/38638"}],"wp:attachment":[{"href":"https:\/\/icac.cat\/es\/wp-json\/wp\/v2\/media?parent=38506"}],"wp:term":[{"taxonomy":"category","embeddable":true,"href":"https:\/\/icac.cat\/es\/wp-json\/wp\/v2\/categories?post=38506"},{"taxonomy":"post_tag","embeddable":true,"href":"https:\/\/icac.cat\/es\/wp-json\/wp\/v2\/tags?post=38506"}],"curies":[{"name":"wp","href":"https:\/\/api.w.org\/{rel}","templated":true}]}}