{"id":3851,"date":"2010-01-31T18:06:15","date_gmt":"2010-01-31T18:06:15","guid":{"rendered":"http:\/\/www.icac.cat\/?post_type=post&#038;p=3851"},"modified":"2015-07-06T16:58:47","modified_gmt":"2015-07-06T16:58:47","slug":"entrevista-ramon-jarrega-parla-de-la-vil%c2%b7la-romana-de-lalqueria-moncofa","status":"publish","type":"post","link":"https:\/\/icac.cat\/es\/actualitat\/noticies\/2010\/entrevista-ramon-jarrega-parla-de-la-vil%c2%b7la-romana-de-lalqueria-moncofa\/","title":{"rendered":"Entrevista: Ramon J\u00e1rrega parla de la vil\u00b7la romana de L\u2019Alqueria (Moncofa)"},"content":{"rendered":"<p> <a href=\"https:\/\/icac.cat\/wp-content\/uploads\/images\/stories\/gal.leria\/alqueria\/ramon%20jarrega.jpg\" target=\"_blank\"><img loading=\"lazy\" src=\"https:\/\/icac.cat\/wp-content\/uploads\/images\/stories\/gal.leria\/alqueria\/ramon%20jarrega.jpg\" border=\"0\" alt=\"Ramon J\u00e1rrega\" width=\"200\" height=\"150\" align=\"right\"><\/a><\/p>\n<p>Despr\u00e9s de dues campanyes arqueol\u00f2giques (2007 i 2008) en aquesta vil\u2022la romana de Moncofa (Plana Baixa, Castell\u00f3), Ramon J\u00e1rrega, director t\u00e8cnic de les excavacions i investigador de l\u2019ICAC, en fa la valoraci\u00f3. J\u00e1rrega ha estat quatre anys professor associat d\u2019Hist\u00f2ria antiga a la Universitat Jaume I de Castell\u00f3 i actualment \u00e9s arque\u00f2leg investigador de l\u2019ICAC. <a href=\"https:\/\/icac.cat\/wp-content\/uploads\/images\/stories\/gal.leria\/alqueria\/ramon%20jarrega.jpg\" target=\"_blank\"><\/a> <\/p>\n<p>L\u2019Alqueria \u00e9s un jaciment clau per a l\u2019estudi de la romanitzaci\u00f3 a la comarca de la Plana Baixa (Castell\u00f3). \u00c9s molt probable que correspongui a una vil\u2022la romana perqu\u00e8 s\u2019hi han trobat fragments de pintura parietal. Probablement aquesta vil\u2022la va pert\u00e0nyer en \u00e8poca romana al territori de Saguntum. Entre les troballes m\u00e9s rellevants hi ha tres dip\u00f2sits de l\u00edquids amb paviment d\u2019opus spicatum i el caracter\u00edstic revestiment de mitja canya. El dip\u00f2sit m\u00e9s gran fa 5,60 x 5,30 metres per 1,50 de fond\u00e0ria.<\/p>\n<p> <a href=\"https:\/\/icac.cat\/wp-content\/uploads\/images\/stories\/gal.leria\/alqueria\/detall%20diposit.jpg\" target=\"_blank\"><img loading=\"lazy\" src=\"https:\/\/icac.cat\/wp-content\/uploads\/images\/stories\/gal.leria\/alqueria\/detall%20diposit.jpg\" border=\"0\" alt=\"Dip\u00f2sit L'Alqueria\" width=\"290\" height=\"193\"><\/a> <a href=\"https:\/\/icac.cat\/wp-content\/uploads\/images\/stories\/gal.leria\/alqueria\/resultat%20general.jpg\" target=\"_blank\"><img loading=\"lazy\" src=\"https:\/\/icac.cat\/wp-content\/uploads\/images\/stories\/gal.leria\/alqueria\/resultat%20general.jpg\" border=\"0\" alt=\"Vista general L'Alqueria\" width=\"290\" height=\"193\"><\/a><\/p>\n<h6>Imatges dels dip\u00f2sits del jaciment de L&#8217;Alqueria. <\/h6>\n<p>Les intervencions a L\u2019Alqueria formen part d\u2019un programa de recerca de la Universitat Jaume I (UJI) dirigit pel dr. Juan Jos\u00e9 Ferrer i finan\u00e7at per la Direcci\u00f3 General de Patrimoni de la Generalitat Valenciana. Properament se signar\u00e0 un conveni de col\u2022laboraci\u00f3 entre la UJI i l\u2019ICAC per donar continu\u00eftat als treballs. Est\u00e0 previst que les restes arqueol\u00f2giques de la vil\u2022la de L\u2019Alqueria s\u2019integrin dins un projecte de camp de golf que promou el mateix Ajuntament de Moncofa.<\/p>\n<p><strong>Per qu\u00e8 s\u00f3n importants els dip\u00f2sits que s\u2019han trobat a L\u2019Alqueria? <\/strong><\/p>\n<p>Perqu\u00e8 ens indiquen una part de l\u2019economia de les vil\u2022les romanes. S\u00f3n un element d\u2019explotaci\u00f3 del territori i permeten documentar part del proc\u00e9s de transformaci\u00f3 de la collita.<\/p>\n<p><strong>Collita de qu\u00e8?<\/strong><\/p>\n<p>S\u2019estan fent an\u00e0lisis del morter de la paret per saber qu\u00e8 contenien. Hi ha la tend\u00e8ncia de pensar que servien per a vi o oli, els dos grans productes de la Mediterr\u00e0nia a part del blat, per\u00f2 tamb\u00e9 podien servir per a salaons, una hip\u00f2tesi plausible per la proximitat del mar. A X\u00e0tiva fins i tot s\u2019han trobat dip\u00f2sits per fer lli.<\/p>\n<p><strong>Les an\u00e0lisis ho aclariran?<\/strong><\/p>\n<p>S\u00ed. I si podem excavar al voltant tamb\u00e9 ser\u00e0 m\u00e9s f\u00e0cil saber com funcionava el conjunt. En una excavaci\u00f3 com m\u00e9s superf\u00edcie abastis m\u00e9s possibilitat tens, per planimetria, de saber per a qu\u00e8 servia cada \u00e0mbit. Si eren dip\u00f2sits per a oli o vi, per exemple, tamb\u00e9 hi havia d\u2019haver un punt de premsat i un punt de decantaci\u00f3. Si tenim sort, els trobarem.<\/p>\n<p><strong>Aix\u00f2 demostraria que eren instal\u2022lacions industrials? <\/strong><\/p>\n<p>No ho sabem. No semblen dip\u00f2sits per a l\u2019autoconsum, per\u00f2 ho podrien ser.<\/p>\n<p><strong>Quan es van construir? <\/strong><\/p>\n<p>En aquest jaciment hi ha material arqueol\u00f2gic ib\u00e8ric o romanorepublic\u00e0, per\u00f2 no estrats arqueol\u00f2gics d\u2019aquesta \u00e8poca. I els dip\u00f2sits no sabem quan es van fer, perqu\u00e8 les parets presenten diferents capes de revestiment hidr\u00e0ulic (senyal que se\u2019n va fer un \u00fas continuat). Per\u00f2 s\u00ed que sabem quan es van abandonar: al segle IV.<\/p>\n<p><strong>Com \u00e9s? <\/strong><\/p>\n<p>Sembla un abandonament intencionat, perqu\u00e8 hi ha argiles abocades i t\u00e8gules senceres i tot, tant de planes com d\u2019imbrices. Per damunt hi ha un mur molt arrasat que t\u00e9 una direcci\u00f3 diferent i que podria correspondre a la construcci\u00f3 posterior. O sigui que segurament hi ha una remodelaci\u00f3 de la vil\u2022la al segle IV.<\/p>\n<p><strong>Aquesta continu\u00eftat en l\u2019ocupaci\u00f3 \u00e9s perqu\u00e8 \u00e9s una \u00e0rea f\u00e8rtil?<\/strong><\/p>\n<p>S\u00ed, tot i que no podem saber quin abast tenia el regadiu en aquell moment. Les columnes pol\u2022l\u00edniques fetes al proper jaciment dels Estanys (Almenara) mostren molta olivera i vinya: potser era m\u00e9s de sec\u00e0! Per\u00f2 hi ha una font molt bona a la Vilavella, un poble proper, i no seria estrany que s\u2019alimentessin d\u2019aquella aigua. A m\u00e9s el terreny de L\u2019Alqueria \u00e9s pla i est\u00e0 al costat d\u2019un cam\u00ed mil\u2022lenari, un ramal de la Via Augusta ple de jaciments ib\u00e8rics i romans.<\/p>\n<p><strong>El de Moncofa \u00e9s un dels molts que es podrien excavar, doncs. <\/strong><\/p>\n<p>S\u00ed, i aquest hem tingut la sort de poder-lo excavar, perqu\u00e8 a l\u2019horta \u00e9s bastant dif\u00edcil. Aix\u00ed com al sec\u00e0 \u00e9s f\u00e0cil trobar restes en superf\u00edcie, a l\u2019horta no, perqu\u00e8 de sempre hi ha hagut molt moviment de terres i que trobis cer\u00e0mica no vol dir res; s\u00f3n terres en explotaci\u00f3. A L\u2019Alqueria s\u2019hi ha de fer un camp de golf, tot i que preservant les restes romanes.<\/p>\n<p><strong>\u00c9s significatiu, el top\u00f2nim <em>L\u2019Alqueria<\/em>? <\/strong><\/p>\n<p>S\u00ed, i a m\u00e9s \u00e9s un nom d\u2019origen \u00e0rab! Pot indicar dues coses: que en \u00e8poca medieval hi havia hagut una alqueria com a perviv\u00e8ncia de l\u2019h\u00e0bitat rom\u00e0 (per\u00f2 no hem trobat cer\u00e0miques medievals), o que la gent, en veient que hi havia ru\u00efnes i s\u2019hi havia viscut, en digu\u00e9s \u201cl\u2019alqueria\u201d, de la mateixa manera que a Reus i Cambrils hi ha els jaciments dels \u201cAntigons\u201d, \u00e9s a dir, lloc on hi ha coses antigues.<\/p>\n<p><strong>Quina import\u00e0ncia t\u00e9 L\u2019Alqueria en l\u2019entorn m\u00e9s immediat, la comarca de la Plana? <\/strong><\/p>\n<p>Aquest jaciment i el de Benicat\u00f3, a Nules, s\u00f3n gaireb\u00e9 els \u00fanics que s\u2019han excavat en extensi\u00f3. Per aix\u00f2, si podem anar-hi treballant, a m\u00e9s de tenir una zona visitable es podr\u00e0 donar exemple de com es vivia en \u00e8poca romana a la Plana.<\/p>\n<p align=\"right\">Carme Badia i Puig<\/p>\n<p align=\"right\">Entrevista feta el setembre del 2009 <\/p>\n<div style=\"text-align: center;\">\n <a href=\"https:\/\/icac.cat\/wp-content\/uploads\/images\/stories\/gal.leria\/alqueria\/planta%20segons%20oliver.jpg\" target=\"_blank\"><img loading=\"lazy\" src=\"https:\/\/icac.cat\/wp-content\/uploads\/images\/stories\/gal.leria\/alqueria\/planta%20segons%20oliver.jpg\" border=\"0\" alt=\"Planta de L'Alqueria del 1996\" width=\"350\" height=\"138\"><\/a>\n<\/div>\n<h6>Planta del jaciment de l\u2019Alqueria del 1996, any en qu\u00e8 es va fer una primera intervenci\u00f3 de salvament al jaciment.<\/h6>\n<p>Vegeu qu\u00e8 n\u2019ha dit la premsa:<\/p>\n<p><img src=\"https:\/\/icac.cat\/wp-content\/uploads\/images\/pdf_button.png\" border=\"0\"> <a href=\"https:\/\/icac.cat\/wp-content\/uploads\/images\/stories\/pdf\/periodico%20mediterraneo.pdf\">El Peri\u00f3dico Mediterr\u00e1neo (6\/8\/2008)<\/a><\/p><\/p>\n","protected":false},"excerpt":{"rendered":"<p><a href=\"https:\/\/icac.cat\/wp-content\/uploads\/images\/stories\/gal.leria\/alqueria\/murs.jpg\" target=\"_blank\"><img loading=\"lazy\" src=\"https:\/\/icac.cat\/wp-content\/uploads\/images\/stories\/gal.leria\/alqueria\/murs.jpg\" border=\"0\" alt=\"Murs de L'Alqueria\" width=\"115\" height=\"173\" align=\"left\"><\/a> Un cop acabada la segona campanya arqueol\u00f2gica en aquest jaciment rom\u00e0 situat al municipi de Moncofa (comarca de la Plana Baixa, Castell\u00f3), Ramon J\u00e1rrega, director t\u00e8cnic de les excavacions i investigador de l\u2019ICAC, en fa la valoraci\u00f3 en aquesta entrevista. Fotografia: Murs de L&#8217;Alqueria.<\/p>\n","protected":false},"author":1,"featured_media":0,"comment_status":"closed","ping_status":"closed","sticky":false,"template":"","format":"standard","meta":{"_genesis_hide_title":false,"_genesis_hide_breadcrumbs":false,"_genesis_hide_singular_image":false,"_genesis_hide_footer_widgets":false,"_genesis_custom_body_class":"","_genesis_custom_post_class":"","_genesis_layout":""},"categories":[1],"tags":[],"_links":{"self":[{"href":"https:\/\/icac.cat\/es\/wp-json\/wp\/v2\/posts\/3851"}],"collection":[{"href":"https:\/\/icac.cat\/es\/wp-json\/wp\/v2\/posts"}],"about":[{"href":"https:\/\/icac.cat\/es\/wp-json\/wp\/v2\/types\/post"}],"author":[{"embeddable":true,"href":"https:\/\/icac.cat\/es\/wp-json\/wp\/v2\/users\/1"}],"replies":[{"embeddable":true,"href":"https:\/\/icac.cat\/es\/wp-json\/wp\/v2\/comments?post=3851"}],"version-history":[{"count":1,"href":"https:\/\/icac.cat\/es\/wp-json\/wp\/v2\/posts\/3851\/revisions"}],"predecessor-version":[{"id":9238,"href":"https:\/\/icac.cat\/es\/wp-json\/wp\/v2\/posts\/3851\/revisions\/9238"}],"wp:attachment":[{"href":"https:\/\/icac.cat\/es\/wp-json\/wp\/v2\/media?parent=3851"}],"wp:term":[{"taxonomy":"category","embeddable":true,"href":"https:\/\/icac.cat\/es\/wp-json\/wp\/v2\/categories?post=3851"},{"taxonomy":"post_tag","embeddable":true,"href":"https:\/\/icac.cat\/es\/wp-json\/wp\/v2\/tags?post=3851"}],"curies":[{"name":"wp","href":"https:\/\/api.w.org\/{rel}","templated":true}]}}