{"id":3904,"date":"2010-01-31T18:12:28","date_gmt":"2010-01-31T18:12:28","guid":{"rendered":"http:\/\/www.icac.cat\/?post_type=post&#038;p=3904"},"modified":"2015-07-06T16:58:47","modified_gmt":"2015-07-06T16:58:47","slug":"arqueolegs-de-licac-participen-en-una-taula-rodona-sobre-necropolis","status":"publish","type":"post","link":"https:\/\/icac.cat\/es\/actualitat\/noticies\/2010\/arqueolegs-de-licac-participen-en-una-taula-rodona-sobre-necropolis\/","title":{"rendered":"Arque\u00f2legs de l&#8217;ICAC participen en una taula rodona sobre necr\u00f2polis"},"content":{"rendered":"<p>Els dies 21 i 22 de novembre tres investigadors de l\u2019ICAC, Carme Belarte, Jaume Noguera i Pau Olmos van participar a la taula rodona internacional <strong>Les necr\u00f2polis d&#8217;incineraci\u00f3 entre l&#8217;Ebre i el T\u00edber (segles IX-VI aC)<\/strong>. Juntament amb N\u00faria Rafel i Raimon Graells (tots dos, de la Universitat de Lleida) hi van presentar la comunicaci\u00f3 \u201cLes necr\u00f2polis d\u2019incineraci\u00f3 a la Catalunya meridional (segles IX-VI ane). Novetats de la recerca\u201d. D&#8217;altra banda, Carme Belarte, Jaume Noguera, Pau Olmos i Frederic Cervell\u00f3 tamb\u00e9 van presentar un p\u00f2ster, titulat \u201cLa necr\u00f2polis protohist\u00f2rica de Sebes (Flix, Ribera d\u2019Ebre)\u201d.<\/p>\n<p>La trobada es va dur a terme a la seu de Barcelona del Museu d&#8217;Arqueologia de Catalunya els dies 21 i 22 de novembre. La reuni\u00f3 l&#8217;organitzava el Museu d&#8217;Arqueologia de Catalunya, la Universitat de Barcelona i el Centre Camille Jullian. Trobareu m\u00e9s informaci\u00f3 a la p\u00e0gina web del Museu d&#8217;Arqueologia de Catalunya: <a href=\"http:\/\/www.mac.cat\/\" target=\"_blank\">http:\/\/www.mac.cat\/<\/a>, i, a continuaci\u00f3, el programa i el full d&#8217;inscripci\u00f3.<\/p>\n<p><img src=\"https:\/\/icac.cat\/wp-content\/uploads\/images\/pdf_button.png\" border=\"0\"> <a href=\"https:\/\/icac.cat\/wp-content\/uploads\/images\/stories\/pdf\/necropolis%20programa.pdf\" target=\"_blank\">Programa<\/a><\/p>\n<p><img src=\"https:\/\/icac.cat\/wp-content\/uploads\/images\/pdf_button.png\" border=\"0\"> <a href=\"https:\/\/icac.cat\/wp-content\/uploads\/images\/stories\/pdf\/necropolis%20inscripcio.pdf\" target=\"_blank\">Full d&#8217;inscripci\u00f3<\/a><\/p><\/p>\n","protected":false},"excerpt":{"rendered":"<p>Va ser el 21 de novembre a la taula rodona internacional Les necr\u00f2polis entre l&#8217;Ebre i el T\u00edber (segles IX-VI aC). Vegeu tamb\u00e9 l&#8217;entrevista que encap\u00e7ala aquesta web.<\/p>\n","protected":false},"author":1,"featured_media":0,"comment_status":"closed","ping_status":"closed","sticky":false,"template":"","format":"standard","meta":{"_genesis_hide_title":false,"_genesis_hide_breadcrumbs":false,"_genesis_hide_singular_image":false,"_genesis_hide_footer_widgets":false,"_genesis_custom_body_class":"","_genesis_custom_post_class":"","_genesis_layout":""},"categories":[1],"tags":[],"_links":{"self":[{"href":"https:\/\/icac.cat\/es\/wp-json\/wp\/v2\/posts\/3904"}],"collection":[{"href":"https:\/\/icac.cat\/es\/wp-json\/wp\/v2\/posts"}],"about":[{"href":"https:\/\/icac.cat\/es\/wp-json\/wp\/v2\/types\/post"}],"author":[{"embeddable":true,"href":"https:\/\/icac.cat\/es\/wp-json\/wp\/v2\/users\/1"}],"replies":[{"embeddable":true,"href":"https:\/\/icac.cat\/es\/wp-json\/wp\/v2\/comments?post=3904"}],"version-history":[{"count":1,"href":"https:\/\/icac.cat\/es\/wp-json\/wp\/v2\/posts\/3904\/revisions"}],"predecessor-version":[{"id":9230,"href":"https:\/\/icac.cat\/es\/wp-json\/wp\/v2\/posts\/3904\/revisions\/9230"}],"wp:attachment":[{"href":"https:\/\/icac.cat\/es\/wp-json\/wp\/v2\/media?parent=3904"}],"wp:term":[{"taxonomy":"category","embeddable":true,"href":"https:\/\/icac.cat\/es\/wp-json\/wp\/v2\/categories?post=3904"},{"taxonomy":"post_tag","embeddable":true,"href":"https:\/\/icac.cat\/es\/wp-json\/wp\/v2\/tags?post=3904"}],"curies":[{"name":"wp","href":"https:\/\/api.w.org\/{rel}","templated":true}]}}