{"id":3956,"date":"2010-01-31T18:23:34","date_gmt":"2010-01-31T18:23:34","guid":{"rendered":"http:\/\/www.icac.cat\/?post_type=post&#038;p=3956"},"modified":"2015-07-06T16:58:46","modified_gmt":"2015-07-06T16:58:46","slug":"josep-guitart-ingressa-a-la-reial-academia-de-belles-arts-de-sant-jordi","status":"publish","type":"post","link":"https:\/\/icac.cat\/es\/actualitat\/noticies\/2010\/josep-guitart-ingressa-a-la-reial-academia-de-belles-arts-de-sant-jordi\/","title":{"rendered":"Josep Guitart ingressa a la Reial Acad\u00e8mia de Belles Arts de Sant Jordi"},"content":{"rendered":"<p><a href=\"https:\/\/icac.cat\/wp-content\/uploads\/images\/stories\/gal.leria\/guitart.jpg\" target=\"_blank\"><img loading=\"lazy\" src=\"https:\/\/icac.cat\/wp-content\/uploads\/images\/stories\/gal.leria\/guitart.jpg\" border=\"0\" alt=\"guitart\" width=\"250\" height=\"181\" align=\"right\"><\/a><\/p>\n<p>\u00abL&#8217;arqueologia i els or\u00edgens de les ciutats romanes de Catalunya\u00bb. Aquest \u00e9s el t\u00edtol del discurs d&#8217;ingr\u00e9s a la Reial Acad\u00e8mia Catalana de Belles Arts de Sant Jordi que Josep Guitart i Duran llegir\u00e0 dimecres que ve, 17 de setembre. Guitart, primer director de l&#8217;ICAC, \u00e9s catedr\u00e0tic d&#8217;Arqueologia de la UAB i actualment dirigeix, entre altres, les excavacions a Guissona dins del projecte Estudi del paisatge arqueol\u00f2gic antic a l\u2019Ager Tarraconensis.<\/p>\n<p>L&#8217;acte tindr\u00e0 lloc a les 19.15 hores a la Casa Llotja de Mar (passeig d&#8217;Isabel II, 1 &#8211; Barcelona). Us adjuntem la invitaci\u00f3.<\/p>\n<p><img src=\"https:\/\/icac.cat\/wp-content\/uploads\/images\/pdf_button.png\" border=\"0\"> <a href=\"https:\/\/icac.cat\/wp-content\/uploads\/images\/stories\/pdf\/guitart.pdf\" target=\"_blank\">Invitaci\u00f3 lectura Josep Guitart<\/a><\/p>\n","protected":false},"excerpt":{"rendered":"<p>Josep Guitart, primer director de l&#8217;ICAC, llegir\u00e0 el discurs d&#8217;ingr\u00e9s a la Reial Acad\u00e8mia Catalana de Belles Arts de Sant Jordi el 17 de setembre.<\/p>\n","protected":false},"author":1,"featured_media":0,"comment_status":"closed","ping_status":"closed","sticky":false,"template":"","format":"standard","meta":{"_genesis_hide_title":false,"_genesis_hide_breadcrumbs":false,"_genesis_hide_singular_image":false,"_genesis_hide_footer_widgets":false,"_genesis_custom_body_class":"","_genesis_custom_post_class":"","_genesis_layout":""},"categories":[1],"tags":[],"_links":{"self":[{"href":"https:\/\/icac.cat\/es\/wp-json\/wp\/v2\/posts\/3956"}],"collection":[{"href":"https:\/\/icac.cat\/es\/wp-json\/wp\/v2\/posts"}],"about":[{"href":"https:\/\/icac.cat\/es\/wp-json\/wp\/v2\/types\/post"}],"author":[{"embeddable":true,"href":"https:\/\/icac.cat\/es\/wp-json\/wp\/v2\/users\/1"}],"replies":[{"embeddable":true,"href":"https:\/\/icac.cat\/es\/wp-json\/wp\/v2\/comments?post=3956"}],"version-history":[{"count":1,"href":"https:\/\/icac.cat\/es\/wp-json\/wp\/v2\/posts\/3956\/revisions"}],"predecessor-version":[{"id":9220,"href":"https:\/\/icac.cat\/es\/wp-json\/wp\/v2\/posts\/3956\/revisions\/9220"}],"wp:attachment":[{"href":"https:\/\/icac.cat\/es\/wp-json\/wp\/v2\/media?parent=3956"}],"wp:term":[{"taxonomy":"category","embeddable":true,"href":"https:\/\/icac.cat\/es\/wp-json\/wp\/v2\/categories?post=3956"},{"taxonomy":"post_tag","embeddable":true,"href":"https:\/\/icac.cat\/es\/wp-json\/wp\/v2\/tags?post=3956"}],"curies":[{"name":"wp","href":"https:\/\/api.w.org\/{rel}","templated":true}]}}