{"id":3986,"date":"2010-01-31T18:29:19","date_gmt":"2010-01-31T18:29:19","guid":{"rendered":"http:\/\/www.icac.cat\/?post_type=post&#038;p=3986"},"modified":"2015-07-06T16:58:46","modified_gmt":"2015-07-06T16:58:46","slug":"participacio-en-el-congres-transformacoes-da-paisagem-a-portugal","status":"publish","type":"post","link":"https:\/\/icac.cat\/es\/actualitat\/noticies\/2010\/participacio-en-el-congres-transformacoes-da-paisagem-a-portugal\/","title":{"rendered":"Participaci\u00f3 en el congr\u00e9s Transforma\u00e7oes da paisagem, a Portugal"},"content":{"rendered":"","protected":false},"excerpt":{"rendered":"<p>Diversos investigadors de l\u2019ICAC han participat en el recent col\u2022loqui internacional Transforma\u00e7oes da paisagem. O impacto das cidades romanas no Mediterraneo Ocidental, que s&#8217;ha celebrat a Portugal del 15 al 17 de maig. Josep M. Palet (ICAC), Ignacio Fiz (ICAC) i H\u00e9ctor Orengo (URV) van pronunciar una confer\u00e8ncia titulada \u201cModelaci\u00f3n y conceptualizaci\u00f3n del paisaje romano en el Ager Tarraconensis: Tarraco y la centuriaci\u00f3n del territorio\u201d. El mateix Dr. Palet, juntament amb Marta Fl\u00f3rez (investigadora en formaci\u00f3 de l\u2019ICAC), van presentar la intervenci\u00f3 \u201cAsentamientos rurales y estructuraci\u00f3n de la Layetana interior (Barcelona): romanizaci\u00f3n e impacto de los programas de organizaci\u00f3n territorial\u201d. Els investigadors de l\u2019ICAC Ramon J\u00e1rrega i Marta Prevosti van parlar del poblament rom\u00e0 dins del marc del projecte Estudi del paisatge arqueol\u00f2gic antic a l\u2019Ager Tarraconensis (a la dreta del riu Francol\u00ed), i van plantejar hip\u00f2tesis sobre som estava estructurat el poblament rom\u00e0 de l\u2019antiga Tarraco. Finalment, Marta Prevosti (ICAC), Kriss Strutt (University of Southampton) i C\u00e8sar Carreras (Universitat Oberta de Catalunya) van parlar de les prospeccions geof\u00edsiques que s\u2019han dut a terme a l\u2019Ager Tarraconensis amb la col\u2022laboraci\u00f3 de l\u2019equip de recerca de la Universitat de Southampton. A les imatges, exposici\u00f3 de Josep M. Palet (esquerra) i d\u2019Ignacio Fiz (dreta). A sota, Marta Fl\u00f3rez.<br \/>\n<img loading=\"lazy\" src=\"https:\/\/icac.cat\/wp-content\/uploads\/images\/stories\/gal.leria\/josep%20m.%20palet.jpg\" border=\"0\" alt=\"Palet\" width=\"198\" height=\"149\" align=\"bottom\"><br \/>\n<img loading=\"lazy\" src=\"https:\/\/icac.cat\/wp-content\/uploads\/images\/stories\/gal.leria\/ignacio%20fiz.jpg\" border=\"0\" alt=\"Fiz\" width=\"198\" height=\"149\" align=\"bottom\"><br \/>\n<img loading=\"lazy\" src=\"https:\/\/icac.cat\/wp-content\/uploads\/images\/stories\/gal.leria\/marta_florez.jpg\" border=\"0\" alt=\"Marta Florez\" width=\"227\" height=\"170\" align=\"bottom\"><\/p>\n","protected":false},"author":1,"featured_media":0,"comment_status":"closed","ping_status":"closed","sticky":false,"template":"","format":"standard","meta":{"_genesis_hide_title":false,"_genesis_hide_breadcrumbs":false,"_genesis_hide_singular_image":false,"_genesis_hide_footer_widgets":false,"_genesis_custom_body_class":"","_genesis_custom_post_class":"","_genesis_layout":""},"categories":[1],"tags":[],"_links":{"self":[{"href":"https:\/\/icac.cat\/es\/wp-json\/wp\/v2\/posts\/3986"}],"collection":[{"href":"https:\/\/icac.cat\/es\/wp-json\/wp\/v2\/posts"}],"about":[{"href":"https:\/\/icac.cat\/es\/wp-json\/wp\/v2\/types\/post"}],"author":[{"embeddable":true,"href":"https:\/\/icac.cat\/es\/wp-json\/wp\/v2\/users\/1"}],"replies":[{"embeddable":true,"href":"https:\/\/icac.cat\/es\/wp-json\/wp\/v2\/comments?post=3986"}],"version-history":[{"count":1,"href":"https:\/\/icac.cat\/es\/wp-json\/wp\/v2\/posts\/3986\/revisions"}],"predecessor-version":[{"id":9212,"href":"https:\/\/icac.cat\/es\/wp-json\/wp\/v2\/posts\/3986\/revisions\/9212"}],"wp:attachment":[{"href":"https:\/\/icac.cat\/es\/wp-json\/wp\/v2\/media?parent=3986"}],"wp:term":[{"taxonomy":"category","embeddable":true,"href":"https:\/\/icac.cat\/es\/wp-json\/wp\/v2\/categories?post=3986"},{"taxonomy":"post_tag","embeddable":true,"href":"https:\/\/icac.cat\/es\/wp-json\/wp\/v2\/tags?post=3986"}],"curies":[{"name":"wp","href":"https:\/\/api.w.org\/{rel}","templated":true}]}}