{"id":40577,"date":"2019-05-06T14:16:53","date_gmt":"2019-05-06T12:16:53","guid":{"rendered":"http:\/\/www.icac.cat\/es\/?p=40577"},"modified":"2019-05-06T14:49:43","modified_gmt":"2019-05-06T12:49:43","slug":"el-icac-miembro-de-la-mesa-interdisciplinar-sobre-piedra-natural-y-canteras-historicas","status":"publish","type":"post","link":"https:\/\/icac.cat\/es\/actualitat\/noticies\/2019\/el-icac-miembro-de-la-mesa-interdisciplinar-sobre-piedra-natural-y-canteras-historicas\/","title":{"rendered":"El ICAC, miembro de la Mesa Interdisciplinar sobre Piedra Natural y Canteras Hist\u00f3ricas"},"content":{"rendered":"<p>Unas jornadas sobre espacios de canteras hist\u00f3ricas, organizadas por el <strong>IGME<\/strong> (Instituto Geol\u00f3gico y Minero de Espa\u00f1a) el pasado noviembre en Madrid, dieron pie a la creaci\u00f3n de la\u00a0<strong><a href=\"http:\/\/www.igme.es\/divulgacion\/MISPNyCH\" target=\"_blank\">Mesa interdisciplinar sobre piedra natural y canteras hist\u00f3ricas<\/a><\/strong>, que se constituy\u00f3 formalmente el 8 de abril de 2019.<\/p>\n<p>Esta plataforma de trabajo pretende articular distintas instituciones p\u00fablicas para crear una figura de protecci\u00f3n del espacio de cantera desde diferentes puntos de vista (hist\u00f3rico, arqueol\u00f3gico, patrimonial y documental) que garantice la posibilidad de explotaci\u00f3n, de cara a futuras intervenciones.<\/p>\n<div class=\"destacat-entrevista dreta\">\n<div class=\"small-text\">\n<p>Una plataforma de trabajo interinstitucional para la protecci\u00f3n de los espacios de canteras hist\u00f3ricas<\/p>\n<\/div>\n<\/div>\n<p>&nbsp;<\/p>\n<p>El <strong>ICAC<\/strong>\u00a0es una de las instituciones representadas en la Mesa, junto con otras tres instituciones cient\u00edfico-t\u00e9cnicas (el Instituto Andaluz del Patrimonio Hist\u00f3rico, la Sociedad de Investigaci\u00f3n y Explotaci\u00f3n Minera de Castilla y Le\u00f3n, y el Instituto Tecnol\u00f3gico de Rocas Ornamentales y Materiales de Construcci\u00f3n), algunas universidades (como la Universidad de Granada o la Universidad de Salamanca, entre otras), instituciones culturales (como el ICOMOS o el RABSF, entre otras) y distintas instituciones de la administraci\u00f3n local, auton\u00f3mica y general (como el IGME, el IPCE o el CSIC).<\/p>\n<p>La investigadora que representa el ICAC en este proyecto es <a href=\"https:\/\/icac.cat\/qui-som\/personal\/agutierrez\/\" target=\"_blank\"><strong>Anna Guti\u00e9rrez Garcia-Moreno<\/strong><\/a>, coordinadora de la Unidad de Estudios Arqueom\u00e9tricos del ICAC y experta en canteras y la explotaci\u00f3n de la piedra en la Antig\u00fcedad, tem\u00e1tica sobre la que ha publicado extensamente. As\u00ed mismo, la doctora\u00a0<strong><a href=\"https:\/\/icac.cat\/qui-som\/personal\/bsoler\/\" target=\"_blank\">Bego\u00f1a Soler Huertas<\/a><\/strong>\u00a0(Universidad de Murcia), investigadora adscrita y miembro del equipo\u00a0<strong><a href=\"https:\/\/icac.cat\/recerca\/equips-de-recerca\/arqueometria-i-produccions-artistiques-arpa\/\" target=\"_blank\">ArPA<\/a><\/strong>\u00a0del ICAC, forma parte tambi\u00e9n de la Mesa.<\/p>\n<p>El pasado 8 de abril asistieron al primer encuentro de la Mesa y participar\u00e1n en las sesiones de trabajo que tendr\u00e1n lugar los pr\u00f3ximos meses.<\/p>\n<p>La <strong><a href=\"http:\/\/www.igme.es\/divulgacion\/MISPNyCH\/\" target=\"_blank\">Mesa interdisciplinar sobre piedra natural y canteras hist\u00f3ricas<\/a><\/strong> permitir\u00e1 debatir temas de especial inter\u00e9s, como las metodolog\u00edas de investigaci\u00f3n, la importancia de la multidisciplinariedad en los equipos de trabajo, el aprovechamiento y el retorno a la sociedad de los espacios de cantera \u2013especialmente en las poblaciones donde se ubican\u2013, el incremento de la presencia del sector productivo en el \u00e1mbito de la cultura, o la identificaci\u00f3n y garant\u00eda de las canteras hist\u00f3ricas en los planes generales de ordenaci\u00f3n urban\u00edstica.<\/p>\n<figure id=\"attachment_40561\" aria-describedby=\"caption-attachment-40561\" style=\"width: 790px\" class=\"wp-caption aligncenter\"><a href=\"https:\/\/icac.cat\/wp-content\/uploads\/2019\/05\/Mesa-Interdisciplinar_foto-grupo-2019.jpg\"><img loading=\"lazy\" class=\"wp-image-40561 size-large\" src=\"https:\/\/icac.cat\/wp-content\/uploads\/2019\/05\/Mesa-Interdisciplinar_foto-grupo-2019-1024x768.jpg\" alt=\"Asistentes a la 1a reuni\u00f3n de la Mesa interdisciplinar. Foto: IGME (cedida)\" width=\"790\" height=\"593\" srcset=\"https:\/\/icac.cat\/wp-content\/uploads\/2019\/05\/Mesa-Interdisciplinar_foto-grupo-2019-1024x768.jpg 1024w, https:\/\/icac.cat\/wp-content\/uploads\/2019\/05\/Mesa-Interdisciplinar_foto-grupo-2019-400x300.jpg 400w, https:\/\/icac.cat\/wp-content\/uploads\/2019\/05\/Mesa-Interdisciplinar_foto-grupo-2019.jpg 1600w\" sizes=\"(max-width: 790px) 100vw, 790px\" \/><\/a><figcaption id=\"caption-attachment-40561\" class=\"wp-caption-text\">Participantes en la Mesa interdisciplinar, en el Museo Geominero del IGME. Foto: IGME (cedida)<\/figcaption><\/figure>\n<p>&nbsp;<\/p>\n<p style=\"text-align: center;\"><a href=\"https:\/\/icac.cat\/wp-content\/uploads\/2019\/04\/Mesa-interdisciplinar-Canteras-logos.jpg\"><img loading=\"lazy\" class=\"aligncenter size-large wp-image-40216\" src=\"https:\/\/icac.cat\/wp-content\/uploads\/2019\/04\/Mesa-interdisciplinar-Canteras-logos-1024x531.jpg\" alt=\"Mesa interdisciplinar Canteras (logos)\" width=\"790\" height=\"410\" srcset=\"https:\/\/icac.cat\/wp-content\/uploads\/2019\/04\/Mesa-interdisciplinar-Canteras-logos-1024x531.jpg 1024w, https:\/\/icac.cat\/wp-content\/uploads\/2019\/04\/Mesa-interdisciplinar-Canteras-logos-400x207.jpg 400w\" sizes=\"(max-width: 790px) 100vw, 790px\" \/><\/a><\/p>\n<p>&nbsp;<\/p>\n<p>&nbsp;<\/p>\n<p>&nbsp;<\/p>\n","protected":false},"excerpt":{"rendered":"<p>Unas jornadas sobre espacios de canteras hist\u00f3ricas, organizadas por el IGME (Instituto Geol\u00f3gico y Minero de Espa\u00f1a) el pasado noviembre en Madrid, dieron pie a la creaci\u00f3n de la\u00a0Mesa interdisciplinar sobre piedra natural y canteras hist\u00f3ricas, que se constituy\u00f3 formalmente el 8 de abril de 2019. Esta plataforma de trabajo pretende articular distintas instituciones p\u00fablicas [&hellip;]<\/p>\n","protected":false},"author":160,"featured_media":40214,"comment_status":"closed","ping_status":"closed","sticky":false,"template":"","format":"standard","meta":{"_genesis_hide_title":false,"_genesis_hide_breadcrumbs":false,"_genesis_hide_singular_image":false,"_genesis_hide_footer_widgets":false,"_genesis_custom_body_class":"","_genesis_custom_post_class":"","_genesis_layout":""},"categories":[335,343,332],"tags":[480,487,488],"_links":{"self":[{"href":"https:\/\/icac.cat\/es\/wp-json\/wp\/v2\/posts\/40577"}],"collection":[{"href":"https:\/\/icac.cat\/es\/wp-json\/wp\/v2\/posts"}],"about":[{"href":"https:\/\/icac.cat\/es\/wp-json\/wp\/v2\/types\/post"}],"author":[{"embeddable":true,"href":"https:\/\/icac.cat\/es\/wp-json\/wp\/v2\/users\/160"}],"replies":[{"embeddable":true,"href":"https:\/\/icac.cat\/es\/wp-json\/wp\/v2\/comments?post=40577"}],"version-history":[{"count":5,"href":"https:\/\/icac.cat\/es\/wp-json\/wp\/v2\/posts\/40577\/revisions"}],"predecessor-version":[{"id":40590,"href":"https:\/\/icac.cat\/es\/wp-json\/wp\/v2\/posts\/40577\/revisions\/40590"}],"wp:featuredmedia":[{"embeddable":true,"href":"https:\/\/icac.cat\/es\/wp-json\/wp\/v2\/media\/40214"}],"wp:attachment":[{"href":"https:\/\/icac.cat\/es\/wp-json\/wp\/v2\/media?parent=40577"}],"wp:term":[{"taxonomy":"category","embeddable":true,"href":"https:\/\/icac.cat\/es\/wp-json\/wp\/v2\/categories?post=40577"},{"taxonomy":"post_tag","embeddable":true,"href":"https:\/\/icac.cat\/es\/wp-json\/wp\/v2\/tags?post=40577"}],"curies":[{"name":"wp","href":"https:\/\/api.w.org\/{rel}","templated":true}]}}