{"id":4119,"date":"2010-06-30T18:02:17","date_gmt":"2010-06-30T18:02:17","guid":{"rendered":"http:\/\/www.icac.cat\/?post_type=post&#038;p=4119"},"modified":"2015-07-06T16:58:44","modified_gmt":"2015-07-06T16:58:44","slug":"licac-nomena-el-seu-consell-cientific-assessor-al-mes-dabril","status":"publish","type":"post","link":"https:\/\/icac.cat\/es\/actualitat\/noticies\/2010\/licac-nomena-el-seu-consell-cientific-assessor-al-mes-dabril\/","title":{"rendered":"L\u2019ICAC nomena el seu Consell Cient\u00edfic Assessor al mes d&#8217;abril"},"content":{"rendered":"<p>Els dies 7 i 8 d\u2019abril s&#8217;ha fet el nomenament del Consell Cient\u00edfic Assessor (CCA) de l&#8217;ICAC, que assessorar\u00e0 l\u2019Institut en la seva activitat cient\u00edfica.<\/p>\n<p>Aquest \u00f2rgan col\u00b7legiat el formen deu personalitats de prestigi internacional en el camp de l\u2019arqueologia cl\u00e0ssica: Dr. <strong>G\u00e9za Alf\u00f6ldy<\/strong> (Professor de la Universitat Heildelberg, Alemanya); Dr. <strong>Vassilis Aravantinos<\/strong> (director general d\u2019Antiguitats de Be\u00f2cia, Gr\u00e8cia); Dr. <strong>Manuel Bendala <\/strong>(professor de la Universitat Aut\u00f2noma de Madrid); Dr. <strong>Georges Fabre<\/strong> (professor de la Universitat de Pau, Fran\u00e7a); Dr. <strong>Zahi Hawass<\/strong> (director general de The Supreme Council of Antiquities, Egipte); Dr. <strong>Simon Keay <\/strong>(professor de la Universitat de Southampton, Gran Bretanya); Dr. <strong>Emilio Marin<\/strong> (professor de la Univesitat de Split, Cro\u00e0cia, i ambaixador de Cro\u00e0cia a la Santa Seu); Dra. <strong>Dirce Marzoli<\/strong> (directora de l\u2019Instituto Arqueol\u00f3gico Alem\u00e1n de Madrid); Dr. <strong>Ricardo Olmos<\/strong> (director de la Escuela Espa\u00f1ola de Historia y Arqueolog\u00eda del CSIC a Roma, It\u00e0lia); i Dr. <strong>Paolo Sommella<\/strong> (professor de la Universitat La Sapienza de Roma, It\u00e0lia).<\/p>\n<div style=\"text-align: center\">\n <a href=\"https:\/\/icac.cat\/wp-content\/uploads\/images\/stories\/gal.leria\/consell.jpg\" target=\"_parent\"><img loading=\"lazy\" src=\"https:\/\/icac.cat\/wp-content\/uploads\/images\/stories\/gal.leria\/consell.jpg\" border=\"0\" alt=\"Consell Cient\u00edfic Assessor\" hspace=\"10\" vspace=\"5\" width=\"400\" height=\"300\"><\/a>\n<\/div>\n<p align=\"center\">\n<p align=\"center\">Salutaci\u00f3 oficial del rector de la Universitat Rovira i Virgili i vicepresident de l&#8217;ICAC, el Sr. Francesc Xavier Grau, juntament amb representants de la Generalitat de Catalunya, a l&#8217;edifici del Rectorat.<\/p><\/p>\n","protected":false},"excerpt":{"rendered":"<p><a href=\"https:\/\/icac.cat\/wp-content\/uploads\/images\/stories\/gal.leria\/consell.jpg\" target=\"_parent\"><img loading=\"lazy\" src=\"https:\/\/icac.cat\/wp-content\/uploads\/images\/stories\/gal.leria\/consell.jpg\" border=\"0\" alt=\"Consell Cient\u00edfic\" hspace=\"10\" vspace=\"5\" width=\"90\" height=\"68\" align=\"left\"><\/a>Els dies 7 i 8 d\u2019abril s&#8217;ha celebrat el nomenament d&#8217;aquest \u00f2rgan col\u00b7legiat integrat per deu personalitats de prestigi internacional.<\/p>\n","protected":false},"author":1,"featured_media":0,"comment_status":"closed","ping_status":"closed","sticky":false,"template":"","format":"standard","meta":{"_genesis_hide_title":false,"_genesis_hide_breadcrumbs":false,"_genesis_hide_singular_image":false,"_genesis_hide_footer_widgets":false,"_genesis_custom_body_class":"","_genesis_custom_post_class":"","_genesis_layout":""},"categories":[1],"tags":[],"_links":{"self":[{"href":"https:\/\/icac.cat\/es\/wp-json\/wp\/v2\/posts\/4119"}],"collection":[{"href":"https:\/\/icac.cat\/es\/wp-json\/wp\/v2\/posts"}],"about":[{"href":"https:\/\/icac.cat\/es\/wp-json\/wp\/v2\/types\/post"}],"author":[{"embeddable":true,"href":"https:\/\/icac.cat\/es\/wp-json\/wp\/v2\/users\/1"}],"replies":[{"embeddable":true,"href":"https:\/\/icac.cat\/es\/wp-json\/wp\/v2\/comments?post=4119"}],"version-history":[{"count":1,"href":"https:\/\/icac.cat\/es\/wp-json\/wp\/v2\/posts\/4119\/revisions"}],"predecessor-version":[{"id":9177,"href":"https:\/\/icac.cat\/es\/wp-json\/wp\/v2\/posts\/4119\/revisions\/9177"}],"wp:attachment":[{"href":"https:\/\/icac.cat\/es\/wp-json\/wp\/v2\/media?parent=4119"}],"wp:term":[{"taxonomy":"category","embeddable":true,"href":"https:\/\/icac.cat\/es\/wp-json\/wp\/v2\/categories?post=4119"},{"taxonomy":"post_tag","embeddable":true,"href":"https:\/\/icac.cat\/es\/wp-json\/wp\/v2\/tags?post=4119"}],"curies":[{"name":"wp","href":"https:\/\/api.w.org\/{rel}","templated":true}]}}