{"id":42400,"date":"2019-09-24T09:40:07","date_gmt":"2019-09-24T07:40:07","guid":{"rendered":"http:\/\/www.icac.cat\/es\/?p=42400"},"modified":"2019-09-24T11:49:00","modified_gmt":"2019-09-24T09:49:00","slug":"inscripciones-abiertas-para-el-curso-la-rehabilitacion-del-patrimonio-intervenir-y-vivir-con-el-patrimonio","status":"publish","type":"post","link":"https:\/\/icac.cat\/es\/actualitat\/noticies\/2019\/inscripciones-abiertas-para-el-curso-la-rehabilitacion-del-patrimonio-intervenir-y-vivir-con-el-patrimonio\/","title":{"rendered":"Inscripciones abiertas para el curso \u00abLa rehabilitaci\u00f3n del patrimonio: intervenir y vivir con el patrimonio\u00bb"},"content":{"rendered":"<p>El Colegio de Aparejadores, Arquitectos T\u00e9cnicos e Ingenieros de Edificaci\u00f3n de Tarragona (COATT), en la colaboraci\u00f3n con el ICAC y la Escuela de Arquitectura de la URV organizan el curso de formaci\u00f3n t\u00e9cnica <strong>\u00abLa rehabilitaci\u00f3n del patrimonio: intervenir y vivir con el patrimonio\u00bb<\/strong>.<\/p>\n<p>El <a href=\"https:\/\/icac.cat\/wp-content\/uploads\/2019\/09\/Curs-Rehabilitacio-Patrimoni-COATT_programa-2019.pdf\" target=\"_blank\"><strong>programa del curso<\/strong><\/a>\u00a0da una visi\u00f3n clara e integradora del amplio abanico de t\u00e9cnicas de intervenci\u00f3n que conforman la gesti\u00f3n del patrimonio arquitect\u00f3nico hist\u00f3rico. Es una oportunidad para conocer t\u00e9cnicas y profesionales, con una aproximaci\u00f3n multidisciplinar que quiere abastar los campos de conocimiento de la arquitectura, la arquitectura t\u00e9cnica, la arqueolog\u00eda, la ingenier\u00eda, la restauraci\u00f3n y otros campos vinculados al sector de la construcci\u00f3n y el patrimonio.<\/p>\n<p style=\"text-align: center;\"><strong><a href=\"mailto:formacio@apatgn.org\" target=\"_blank\">Inscripciones<\/a><\/strong><\/p>\n<p>Se explorar\u00e1n herramientas v\u00e1lidas, aplicables y adaptables a las necesidades de diferentes tipos de intervenci\u00f3n en el patrimonio, ya sea a escala de gran monumento como en peque\u00f1os espacios privados ubicados en edificios de inter\u00e9s cultural.<\/p>\n<p>El curso est\u00e1 formado por cuatro m\u00f3dulos, en formato seminario.<\/p>\n<ol>\n<li>\n<div class=\"intro-entrevista\"><strong>Seminario 1<\/strong> (6 sesiones). \u00abLa restauraci\u00f3n monumental\u00bb. Del 2 de octubre al 6 de noviembre.\u00a0Sala de actos del COATT.\u00a0Inscripci\u00f3n 270 \u20ac. Inscripci\u00f3n reducida para asociados ICAC, colegiados COAATT y estudiantes URV (189 \u20ac).<\/div>\n<\/li>\n<li>\n<div class=\"intro-entrevista\"><strong>Seminario 2<\/strong> (sesi\u00f3n \u00fanica). \u00abDocumentar para intervenir\u00bb. 13 de noviembre.\u00a0Sala de actos del COATT.\u00a0Inscripci\u00f3n gratuita (plazas limitadas).<\/div>\n<\/li>\n<li>\n<div class=\"intro-entrevista\"><strong>Seminario 3<\/strong>\u00a0(sesi\u00f3n \u00fanica). \u00abDiagnosis por la imagen\u00bb. 20 de noviembre. Sala de actos del COATT.\u00a0Inscripci\u00f3n gratuita (plazas limitadas).<\/div>\n<\/li>\n<li>\n<div class=\"intro-entrevista\"><strong>Seminario 4 <\/strong>(sesi\u00f3n \u00fanica).<strong> \u00abIntervenci\u00f3n en el patrimonio: visitas t\u00e9cnicas y mesa redonda\u00bb. 27 de noviembre. Sala de actos del ICAC. Inscripci\u00f3n gratuita (plazas limitadas).<\/strong><\/div>\n<\/li>\n<\/ol>\n<p>Consultad el <strong><a href=\"https:\/\/icac.cat\/wp-content\/uploads\/2019\/09\/Curs-Rehabilitacio-Patrimoni-COATT_programa-2019.pdf\" target=\"_blank\">programa completo del curso<\/a><\/strong>\u00a0y el detalle de cada seminario.<\/p>\n<p style=\"text-align: center;\"><strong><a href=\"https:\/\/formacio.coaatt.org\/\" target=\"_blank\">Inscripciones<\/a> <\/strong><\/p>\n<p style=\"text-align: center;\"><a href=\"http:\/\/www.apatgn.org\/\" target=\"_blank\">M\u00e1s informaci\u00f3n<\/a><\/p>\n<p style=\"text-align: center;\"><strong>Contacto:<\/strong>\u00a0formacio@apatgn.org \/ 977 212 799 (extensi\u00f3n 6)<\/p>\n<p style=\"text-align: center;\">\n","protected":false},"excerpt":{"rendered":"<p>El Colegio de Aparejadores, Arquitectos T\u00e9cnicos e Ingenieros de Edificaci\u00f3n de Tarragona (COATT), en la colaboraci\u00f3n con el ICAC y la Escuela de Arquitectura de la URV organizan el curso de formaci\u00f3n t\u00e9cnica \u00abLa rehabilitaci\u00f3n del patrimonio: intervenir y vivir con el patrimonio\u00bb. El programa del curso\u00a0da una visi\u00f3n clara e integradora del amplio abanico [&hellip;]<\/p>\n","protected":false},"author":160,"featured_media":42385,"comment_status":"closed","ping_status":"closed","sticky":false,"template":"","format":"standard","meta":{"_genesis_hide_title":false,"_genesis_hide_breadcrumbs":false,"_genesis_hide_singular_image":false,"_genesis_hide_footer_widgets":false,"_genesis_custom_body_class":"","_genesis_custom_post_class":"","_genesis_layout":""},"categories":[329,331,343,337],"tags":[489,456,455,485,490,458],"_links":{"self":[{"href":"https:\/\/icac.cat\/es\/wp-json\/wp\/v2\/posts\/42400"}],"collection":[{"href":"https:\/\/icac.cat\/es\/wp-json\/wp\/v2\/posts"}],"about":[{"href":"https:\/\/icac.cat\/es\/wp-json\/wp\/v2\/types\/post"}],"author":[{"embeddable":true,"href":"https:\/\/icac.cat\/es\/wp-json\/wp\/v2\/users\/160"}],"replies":[{"embeddable":true,"href":"https:\/\/icac.cat\/es\/wp-json\/wp\/v2\/comments?post=42400"}],"version-history":[{"count":3,"href":"https:\/\/icac.cat\/es\/wp-json\/wp\/v2\/posts\/42400\/revisions"}],"predecessor-version":[{"id":42408,"href":"https:\/\/icac.cat\/es\/wp-json\/wp\/v2\/posts\/42400\/revisions\/42408"}],"wp:featuredmedia":[{"embeddable":true,"href":"https:\/\/icac.cat\/es\/wp-json\/wp\/v2\/media\/42385"}],"wp:attachment":[{"href":"https:\/\/icac.cat\/es\/wp-json\/wp\/v2\/media?parent=42400"}],"wp:term":[{"taxonomy":"category","embeddable":true,"href":"https:\/\/icac.cat\/es\/wp-json\/wp\/v2\/categories?post=42400"},{"taxonomy":"post_tag","embeddable":true,"href":"https:\/\/icac.cat\/es\/wp-json\/wp\/v2\/tags?post=42400"}],"curies":[{"name":"wp","href":"https:\/\/api.w.org\/{rel}","templated":true}]}}