{"id":43468,"date":"2019-11-19T13:29:41","date_gmt":"2019-11-19T12:29:41","guid":{"rendered":"http:\/\/www.icac.cat\/es\/?p=43468"},"modified":"2019-11-19T14:13:40","modified_gmt":"2019-11-19T13:13:40","slug":"termografia-georadar-y-otras-tecnicas-que-pueden-mejorar-la-diagnosis-de-edificios","status":"publish","type":"post","link":"https:\/\/icac.cat\/es\/actualitat\/noticies\/2019\/termografia-georadar-y-otras-tecnicas-que-pueden-mejorar-la-diagnosis-de-edificios\/","title":{"rendered":"Termograf\u00eda, georadar y otras t\u00e9cnicas que pueden mejorar la diagnosis de edificios"},"content":{"rendered":"<p><a href=\"http:\/\/www.arquiges.com\/\" target=\"_blank\"><strong>D\u00e9bora Serrrano<\/strong> <\/a>es una de las ponentes que participen en el <strong><a href=\"https:\/\/icac.cat\/difusio\/activitats-de-licac\/agenda\/la-rehabilitacio-del-patrimoni-diagnosi-per-la-imatge\/\" target=\"_blank\">curso sobre rehabilitaci\u00f3n del patrimonio\u00a0<\/a><\/strong>que tendr\u00e1 lugar en el COAATT de Tarragona este\u00a0<strong>mi\u00e9rcoles, 20 de noviembre<\/strong>. D\u00e9bora ha visitado el ICAC y nos ha explicado c\u00f3mo funciona la termograf\u00eda, c\u00f3mo se puede usar para diagnosticar estructuras y edificios, y qu\u00e9 oportunidades ofrece para el \u00e1mbito del patrimonio.<\/p>\n<p>La <a href=\"https:\/\/es.wikipedia.org\/wiki\/Termograf%C3%ADa\" target=\"_blank\">termograf\u00eda <\/a>es una t\u00e9cnica de diagnosis a trav\u00e9s de im\u00e1genes que capta la radiaci\u00f3n infrarroja de las cosas y la traduce a im\u00e1genes, creando una disposici\u00f3n de colores que var\u00edan seg\u00fan la temperatura. Eso es posible porque el calor puede transmitirse como una forma invisible de radiaci\u00f3n.<\/p>\n<p>En un edificio, la termograf\u00eda te ayuda a determinar d\u00f3nde se encuentran las patolog\u00edas, o simplemente las discontinuidades, como podr\u00edan ser filtraciones de agua, de aire, humedades&#8230; En el \u00e1mbito del patrimonio, tambi\u00e9n, puede facilitar la identificaci\u00f3n de estructuras ocultas, variaciones en la composici\u00f3n constructiva de un elemento&#8230;<\/p>\n<p>El <strong>term\u00f3grafo<\/strong>, el aparato con el que se mide la radiaci\u00f3n infrarroja, capta dos archivos: la fotograf\u00eda y un termograma, que no es una imagen plana (como ser\u00eda una fotograf\u00eda) sino una nube de informaci\u00f3n.<\/p>\n<p>La termograf\u00eda no es una t\u00e9cnica nueva. De hecho, su descubrimiento data de finales del siglo XIX y su uso es muy extendido en \u00e1mbitos como el militar, el portuario o el control de aduanas. S\u00ed es mucho m\u00e1s reciente la aplicaci\u00f3n de la termograf\u00eda en la arquitectura y, especialmente, en la rehabilitaci\u00f3n del patrimonio.<\/p>\n<p>Por eso, uno de los objetivos del <strong><a href=\"https:\/\/icac.cat\/difusio\/activitats-de-licac\/agenda\/la-rehabilitacio-del-patrimoni-diagnosi-per-la-imatge\/\" target=\"_blank\">curso sobre rehabilitaci\u00f3n del patrimonio<\/a><\/strong>\u00a0que ha programado el COAATT con el ICAC es dar a conocer esta y otras t\u00e9cnicas que pueden contribuir a una mejor y m\u00e1s eficaz diagnosis en los proyectos de intervenci\u00f3n y rehabilitaci\u00f3n patrimonial.<\/p>\n<p>&nbsp;<\/p>\n<div data-carousel-extra='{\"blog_id\":1,\"permalink\":\"https:\\\/\\\/icac.cat\\\/es\\\/actualitat\\\/noticies\\\/2019\\\/termografia-georadar-y-otras-tecnicas-que-pueden-mejorar-la-diagnosis-de-edificios\\\/\"}' class=\"tiled-gallery type-circle\" data-original-width=\"790\"><div class=\"tiled-gallery-item\"><a border=\"0\" href=\"https:\/\/icac.cat\/es\/actualitat\/noticies\/2019\/termografia-georadar-y-otras-tecnicas-que-pueden-mejorar-la-diagnosis-de-edificios\/debora-serrano_termograf_icac-2-2\/\"><img data-attachment-id=\"69682\" data-orig-file=\"https:\/\/icac.cat\/wp-content\/uploads\/2019\/11\/Debora-Serrano_termograf_ICAC1.jpg\" data-orig-size=\"3000,4000\" data-comments-opened=\"0\" data-image-meta=\"{&quot;aperture&quot;:&quot;0&quot;,&quot;credit&quot;:&quot;&quot;,&quot;camera&quot;:&quot;&quot;,&quot;caption&quot;:&quot;&quot;,&quot;created_timestamp&quot;:&quot;0&quot;,&quot;copyright&quot;:&quot;&quot;,&quot;focal_length&quot;:&quot;0&quot;,&quot;iso&quot;:&quot;0&quot;,&quot;shutter_speed&quot;:&quot;0&quot;,&quot;title&quot;:&quot;&quot;,&quot;orientation&quot;:&quot;0&quot;}\" data-image-title=\"Debora Serrano_termograf_ICAC\" data-image-description=\"\" data-medium-file=\"https:\/\/icac.cat\/wp-content\/uploads\/2019\/11\/Debora-Serrano_termograf_ICAC1-400x533.jpg\" data-large-file=\"https:\/\/icac.cat\/wp-content\/uploads\/2019\/11\/Debora-Serrano_termograf_ICAC1-768x1024.jpg\" style=\"margin: 2px\" src=\"https:\/\/icac.cat\/wp-content\/uploads\/2019\/11\/Debora-Serrano_termograf_ICAC1-390x390.jpg\" width=390 height=390 title=\"Debora Serrano_termograf_ICAC\" \/><\/a><div class=\"tiled-gallery-caption\">Captura d&#8217;imatge en directe amb un term\u00f2graf, a l&#8217;ICAC<\/div><\/div><div class=\"tiled-gallery-item\"><a border=\"0\" href=\"https:\/\/icac.cat\/es\/actualitat\/noticies\/2019\/termografia-georadar-y-otras-tecnicas-que-pueden-mejorar-la-diagnosis-de-edificios\/debora-serrano-i-josep-maria-puche-2\/\"><img data-attachment-id=\"69684\" data-orig-file=\"https:\/\/icac.cat\/wp-content\/uploads\/2019\/11\/Debora-Serrano-i-Josep-Maria-Puche.jpg\" data-orig-size=\"3293,2875\" data-comments-opened=\"0\" data-image-meta=\"{&quot;aperture&quot;:&quot;0&quot;,&quot;credit&quot;:&quot;&quot;,&quot;camera&quot;:&quot;&quot;,&quot;caption&quot;:&quot;&quot;,&quot;created_timestamp&quot;:&quot;0&quot;,&quot;copyright&quot;:&quot;&quot;,&quot;focal_length&quot;:&quot;0&quot;,&quot;iso&quot;:&quot;0&quot;,&quot;shutter_speed&quot;:&quot;0&quot;,&quot;title&quot;:&quot;&quot;,&quot;orientation&quot;:&quot;0&quot;}\" data-image-title=\"Debora Serrano i Josep Maria Puche\" data-image-description=\"\" data-medium-file=\"https:\/\/icac.cat\/wp-content\/uploads\/2019\/11\/Debora-Serrano-i-Josep-Maria-Puche-400x349.jpg\" data-large-file=\"https:\/\/icac.cat\/wp-content\/uploads\/2019\/11\/Debora-Serrano-i-Josep-Maria-Puche-1024x894.jpg\" style=\"margin: 2px\" src=\"https:\/\/icac.cat\/wp-content\/uploads\/2019\/11\/Debora-Serrano-i-Josep-Maria-Puche-390x390.jpg\" width=390 height=390 title=\"Debora Serrano i Josep Maria Puche\" \/><\/a><div class=\"tiled-gallery-caption\">D\u00e9bora Serrano i Josep Maria Puche, a l&#8217;ICAC<\/div><\/div><\/div>\n<p>Adem\u00e1s de la termograf\u00eda, el\u00a0<strong><a href=\"https:\/\/icac.cat\/difusio\/activitats-de-licac\/agenda\/la-rehabilitacio-del-patrimoni-diagnosi-per-la-imatge\/\" target=\"_blank\">curso sobre rehabilitaci\u00f3n del patrimonio<\/a><\/strong>\u00a0expondr\u00e1 las \u00faltimas novedades en el uso del georadar de alta frecuencia, herramientas geom\u00e1ticas aplicadas a la diagnosis, la reflectancia l\u00e1ser aplicada al estudio arquitect\u00f3nico o la metodolog\u00eda BIM, entre otras.<\/p>\n<div class=\"highlight-block\">\n<p style=\"text-align: center;\">Es una actividad gratuita y de libre acceso. Plazas disponibles.<\/p>\n<p style=\"text-align: center;\">(formacio@apatgn.org)<\/p>\n<\/div>\n<p style=\"text-align: center;\"><a href=\"https:\/\/icac.cat\/wp-content\/uploads\/2019\/11\/Curs-Rehabilitacio-Patrimoni-COAATT_Seminari-3-20-nov.jpg\"><img loading=\"lazy\" class=\"aligncenter size-large wp-image-43463\" src=\"https:\/\/icac.cat\/wp-content\/uploads\/2019\/11\/Curs-Rehabilitacio-Patrimoni-COAATT_Seminari-3-20-nov-724x1024.jpg\" alt=\"Curs Rehabilitacio Patrimoni COAATT_Seminari 3 (20 nov)\" width=\"724\" height=\"1024\" srcset=\"https:\/\/icac.cat\/wp-content\/uploads\/2019\/11\/Curs-Rehabilitacio-Patrimoni-COAATT_Seminari-3-20-nov-724x1024.jpg 724w, https:\/\/icac.cat\/wp-content\/uploads\/2019\/11\/Curs-Rehabilitacio-Patrimoni-COAATT_Seminari-3-20-nov-400x566.jpg 400w, https:\/\/icac.cat\/wp-content\/uploads\/2019\/11\/Curs-Rehabilitacio-Patrimoni-COAATT_Seminari-3-20-nov.jpg 1240w\" sizes=\"(max-width: 724px) 100vw, 724px\" \/><\/a><\/p>\n","protected":false},"excerpt":{"rendered":"<p>D\u00e9bora Serrrano es una de las ponentes que participen en el curso sobre rehabilitaci\u00f3n del patrimonio\u00a0que tendr\u00e1 lugar en el COAATT de Tarragona este\u00a0mi\u00e9rcoles, 20 de noviembre. D\u00e9bora ha visitado el ICAC y nos ha explicado c\u00f3mo funciona la termograf\u00eda, c\u00f3mo se puede usar para diagnosticar estructuras y edificios, y qu\u00e9 oportunidades ofrece para el [&hellip;]<\/p>\n","protected":false},"author":160,"featured_media":43452,"comment_status":"closed","ping_status":"closed","sticky":false,"template":"","format":"standard","meta":{"_genesis_hide_title":false,"_genesis_hide_breadcrumbs":false,"_genesis_hide_singular_image":false,"_genesis_hide_footer_widgets":false,"_genesis_custom_body_class":"","_genesis_custom_post_class":"","_genesis_layout":""},"categories":[329,331,332,337],"tags":[],"_links":{"self":[{"href":"https:\/\/icac.cat\/es\/wp-json\/wp\/v2\/posts\/43468"}],"collection":[{"href":"https:\/\/icac.cat\/es\/wp-json\/wp\/v2\/posts"}],"about":[{"href":"https:\/\/icac.cat\/es\/wp-json\/wp\/v2\/types\/post"}],"author":[{"embeddable":true,"href":"https:\/\/icac.cat\/es\/wp-json\/wp\/v2\/users\/160"}],"replies":[{"embeddable":true,"href":"https:\/\/icac.cat\/es\/wp-json\/wp\/v2\/comments?post=43468"}],"version-history":[{"count":1,"href":"https:\/\/icac.cat\/es\/wp-json\/wp\/v2\/posts\/43468\/revisions"}],"predecessor-version":[{"id":43479,"href":"https:\/\/icac.cat\/es\/wp-json\/wp\/v2\/posts\/43468\/revisions\/43479"}],"wp:featuredmedia":[{"embeddable":true,"href":"https:\/\/icac.cat\/es\/wp-json\/wp\/v2\/media\/43452"}],"wp:attachment":[{"href":"https:\/\/icac.cat\/es\/wp-json\/wp\/v2\/media?parent=43468"}],"wp:term":[{"taxonomy":"category","embeddable":true,"href":"https:\/\/icac.cat\/es\/wp-json\/wp\/v2\/categories?post=43468"},{"taxonomy":"post_tag","embeddable":true,"href":"https:\/\/icac.cat\/es\/wp-json\/wp\/v2\/tags?post=43468"}],"curies":[{"name":"wp","href":"https:\/\/api.w.org\/{rel}","templated":true}]}}