{"id":43692,"date":"2019-11-29T14:22:53","date_gmt":"2019-11-29T13:22:53","guid":{"rendered":"http:\/\/www.icac.cat\/es\/?p=43692"},"modified":"2019-12-18T09:08:03","modified_gmt":"2019-12-18T08:08:03","slug":"la-reunion-internacional-barcino-tarraco-roma-pone-en-relieve-la-vigencia-de-los-estudios-sobre-materiales-lapideos-en-nuestro-pais","status":"publish","type":"post","link":"https:\/\/icac.cat\/es\/actualitat\/noticies\/2019\/la-reunion-internacional-barcino-tarraco-roma-pone-en-relieve-la-vigencia-de-los-estudios-sobre-materiales-lapideos-en-nuestro-pais\/","title":{"rendered":"La reuni\u00f3n internacional Barcino-Tarraco-Roma pone en relieve la vigencia de los estudios sobre materiales lap\u00eddeos en nuestro pa\u00eds"},"content":{"rendered":"<p>La <strong><a href=\"https:\/\/icac.cat\/wp-content\/uploads\/2019\/11\/Reunio-Internacional-MUHBA-2019.pdf\" target=\"_blank\">reuni\u00f3n internacional Barcino-Tarraco-Roma<\/a><\/strong>\u00a0concluy\u00f3 en Barcelona con un \u00e9xito de asistencia importante. Un centenar de personas se acercaron cada d\u00eda en la sede del <strong>MUHBA Pla\u00e7a del Rei<\/strong> para escuchar los y las especialistas en el simbolismo del m\u00e1rmol en el Imperio romano.<\/p>\n<p>Con las sesiones de conferencias, se expusieron resultados in\u00e9ditos de investigaciones en curso, como fue el caso de la <strong>Dra. Oliva Rodr\u00edguez<\/strong>, que present\u00f3 el ejemplo de un nuevo tipo marm\u00f3reo, nunca catalogado hasta el momento, utilizado en \u00e9poca romana en los territorios del \u00e1mbito del r\u00edo Guadalquivir.<\/p>\n<p>Otros especialistas de prestigio internacional presentaron las \u00faltimas novedades en sus trabajos. Destacaron especialmente\u00a0<strong>Simon Keay<\/strong>, con una ponencia sobre la organizaci\u00f3n del comercio del m\u00e1rmol en \u00e9poca antigua; <strong>Antonio Sartori<\/strong>, que habl\u00f3 sobre el papel del <em>lapicida<\/em> en la realizaci\u00f3n de las inscripciones en piedra; y\u00a0<strong>Patricio Pensabene<\/strong>, que puso en contexto la explotaci\u00f3n del m\u00e1rmol en relaci\u00f3n con la propiedad de las cantearas de donde se extra\u00eda.<\/p>\n<figure id=\"attachment_43662\" aria-describedby=\"caption-attachment-43662\" style=\"width: 790px\" class=\"wp-caption aligncenter\"><a href=\"https:\/\/icac.cat\/wp-content\/uploads\/2019\/11\/Reunio-Internacional-MUHBA_2019_Simon-Keay.jpg\"><img loading=\"lazy\" class=\"size-large wp-image-43662\" src=\"https:\/\/icac.cat\/wp-content\/uploads\/2019\/11\/Reunio-Internacional-MUHBA_2019_Simon-Keay-1024x576.jpg\" alt=\"La investigadora Anna Guti\u00e9rrez, coorganitzadora de la reuni\u00f3 internacional, en la presentaci\u00f3 de la pon\u00e8ncia de Simon Keay\" width=\"790\" height=\"444\" srcset=\"https:\/\/icac.cat\/wp-content\/uploads\/2019\/11\/Reunio-Internacional-MUHBA_2019_Simon-Keay-1024x576.jpg 1024w, https:\/\/icac.cat\/wp-content\/uploads\/2019\/11\/Reunio-Internacional-MUHBA_2019_Simon-Keay-400x225.jpg 400w\" sizes=\"(max-width: 790px) 100vw, 790px\" \/><\/a><figcaption id=\"caption-attachment-43662\" class=\"wp-caption-text\">La investigadora <a href=\"https:\/\/icac.cat\/es\/quienes-somos\/personal\/agutierrez\/\" target=\"_blank\">Anna Guti\u00e9rrez<\/a>, coorganizadora de la reuni\u00f3n internacional, en la presentaci\u00f3n de la ponencia de Simon Keay (@ ICAC)<\/figcaption><\/figure>\n<p>Fueron especialmente emotivos los parlamentos de clausura que se dedicaron en homenaje a <a href=\"https:\/\/icac.cat\/es\/quienes-somos\/personal\/iroda\/\" target=\"_blank\"><strong>Isabel Rod\u00e0 de Llanza<\/strong><\/a>, una figura clave en la consolidaci\u00f3n de los estudios sobre materiales lap\u00eddeos en nuestro pa\u00eds.<\/p>\n<p><strong>J\u00falia Beltran<\/strong> (antigua conservadora del MUHBA y profesora de la Facultad Antoni Gaud\u00ed), <strong>Josep Guitart<\/strong> (profesor em\u00e9rito de la UAB y exdirector del ICAC), Montserrat Claveria (profesora de la UAB) y\u00a0<strong>Jos\u00e9 Miguel Noguera<\/strong> (catedr\u00e1tico de Arqueolog\u00eda \u2013Universidad de Murcia\u2013 y director del CSIR-Espa\u00f1a) destacaron el gran legado que deja Rod\u00e0 en la arqueolog\u00eda, as\u00ed como su car\u00e1cter generoso y una gran capacidad de trabajo.<\/p>\n<p>Desde los inicios de su carrera como trabajadora del MUHBA, su paso por la UAB como profesora, sus a\u00f1os como\u00a0<strong>directora del ICAC<\/strong>, o toda su trayectoria como investigadora, siempre ha destacado por su implicaci\u00f3n con el fomento de la arqueolog\u00eda, especialmente en la ciudad de Barcelona, y el trabajo con las instituciones locales.<\/p>\n<p>De los a\u00f1os en el ICAC se destac\u00f3 tambi\u00e9n su papel, muy importante, en la proyecci\u00f3n internacional del centro y su posicionamiento como centro de referencia en el panorama de la arqueolog\u00eda hispana.<\/p>\n<figure id=\"attachment_43669\" aria-describedby=\"caption-attachment-43669\" style=\"width: 790px\" class=\"wp-caption aligncenter\"><a href=\"https:\/\/icac.cat\/wp-content\/uploads\/2019\/11\/Reunio-Internacional-MUHBA_2019_Sartori.jpg\"><img loading=\"lazy\" class=\"size-large wp-image-43669\" src=\"https:\/\/icac.cat\/wp-content\/uploads\/2019\/11\/Reunio-Internacional-MUHBA_2019_Sartori-1024x576.jpg\" alt=\"La investigadora Diana Gorostidi, coorganitzadora de la reuni\u00f3 internacional Barcelona-Tarraco-Roma, en la presentaci\u00f3 de la pon\u00e8ncia d'Antonio Sartori (@ ICAC)\" width=\"790\" height=\"444\" srcset=\"https:\/\/icac.cat\/wp-content\/uploads\/2019\/11\/Reunio-Internacional-MUHBA_2019_Sartori-1024x576.jpg 1024w, https:\/\/icac.cat\/wp-content\/uploads\/2019\/11\/Reunio-Internacional-MUHBA_2019_Sartori-400x225.jpg 400w\" sizes=\"(max-width: 790px) 100vw, 790px\" \/><\/a><figcaption id=\"caption-attachment-43669\" class=\"wp-caption-text\">La investigadora <a href=\"https:\/\/icac.cat\/es\/quienes-somos\/personal\/dgorostidi\/\" target=\"_blank\">Diana Gorostidi<\/a>, coorganizadora de la reuni\u00f3n internacional, en la presentaci\u00f3n de la ponencia de Antonio Sartori (@ ICAC)<\/figcaption><\/figure>\n<p>En su lecci\u00f3n magistral, <a href=\"https:\/\/icac.cat\/es\/quienes-somos\/personal\/iroda\/\" target=\"_blank\"><strong>Isabel Rod\u00e0 de Llanza<\/strong><\/a>\u00a0disert\u00f3 sobre algunos de los pedestales de estatua m\u00e1s relevantes del patrimonio barcelon\u00e9s y sobre fragmentos de piezas escult\u00f3ricas. Sin lugar a dudas, no obstante, la pieza que m\u00e1s llam\u00f3 la atenci\u00f3n fue\u00a0<strong>una <em>tegulae<\/em>\u00a0con el sello de <em>Lucius Herenius Optatus<\/em><\/strong>, no por su valor est\u00e9tico sino por la historia y la informaci\u00f3n que este elemento ofrece.<\/p>\n<p>Gracias a su investigaci\u00f3n con la <a href=\"https:\/\/icac.cat\/es\/servicios\/unidad-de-estudios-arqueometricos\/presentacion\/\" target=\"_blank\"><strong>Unidad de Estudios Arqueom\u00e9tricos del ICAC<\/strong><\/a>, Isabel Rod\u00e0 ha podido constatar que, al contrario de la idea establecida, las t\u00e9gulas con las que se trabajaba en todo el litoral levantino hasta la fachada mediterr\u00e1nea de Francia no se fabricaban \u00fanicamente en la zona francesa de Fr\u00e9jus, sino que en realidad se fabricaban en distintos lugares y, por lo tanto, no hay elementos suficientes para determinar un origen \u00fanico en la manufactura de estos productos.<\/p>\n<figure id=\"attachment_43671\" aria-describedby=\"caption-attachment-43671\" style=\"width: 790px\" class=\"wp-caption aligncenter\"><a href=\"https:\/\/icac.cat\/wp-content\/uploads\/2019\/11\/Reunio-Internacional-MUHBA_2019_visita-guiada-fons-Zona-Franca.jpg\"><img loading=\"lazy\" class=\"size-large wp-image-43671\" src=\"https:\/\/icac.cat\/wp-content\/uploads\/2019\/11\/Reunio-Internacional-MUHBA_2019_visita-guiada-fons-Zona-Franca-1024x683.jpg\" alt=\"Visita guiada als fons MUHBA - Zona Franca (@ ICAC)\" width=\"790\" height=\"527\" srcset=\"https:\/\/icac.cat\/wp-content\/uploads\/2019\/11\/Reunio-Internacional-MUHBA_2019_visita-guiada-fons-Zona-Franca-1024x683.jpg 1024w, https:\/\/icac.cat\/wp-content\/uploads\/2019\/11\/Reunio-Internacional-MUHBA_2019_visita-guiada-fons-Zona-Franca-400x267.jpg 400w\" sizes=\"(max-width: 790px) 100vw, 790px\" \/><\/a><figcaption id=\"caption-attachment-43671\" class=\"wp-caption-text\">Visita guiada al fondo MUHBA &#8211; Zona Franca (@ ICAC)<\/figcaption><\/figure>\n<p>La <strong>visita guiada al fondo del MUHBA &#8211; Zona Franca<\/strong>, que se abri\u00f3 especialmente para la ocasi\u00f3n, permiti\u00f3 a los participantes conocer piezas del museo que no han sido expuestas (como por ejemplo una colecci\u00f3n de fragmentos marm\u00f3reos de diferentes villas excavadas en el <em>Ager Barcinonensis<\/em>), a la vez que se pudieron introducir en el funcionamiento de estos almacenes.<\/p>\n<p>La celebraci\u00f3n de esta reuni\u00f3n de especialistas pone en relieve la buena salud y la vigencia de los <strong>estudios sobre materiales lap\u00eddeos<\/strong>, una l\u00ednea de investigaci\u00f3n puntera en el panorama actual de la investigaci\u00f3n cient\u00edfica y en la que, gracias tambi\u00e9n al camino iniciado por <a href=\"https:\/\/icac.cat\/es\/quienes-somos\/personal\/iroda\/\" target=\"_blank\">Isabel Rod\u00e0 de Llanza<\/a>, nuestro pa\u00eds juega un papel principal.<\/p>\n<figure id=\"attachment_43649\" aria-describedby=\"caption-attachment-43649\" style=\"width: 790px\" class=\"wp-caption aligncenter\"><a href=\"https:\/\/icac.cat\/wp-content\/uploads\/2019\/11\/Reunio-Internacional-MUHBA_2019_grup-participants.jpg\"><img loading=\"lazy\" class=\"size-large wp-image-43649\" src=\"https:\/\/icac.cat\/wp-content\/uploads\/2019\/11\/Reunio-Internacional-MUHBA_2019_grup-participants-1024x576.jpg\" alt=\"Reuni\u00f3 Internacional Barcino-Tarraco-Roma, grup de convidats (@ICAC)\" width=\"790\" height=\"444\" srcset=\"https:\/\/icac.cat\/wp-content\/uploads\/2019\/11\/Reunio-Internacional-MUHBA_2019_grup-participants-1024x576.jpg 1024w, https:\/\/icac.cat\/wp-content\/uploads\/2019\/11\/Reunio-Internacional-MUHBA_2019_grup-participants-400x225.jpg 400w\" sizes=\"(max-width: 790px) 100vw, 790px\" \/><\/a><figcaption id=\"caption-attachment-43649\" class=\"wp-caption-text\">Reuni\u00f3n Internacional Barcino-Tarraco-Roma, grupo de invitados (@ICAC)<\/figcaption><\/figure>\n","protected":false},"excerpt":{"rendered":"<p>La reuni\u00f3n internacional Barcino-Tarraco-Roma\u00a0concluy\u00f3 en Barcelona con un \u00e9xito de asistencia importante. Un centenar de personas se acercaron cada d\u00eda en la sede del MUHBA Pla\u00e7a del Rei para escuchar los y las especialistas en el simbolismo del m\u00e1rmol en el Imperio romano. Con las sesiones de conferencias, se expusieron resultados in\u00e9ditos de investigaciones en [&hellip;]<\/p>\n","protected":false},"author":160,"featured_media":43667,"comment_status":"closed","ping_status":"closed","sticky":false,"template":"","format":"standard","meta":{"_genesis_hide_title":false,"_genesis_hide_breadcrumbs":false,"_genesis_hide_singular_image":false,"_genesis_hide_footer_widgets":false,"_genesis_custom_body_class":"","_genesis_custom_post_class":"","_genesis_layout":""},"categories":[329,335,343,332,323],"tags":[519,566,569,455,567,568,570],"_links":{"self":[{"href":"https:\/\/icac.cat\/es\/wp-json\/wp\/v2\/posts\/43692"}],"collection":[{"href":"https:\/\/icac.cat\/es\/wp-json\/wp\/v2\/posts"}],"about":[{"href":"https:\/\/icac.cat\/es\/wp-json\/wp\/v2\/types\/post"}],"author":[{"embeddable":true,"href":"https:\/\/icac.cat\/es\/wp-json\/wp\/v2\/users\/160"}],"replies":[{"embeddable":true,"href":"https:\/\/icac.cat\/es\/wp-json\/wp\/v2\/comments?post=43692"}],"version-history":[{"count":3,"href":"https:\/\/icac.cat\/es\/wp-json\/wp\/v2\/posts\/43692\/revisions"}],"predecessor-version":[{"id":44028,"href":"https:\/\/icac.cat\/es\/wp-json\/wp\/v2\/posts\/43692\/revisions\/44028"}],"wp:featuredmedia":[{"embeddable":true,"href":"https:\/\/icac.cat\/es\/wp-json\/wp\/v2\/media\/43667"}],"wp:attachment":[{"href":"https:\/\/icac.cat\/es\/wp-json\/wp\/v2\/media?parent=43692"}],"wp:term":[{"taxonomy":"category","embeddable":true,"href":"https:\/\/icac.cat\/es\/wp-json\/wp\/v2\/categories?post=43692"},{"taxonomy":"post_tag","embeddable":true,"href":"https:\/\/icac.cat\/es\/wp-json\/wp\/v2\/tags?post=43692"}],"curies":[{"name":"wp","href":"https:\/\/api.w.org\/{rel}","templated":true}]}}