{"id":4373,"date":"2010-11-17T08:08:06","date_gmt":"2010-11-17T08:08:06","guid":{"rendered":"http:\/\/www.icac.cat\/?post_type=post&#038;p=4373"},"modified":"2015-07-06T16:58:42","modified_gmt":"2015-07-06T16:58:42","slug":"cum-laude-per-a-linvestigador-de-licac-hector-orengo","status":"publish","type":"post","link":"https:\/\/icac.cat\/es\/actualitat\/noticies\/2010\/cum-laude-per-a-linvestigador-de-licac-hector-orengo\/","title":{"rendered":"&#8216;Cum laude&#8217; per a l&#8217;investigador de l&#8217;ICAC H\u00e8ctor Orengo"},"content":{"rendered":"<p>&nbsp;<\/p>\n<p>&nbsp;<\/p>\n<p>&nbsp;<\/p>\n<p><a href=\"https:\/\/icac.cat\/wp-content\/uploads\/images\/stories\/gal.leria\/tesis\/orengo.jpg\"><img loading=\"lazy\" src=\"https:\/\/icac.cat\/wp-content\/uploads\/images\/stories\/gal.leria\/tesis\/orengo.jpg\" border=\"0\" width=\"300\" height=\"225\" style=\"float: right; border: 0;\"><\/a>L&#8217;investigador en formaci\u00f3 de l&#8217;ICAC H\u00e8ctor Orengo va obtenir la qualificaci\u00f3 de<em> cum laude<\/em> per a la seva tesi doctoral, titulada \u00abArqueolog\u00eda de un paisaje cultural pirenaico de alta monta\u00f1a. Din\u00e1micas de ocupaci\u00f3n del valle del Madriu-Perafita-Claror (Andorra)\u00bb, dirigida pel Prof. Josep Maria Palet (Institut Catal\u00e0 d\u2019Arqueologia Cl\u00e0ssica). L&#8217;acte va ser el divendres 19 de novembre de 2010 a les 11 hores a la Sala d\u2019Actes de l\u2019ICAC.<\/p>\n<p>&nbsp;<\/p>\n<p>Aquesta tesi doctoral presenta el resultat de sis anys de recerca arqueol\u00f2gica a la vall de Madriu-Perafita-Claror, patrimoni de la Humanitat per la UNESCO en la categoria de paisatge cultural, amb les metodologies i aproximacions pr\u00f2pies de la recerca en arqueologia del paisatge i amb una metodologia transdisciplinar que integra prospeccions, excavacions, recerca documental, an\u00e0lisis paleoambientals <em>multiproxy <\/em>i altres t\u00e8cniques digitals que han perm\u00e8s reconstruir la hist\u00f2ria d&#8217;aquest paisatge cultural pirenaic d&#8217;alta muntanya des del mesol\u00edtic fins a l&#8217;actualitat.<\/p>\n<p>&nbsp;<\/p>\n<p>El tribunal estava format pel professor Joaqu\u00edn Ruiz de Arbulo (Universitat Rovira i Virgili-Institut Catal\u00e0 d\u2019Arqueologia Cl\u00e0ssica), la professora Christine Rendu (Universitat de Tolosa-Le Mirail), el professor Kevin Walsh (Universitat de York), el professor Ermengol Gassiot Ballb\u00e8 (Universitat Aut\u00f2noma de Barcelona) i la professora Marta Sancho i Planas (Universitat de Barcelona).<\/p>\n<p>&nbsp;<\/p>\n<p>&nbsp;<\/p>\n<p>&nbsp;<\/p>\n<p>&nbsp;<\/p>\n<p>&nbsp;<\/p>\n<p>&nbsp;<\/p>\n<p>&nbsp;<\/p>\n<p>&nbsp;<\/p>\n","protected":false},"excerpt":{"rendered":"<p>El 19 de novembre va defensar la tesi doctoral \u00abArqueolog\u00eda de un paisaje cultural pirenaico de alta monta\u00f1a. Din\u00e1micas de ocupaci\u00f3n del valle del Madriu-Perafita-Claror (Andorra)\u00bb. L&#8217;acte va ser a l\u2019ICAC.<\/p>\n","protected":false},"author":1,"featured_media":0,"comment_status":"closed","ping_status":"closed","sticky":false,"template":"","format":"standard","meta":{"_genesis_hide_title":false,"_genesis_hide_breadcrumbs":false,"_genesis_hide_singular_image":false,"_genesis_hide_footer_widgets":false,"_genesis_custom_body_class":"","_genesis_custom_post_class":"","_genesis_layout":""},"categories":[1],"tags":[],"_links":{"self":[{"href":"https:\/\/icac.cat\/es\/wp-json\/wp\/v2\/posts\/4373"}],"collection":[{"href":"https:\/\/icac.cat\/es\/wp-json\/wp\/v2\/posts"}],"about":[{"href":"https:\/\/icac.cat\/es\/wp-json\/wp\/v2\/types\/post"}],"author":[{"embeddable":true,"href":"https:\/\/icac.cat\/es\/wp-json\/wp\/v2\/users\/1"}],"replies":[{"embeddable":true,"href":"https:\/\/icac.cat\/es\/wp-json\/wp\/v2\/comments?post=4373"}],"version-history":[{"count":1,"href":"https:\/\/icac.cat\/es\/wp-json\/wp\/v2\/posts\/4373\/revisions"}],"predecessor-version":[{"id":9112,"href":"https:\/\/icac.cat\/es\/wp-json\/wp\/v2\/posts\/4373\/revisions\/9112"}],"wp:attachment":[{"href":"https:\/\/icac.cat\/es\/wp-json\/wp\/v2\/media?parent=4373"}],"wp:term":[{"taxonomy":"category","embeddable":true,"href":"https:\/\/icac.cat\/es\/wp-json\/wp\/v2\/categories?post=4373"},{"taxonomy":"post_tag","embeddable":true,"href":"https:\/\/icac.cat\/es\/wp-json\/wp\/v2\/tags?post=4373"}],"curies":[{"name":"wp","href":"https:\/\/api.w.org\/{rel}","templated":true}]}}